{"id":1901700,"date":"2026-04-24T10:22:10","date_gmt":"2026-04-24T07:22:10","guid":{"rendered":"https:\/\/analyse.optim.biz\/?p=1901700"},"modified":"2026-04-24T10:22:10","modified_gmt":"2026-04-24T07:22:10","slug":"criza-politica-starnita-de-psd-pe-scurt-ce-s-a-intamplat-in-ultimele-zile-si-ce-ar-putea-urma","status":"publish","type":"post","link":"https:\/\/analyse.optim.biz\/?p=1901700","title":{"rendered":"Criza politic\u0103 st\u00e2rnit\u0103 de PSD, pe scurt: ce s-a \u00eent\u00e2mplat \u00een ultimele zile \u0219i ce ar putea urma"},"content":{"rendered":"<p>[analyse_image type=&#8221;featured&#8221; src=&#8221;https:\/\/ziardesuceava.ro\/wp-content\/uploads\/2026\/04\/78430-1024&#215;492.jpg&#8221;]<\/p>\n<div class=\"post-content clearfix\">\n<div class=\"blog-post-thumb\"><img loading=\"lazy\" decoding=\"async\" width=\"1140\" height=\"694\" src=\"https:\/\/ziardesuceava.ro\/wp-content\/uploads\/2026\/04\/78430-1140x694.jpg\" class=\"attachment-inhype-blog-thumb size-inhype-blog-thumb wp-post-image\" alt><\/div>\n<div class=\"entry-content\">\n<p>\u201eN\u0103scut\u0103\u201d pe 23 iunie 2025 \u0219i \u201cmoart\u0103\u201d oficial pe 23 aprilie 2026, odat\u0103 cu demisiile PSD din Guvern, Coali\u021bia de guvernare cu PNL-USR-UDMR \u0219i Minorit\u0103\u021bile na\u021bionale a fost sortit\u0103 pieirii \u00eenc\u0103 de la \u00eenceput.<\/p>\n<div>\n<p>\u00cenc\u0103 din primele momente ale noii construc\u021bii politice, rezultat\u0103 dup\u0103 c\u00e2\u0219tigarea alegerilor de c\u0103tre Nicu\u0219or Dan \u0219i justificat\u0103 prin necesitatea unui a\u0219a-zis \u201ccordon sanitar\u201d \u00een fa\u021ba partidelor extremiste de la Bucure\u0219ti,\u00a0PSD s-a ar\u0103tat nemul\u021bumit din primele zile de premierul Ilie Bolojan din cauza disputelor legate \u00een special politicile economice. Ulterior, bugetul de stat pe 2026 a fost pic\u0103tura care a umplut paharul.<\/p>\n<p>Rela\u021bia PSD-PNL, erodat\u0103 \u00eenc\u0103 de pe vremea vechii Coali\u021bii condus\u0103 de Nicolae Ciuc\u0103 \u0219i Marcel Ciolacu (e\u0219ecurile din alegeri pentru ambele partide, cu scoruri ru\u0219inoase ob\u021binute \u00een special de social-democra\u021bi) au dus la un punct culminant acum, c\u00e2nd principalul partid de guvernare a dezertat.<\/p>\n<p><span>Ce s-a \u00eent\u00e2mplat efectiv \u00een ultima s\u0103pt\u0103m\u00e2n\u0103<\/span><\/p>\n<p><span>20 aprilie:<\/span> PSD \u00ee\u0219i retrage sprijinul pentru premier printr-un eveniment care a sem\u0103nat cu unul care aminte\u0219te de perioada Ceau\u0219escu \u0219i marchez\u0103 \u00eenceputul oficial al crizei;<\/p>\n<p><span>21\u201322 aprilie:<\/span>PSD decide retragerea mini\u0219trilor din Guvern, iar Bolojan vorbe\u0219te despre un Guvern minoritar;<\/p>\n<p><span>22 aprilie:<\/span> consult\u0103ri la Cotroceni cu Nicu\u0219or Dan pentru a gestiona criza;<\/p>\n<p><span> 23 aprilie:<\/span> demisiile mini\u0219trilor PSD au fost depuse oficial, iar Guvernul intr\u0103 \u00een \u201cturbulen\u021be\u201d, de\u0219i cu puteri depline. Premierul Ilie Bolojan a numit interimari de la PNL, USR \u0219i UDMR \u0219i promite stabilitate.<\/p>\n<p><span>Ce urmeaz\u0103. Sau ar putea urma<\/span><\/p>\n<p>Efectele imediate sunt pentru Guvernul Bolojan riscul de a fi demis prin mo\u021biune de cenzur\u0103,\u00a0 incertitudine pe reforme \u0219i banii europeni \u0219i presiune pe finan\u021be, plus un deficit \u00een cre\u0219tere. De\u0219i USR \u0219i UDMR au anun\u021bat c\u0103 r\u0103m\u00e2n l\u00e2ng\u0103 premier \u0219i continu\u0103 guvernarea, problema major\u0103 apare \u00een Parlament, unde f\u0103r\u0103 PSD, pe de o parte, sau AUR, pe de alt\u0103 parte, majoritatea este inexistent\u0103.<\/p>\n<p>De\u0219i social-democra\u021bii au promis c\u0103 vor sus\u021bine orice proiect care \u021bine de accederea la OCDE, programul SAFE \u0219i PNRR, p\u00e2n\u0103 la un vot propriu-zis, unde s\u0103 se vad\u0103 acest lucru, totul este incert.<\/p>\n<p>Liderul partidului de extrema dreapt\u0103 AUR, George Simion, a anun\u021bat c\u0103 \u00een luna mai va depune o mo\u021biune de cenzur\u0103. \u0218i social-democra\u021bii, potrivit unor surse politice, iau \u00een calcul acest scenariu pentru a demite p\u00e2n\u0103 mai ieri propriul Guvern. De men\u021bionat c\u0103 \u00een 2017, pe atunci premier, Sorin Grindeanu a fost demis de propriul partid prin mo\u021biune de cenzur\u0103 \u0219i, la fel ca Ilie Bolojan, a declarat c\u0103 nu pleac\u0103 de dragul stabilit\u0103\u021bii.<\/p>\n<p>O alt\u0103 problem\u0103 de care s-ar putea lovi Ilie Bolojan este faptul c\u0103 PSD se g\u00e2nde\u0219te s\u0103 sesizeze Curtea Constitu\u021bional\u0103\u00a0cu privire la un posibil conflict \u00eentre Parlament \u0219i Guvern dup\u0103 ce mini\u0219trii social-democra\u021bi \u0219i-au dat demisia.<\/p>\n<p>Constitu\u021bia nu prevede ce se \u00eent\u00e2mpl\u0103 dac\u0103 un partid se retrage de la guvernare, iar Guvernul devine minoritar, f\u0103r\u0103 sus\u021binere \u00een Parlament, iar PSD ar vrea s\u0103 afle de la judec\u0103torii CCR dac\u0103 Bolojan nu ar trebui s\u0103 cear\u0103 un vot de \u00eencredere de la senatori \u0219i deputa\u021bi.<\/p>\n<p>Dorin\u021ba declarat\u0103 at\u00e2t de pre\u0219edintele Nicu\u0219or Dan, c\u00e2t \u0219i de partidele care p\u00e2n\u0103 recent au format o Coali\u021bie este s\u0103 se \u021bin\u0103 departe de alian\u021be cu AUR. Dac\u0103 merg pe drumuri separate, at\u00e2t pentru social-democra\u021bi, c\u00e2t \u0219i pentru cei din PNL, USR \u0219i UDMR va fi extrem de greu s\u0103 adune majoritatea necesar\u0103 \u00een Parlament f\u0103r\u0103 AUR pentru a instala un nou Guvern, ori pentru a-l revalida pe cel actual.<\/p>\n<p>Penultima carte este la pre\u0219edinte, care are pe mas\u0103 trei scenarii simple: merge tot pe m\u00e2n\u0103 lui Ilie Bolojan, care e \u0219i \u0219eful PNL, desemneaz\u0103 un alt premier de la PNL \u0219i, posibil, PSD revine la masa puterii, desemneaz\u0103 un premier social-democrat, ori vine cu un nume de tehnocrat. Ultima carte o are Parlamentul, unde negocierile \u0219i jocurile politice fac sau desfac majorit\u0103\u021bi.<\/p>\n<\/div>\n<\/div>\n<div class=\"inhype-social-share-fixed sidebar-position-right\">\n<div class=\"post-social-wrapper\">\n<div class=\"post-social-title\"><span class=\"post-social-title-text\">Share<\/span><\/div>\n<\/div>\n<\/div>\n<\/div>\n<p>[analyse_source url=&#8221;https:\/\/ziardesuceava.ro\/criza-politica-starnita-de-psd-pe-scurt-ce-s-a-intamplat-in-ultimele-zile-si-ce-ar-putea-urma\/&#8221;]<\/p>\n","protected":false},"excerpt":{"rendered":"<p>[analyse_image type=&#8221;featured&#8221; src=&#8221;https:\/\/ziardesuceava.ro\/wp-content\/uploads\/2026\/04\/78430-1024&#215;492.jpg&#8221;] \u201eN\u0103scut\u0103\u201d pe 23 iunie 2025 \u0219i \u201cmoart\u0103\u201d oficial pe 23 aprilie 2026, odat\u0103 cu demisiile PSD din Guvern, Coali\u021bia de guvernare cu PNL-USR-UDMR \u0219i Minorit\u0103\u021bile na\u021bionale a fost sortit\u0103 pieirii \u00eenc\u0103 de la \u00eenceput. \u00cenc\u0103 din primele momente ale noii construc\u021bii politice, rezultat\u0103 dup\u0103 c\u00e2\u0219tigarea alegerilor de c\u0103tre Nicu\u0219or Dan \u0219i justificat\u0103 [&hellip;]<\/p>\n","protected":false},"author":1,"featured_media":0,"comment_status":"open","ping_status":"","sticky":false,"template":"","format":"standard","meta":{"footnotes":""},"categories":[89],"tags":[226,171],"class_list":["post-1901700","post","type-post","status-publish","format-standard","hentry","category-romania","tag-crawlmanager","tag-ziardesuceava-ro"],"_links":{"self":[{"href":"https:\/\/analyse.optim.biz\/index.php?rest_route=\/wp\/v2\/posts\/1901700","targetHints":{"allow":["GET"]}}],"collection":[{"href":"https:\/\/analyse.optim.biz\/index.php?rest_route=\/wp\/v2\/posts"}],"about":[{"href":"https:\/\/analyse.optim.biz\/index.php?rest_route=\/wp\/v2\/types\/post"}],"author":[{"embeddable":true,"href":"https:\/\/analyse.optim.biz\/index.php?rest_route=\/wp\/v2\/users\/1"}],"replies":[{"embeddable":true,"href":"https:\/\/analyse.optim.biz\/index.php?rest_route=%2Fwp%2Fv2%2Fcomments&post=1901700"}],"version-history":[{"count":0,"href":"https:\/\/analyse.optim.biz\/index.php?rest_route=\/wp\/v2\/posts\/1901700\/revisions"}],"wp:attachment":[{"href":"https:\/\/analyse.optim.biz\/index.php?rest_route=%2Fwp%2Fv2%2Fmedia&parent=1901700"}],"wp:term":[{"taxonomy":"category","embeddable":true,"href":"https:\/\/analyse.optim.biz\/index.php?rest_route=%2Fwp%2Fv2%2Fcategories&post=1901700"},{"taxonomy":"post_tag","embeddable":true,"href":"https:\/\/analyse.optim.biz\/index.php?rest_route=%2Fwp%2Fv2%2Ftags&post=1901700"}],"curies":[{"name":"wp","href":"https:\/\/api.w.org\/{rel}","templated":true}]}}