{"id":1901699,"date":"2026-04-24T09:21:28","date_gmt":"2026-04-24T06:21:28","guid":{"rendered":"https:\/\/analyse.optim.biz\/?p=1901699"},"modified":"2026-04-24T09:21:28","modified_gmt":"2026-04-24T06:21:28","slug":"lia-savonea-a-scapat-un-interlop-de-inchisoare-in-timp-ce-era-asociata-cu-rudele-lui-in-afaceri","status":"publish","type":"post","link":"https:\/\/analyse.optim.biz\/?p=1901699","title":{"rendered":"Lia Savonea a sc\u0103pat un interlop de \u00eenchisoare \u00een timp ce era asociat\u0103 cu rudele lui \u00een afaceri"},"content":{"rendered":"<p>[analyse_image type=&#8221;featured&#8221; src=&#8221;https:\/\/ziardesuceava.ro\/wp-content\/uploads\/2026\/04\/78437-1024&#215;683.jpg&#8221;]<\/p>\n<div class=\"post-content clearfix\">\n<div class=\"blog-post-thumb\"><img loading=\"lazy\" decoding=\"async\" width=\"1140\" height=\"694\" src=\"https:\/\/ziardesuceava.ro\/wp-content\/uploads\/2026\/04\/78437-1140x694.jpg\" class=\"attachment-inhype-blog-thumb size-inhype-blog-thumb wp-post-image\" alt><\/div>\n<div class=\"entry-content\">\n<div>\n<p class=\"fara-orfani lead\">O investiga\u021bie Rise Project arat\u0103 c\u0103 Lia Savonea, \u0219efa \u00cenaltei Cur\u021bi de Casa\u021bie \u0219i Justi\u021bie, a sc\u0103pat un interlop de la \u00eenchisoare \u00een timp ce era asociat\u0103 cu rudele lui \u00een afaceri imobiliare.<\/p>\n<div class=\"continut-articol\">\n<p>\u2013 O decizie a unui complet prezidat de judec\u0103toarea Lia Savonea a r\u0103mas timp de 12 ani un secret \u00een cariera acesteia.\u00a0<\/p>\n<p>\u2013 Un nepot recidivist al primarului din Chiajna a fost achitat de completul prezidat de Savonea dup\u0103 ce fusese condamnat la 7 ani de \u00eenchisoare pentru t\u00e2lh\u0103rie.\u00a0<\/p>\n<p>\u2013 Dar decizia de achitare are dou\u0103 motiv\u0103ri diferite, una online \u0219i alta la dosar, o situa\u021bie f\u0103r\u0103 precedent pentru magistra\u021bii cu care am discutat pe marginea acestui subiect, care reclam\u0103\u00a0\u00een acest caz o infrac\u021biune de fals intelectual.\u00a0<\/p>\n<p>\u2013 \u00cen plus, componen\u021ba completului a fost schimbat\u0103 chiar \u00eenainte de decizia final\u0103.\u00a0\u00a0<\/p>\n<p>\u2013 Lia Savonea \u0219i un apropiat al ei au intrat um\u0103r la um\u0103r \u00een dosar, dup\u0103 ce au propus \u0219i au aprobat modificarea completului.\u00a0<\/p>\n<p>\u2013 Administrarea probelor era deja finalizat\u0103 de al\u021bi judec\u0103tori. Exper\u021bii consulta\u021bi de RISE sus\u021bin c\u0103 suntem \u00een fa\u021ba unui posibil caz de abuz \u00een serviciu pentru c\u0103 a fost \u00eenc\u0103lcat principiul continuit\u0103\u021bii completului \u0219i schimbarea componen\u021bei f\u0103r\u0103 o justificare temeinic\u0103.\u00a0<\/p>\n<p>\u2013 La momentul la care d\u0103dea solu\u021bia de achitare, Savonea era asociat\u0103 de 7 ani pe un teren din Chiajna chiar cu unchiul interlopului.<\/p>\n<p>Detalii, pe Rise Project.<\/p>\n<\/div>\n<\/div>\n<\/div>\n<div class=\"inhype-social-share-fixed sidebar-position-right\">\n<div class=\"post-social-wrapper\">\n<div class=\"post-social-title\"><span class=\"post-social-title-text\">Share<\/span><\/div>\n<\/div>\n<\/div>\n<\/div>\n<p>[analyse_source url=&#8221;https:\/\/ziardesuceava.ro\/lia-savonea-a-scapat-un-interlop-de-inchisoare-in-timp-ce-era-asociata-cu-rudele-lui-in-afaceri\/&#8221;]<\/p>\n","protected":false},"excerpt":{"rendered":"<p>[analyse_image type=&#8221;featured&#8221; src=&#8221;https:\/\/ziardesuceava.ro\/wp-content\/uploads\/2026\/04\/78437-1024&#215;683.jpg&#8221;] O investiga\u021bie Rise Project arat\u0103 c\u0103 Lia Savonea, \u0219efa \u00cenaltei Cur\u021bi de Casa\u021bie \u0219i Justi\u021bie, a sc\u0103pat un interlop de la \u00eenchisoare \u00een timp ce era asociat\u0103 cu rudele lui \u00een afaceri imobiliare. \u2013 O decizie a unui complet prezidat de judec\u0103toarea Lia Savonea a r\u0103mas timp de 12 ani un secret [&hellip;]<\/p>\n","protected":false},"author":1,"featured_media":0,"comment_status":"open","ping_status":"","sticky":false,"template":"","format":"standard","meta":{"footnotes":""},"categories":[89],"tags":[226,171],"class_list":["post-1901699","post","type-post","status-publish","format-standard","hentry","category-romania","tag-crawlmanager","tag-ziardesuceava-ro"],"_links":{"self":[{"href":"https:\/\/analyse.optim.biz\/index.php?rest_route=\/wp\/v2\/posts\/1901699","targetHints":{"allow":["GET"]}}],"collection":[{"href":"https:\/\/analyse.optim.biz\/index.php?rest_route=\/wp\/v2\/posts"}],"about":[{"href":"https:\/\/analyse.optim.biz\/index.php?rest_route=\/wp\/v2\/types\/post"}],"author":[{"embeddable":true,"href":"https:\/\/analyse.optim.biz\/index.php?rest_route=\/wp\/v2\/users\/1"}],"replies":[{"embeddable":true,"href":"https:\/\/analyse.optim.biz\/index.php?rest_route=%2Fwp%2Fv2%2Fcomments&post=1901699"}],"version-history":[{"count":0,"href":"https:\/\/analyse.optim.biz\/index.php?rest_route=\/wp\/v2\/posts\/1901699\/revisions"}],"wp:attachment":[{"href":"https:\/\/analyse.optim.biz\/index.php?rest_route=%2Fwp%2Fv2%2Fmedia&parent=1901699"}],"wp:term":[{"taxonomy":"category","embeddable":true,"href":"https:\/\/analyse.optim.biz\/index.php?rest_route=%2Fwp%2Fv2%2Fcategories&post=1901699"},{"taxonomy":"post_tag","embeddable":true,"href":"https:\/\/analyse.optim.biz\/index.php?rest_route=%2Fwp%2Fv2%2Ftags&post=1901699"}],"curies":[{"name":"wp","href":"https:\/\/api.w.org\/{rel}","templated":true}]}}