{"id":1901698,"date":"2026-04-24T06:25:09","date_gmt":"2026-04-24T03:25:09","guid":{"rendered":"https:\/\/analyse.optim.biz\/?p=1901698"},"modified":"2026-04-24T06:25:09","modified_gmt":"2026-04-24T03:25:09","slug":"ocalele-diferite-ale-dna-kovesi-subjuga-procurorii-anticoruptie-cu-jurisdictia-superioara-bagandu-i-in-cioace-politice-cata-spaga-duce-acasa-un-premier-la-final-de-mandat","status":"publish","type":"post","link":"https:\/\/analyse.optim.biz\/?p=1901698","title":{"rendered":"Ocalele diferite ale DNA. Kovesi subjug\u01ce procurorii anticorup\u021bie cu jurisdic\u021bia superioar\u01ce b\u01ceg\u00e2ndu-i \u00een cioace politice. C\u00e2t\u01ce \u015fpag\u01ce duce acas\u01ce un premier la final de mandat?"},"content":{"rendered":"<p>[analyse_image type=&#8221;featured&#8221; src=&#8221;https:\/\/ziardesuceava.ro\/wp-content\/uploads\/2026\/04\/648841411_4335208056697458_1692121869179241559_n-1024&#215;1024.jpg&#8221;]<\/p>\n<div class=\"post-content clearfix\">\n<div class=\"blog-post-thumb\"><img loading=\"lazy\" decoding=\"async\" width=\"1140\" height=\"694\" src=\"https:\/\/ziardesuceava.ro\/wp-content\/uploads\/2026\/04\/648841411_4335208056697458_1692121869179241559_n-1140x694.jpg\" class=\"attachment-inhype-blog-thumb size-inhype-blog-thumb wp-post-image\" alt><\/div>\n<div class=\"entry-content\">\n<p>\u00cen ultimele luni se vede o fragmentare a centrelor de putere, iar competi\u021bia dintre ele se duce pe toate canalele disponibile: pres\u0103, anchete, scurgeri controlate, instrumente administrative. Nu e un \u201estat paralel\u201d monolitic, ci o re\u021bea de grupuri cu agende diferite, care \u00ee\u0219i testeaz\u0103 influen\u021ba \u00eentr-un context de sl\u0103biciune politic\u0103. Zgomotul public e mare, dar nu m\u0103 intereseaz\u0103 perdelele de fum; \u00eencerc s\u0103 separ faptele verificabile de nara\u021biunile convenabile.<\/p>\n<p>Avem o situa\u021bie interesant\u0103 \u00een ultimele luni la Cluj-Napoca, \u00ee\u021bi \u201eia bila\u201d: DNA Cluj, serviciu teritorial care acoper\u0103, evident, Clujul, dar \u0219i Bistri\u021ba-N\u0103s\u0103ud \u0219i S\u0103lajul, a dat lovituri de neimaginat.<\/p>\n<div class=\"captioned-image-container\">\n<figure>\n<div class=\"image2-inset\"><source srcset=\"https:\/\/substackcdn.com\/image\/fetch\/$s_!RxGk!,w_424,c_limit,f_webp,q_auto:good,fl_progressive:steep\/https%3A%2F%2Fsubstack-post-media.s3.amazonaws.com%2Fpublic%2Fimages%2F15e2991d-d718-4b60-abe2-a3010e800bf6_662x488.png 424w, https:\/\/substackcdn.com\/image\/fetch\/$s_!RxGk!,w_848,c_limit,f_webp,q_auto:good,fl_progressive:steep\/https%3A%2F%2Fsubstack-post-media.s3.amazonaws.com%2Fpublic%2Fimages%2F15e2991d-d718-4b60-abe2-a3010e800bf6_662x488.png 848w, https:\/\/substackcdn.com\/image\/fetch\/$s_!RxGk!,w_1272,c_limit,f_webp,q_auto:good,fl_progressive:steep\/https%3A%2F%2Fsubstack-post-media.s3.amazonaws.com%2Fpublic%2Fimages%2F15e2991d-d718-4b60-abe2-a3010e800bf6_662x488.png 1272w, https:\/\/substackcdn.com\/image\/fetch\/$s_!RxGk!,w_1456,c_limit,f_webp,q_auto:good,fl_progressive:steep\/https%3A%2F%2Fsubstack-post-media.s3.amazonaws.com%2Fpublic%2Fimages%2F15e2991d-d718-4b60-abe2-a3010e800bf6_662x488.png 1456w\" type=\"image\/webp\" sizes=\"100vw\" \/><\/div>\n<\/figure>\n<\/div>\n<p>Ieri, dintr-o singur\u0103 mi\u0219care, a scos din joc doi pre\u0219edin\u021bi de Consilii Jude\u021bene din partide diferite \u2013 PSD \u0219i PNL: pe Radu Moldovan, \u0219ef peste jude\u021bul Bistri\u021ba-N\u0103s\u0103ud, \u0219i pe c\u00e2nt\u0103re\u021bul de muzic\u0103 popular\u0103 Dinu Iancu S\u0103l\u0103janu, \u0219eful jude\u021bului S\u0103laj.<\/p>\n<div class=\"captioned-image-container\">\n<figure>\n<div class=\"image2-inset\"><source srcset=\"https:\/\/substackcdn.com\/image\/fetch\/$s_!_d-d!,w_424,c_limit,f_webp,q_auto:good,fl_progressive:steep\/https%3A%2F%2Fsubstack-post-media.s3.amazonaws.com%2Fpublic%2Fimages%2F7479a335-e503-4d26-9467-d9d0a2b6f715_1674x946.png 424w, https:\/\/substackcdn.com\/image\/fetch\/$s_!_d-d!,w_848,c_limit,f_webp,q_auto:good,fl_progressive:steep\/https%3A%2F%2Fsubstack-post-media.s3.amazonaws.com%2Fpublic%2Fimages%2F7479a335-e503-4d26-9467-d9d0a2b6f715_1674x946.png 848w, https:\/\/substackcdn.com\/image\/fetch\/$s_!_d-d!,w_1272,c_limit,f_webp,q_auto:good,fl_progressive:steep\/https%3A%2F%2Fsubstack-post-media.s3.amazonaws.com%2Fpublic%2Fimages%2F7479a335-e503-4d26-9467-d9d0a2b6f715_1674x946.png 1272w, https:\/\/substackcdn.com\/image\/fetch\/$s_!_d-d!,w_1456,c_limit,f_webp,q_auto:good,fl_progressive:steep\/https%3A%2F%2Fsubstack-post-media.s3.amazonaws.com%2Fpublic%2Fimages%2F7479a335-e503-4d26-9467-d9d0a2b6f715_1674x946.png 1456w\" type=\"image\/webp\" sizes=\"100vw\" \/><\/div>\n<\/figure>\n<\/div>\n<div class=\"captioned-image-container\">\n<figure>\n<div class=\"image2-inset\"><source srcset=\"https:\/\/substackcdn.com\/image\/fetch\/$s_!ombP!,w_424,c_limit,f_webp,q_auto:good,fl_progressive:steep\/https%3A%2F%2Fsubstack-post-media.s3.amazonaws.com%2Fpublic%2Fimages%2F08cc28ce-80b8-42f3-bc62-453f3562a969_1956x1324.png 424w, https:\/\/substackcdn.com\/image\/fetch\/$s_!ombP!,w_848,c_limit,f_webp,q_auto:good,fl_progressive:steep\/https%3A%2F%2Fsubstack-post-media.s3.amazonaws.com%2Fpublic%2Fimages%2F08cc28ce-80b8-42f3-bc62-453f3562a969_1956x1324.png 848w, https:\/\/substackcdn.com\/image\/fetch\/$s_!ombP!,w_1272,c_limit,f_webp,q_auto:good,fl_progressive:steep\/https%3A%2F%2Fsubstack-post-media.s3.amazonaws.com%2Fpublic%2Fimages%2F08cc28ce-80b8-42f3-bc62-453f3562a969_1956x1324.png 1272w, https:\/\/substackcdn.com\/image\/fetch\/$s_!ombP!,w_1456,c_limit,f_webp,q_auto:good,fl_progressive:steep\/https%3A%2F%2Fsubstack-post-media.s3.amazonaws.com%2Fpublic%2Fimages%2F08cc28ce-80b8-42f3-bc62-453f3562a969_1956x1324.png 1456w\" type=\"image\/webp\" sizes=\"100vw\" \/><\/div>\n<\/figure>\n<\/div>\n<p>\u00a0<\/p>\n<p>De ce erau de neimaginat aceste lovituri? V\u0103 spun imediat.<\/p>\n<p>Dar s\u0103 v\u0103 reamintesc c\u0103 DNA Cluj nu s-a limitat, \u00een ultima vreme, la lovituri regionale; aceast\u0103 sec\u021bie a bifat \u0219i arestarea lui Cristian Anton de la ARR, considerat o pies\u0103 de intermediere \u00een zona lui Sorin Grindeanu \u2013 episodul cu banii ascun\u0219i \u00een cutia de pantofi a devenit deja notoriu.<\/p>\n<div class=\"captioned-image-container\">\n<figure>\n<div class=\"image2-inset\"><source srcset=\"https:\/\/substackcdn.com\/image\/fetch\/$s_!MkO-!,w_424,c_limit,f_webp,q_auto:good,fl_progressive:steep\/https%3A%2F%2Fsubstack-post-media.s3.amazonaws.com%2Fpublic%2Fimages%2F1127244e-00a5-4fa7-9d23-42ee5859c4b2_726x532.png 424w, https:\/\/substackcdn.com\/image\/fetch\/$s_!MkO-!,w_848,c_limit,f_webp,q_auto:good,fl_progressive:steep\/https%3A%2F%2Fsubstack-post-media.s3.amazonaws.com%2Fpublic%2Fimages%2F1127244e-00a5-4fa7-9d23-42ee5859c4b2_726x532.png 848w, https:\/\/substackcdn.com\/image\/fetch\/$s_!MkO-!,w_1272,c_limit,f_webp,q_auto:good,fl_progressive:steep\/https%3A%2F%2Fsubstack-post-media.s3.amazonaws.com%2Fpublic%2Fimages%2F1127244e-00a5-4fa7-9d23-42ee5859c4b2_726x532.png 1272w, https:\/\/substackcdn.com\/image\/fetch\/$s_!MkO-!,w_1456,c_limit,f_webp,q_auto:good,fl_progressive:steep\/https%3A%2F%2Fsubstack-post-media.s3.amazonaws.com%2Fpublic%2Fimages%2F1127244e-00a5-4fa7-9d23-42ee5859c4b2_726x532.png 1456w\" type=\"image\/webp\" sizes=\"100vw\" \/><\/div>\n<\/figure>\n<\/div>\n<p>Ar fi trebuit chiar atunci s\u0103 v\u0103 pune\u021bi \u00eentrebarea: bre, ce c\u0103cat e asta, de ce face Clujul dosare na\u021bionale \u00een locul DNA Bucure\u0219ti? Nu c\u0103 e ceva r\u0103u, hahaha, nu m\u0103 \u00een\u021belege\u021bi gre\u0219it, dar nici bine nu e din urm\u0103torul considerent: \u0219i acest dosar cu ARR, \u0219i \u201cscandalul de corup\u021bie\u201d de la Bistri\u021ba-N\u0103s\u0103ud sunt \u00een fapt ciocane penale date cu manta ca s\u0103 \u00een\u021beleag\u0103 politicul. Sau ca anume politicieni sau partide s\u0103 se supun\u0103.<\/p>\n<p>De exemplu, \u00een cazul dosarului ARR, Grindeanu s\u0103 \u00een\u021beleag\u0103 c\u0103 el urmeaz\u0103 \u0219i s\u0103 nu \u00eei retrag\u0103 sprijinul lui Bolojan.<\/p>\n<p>N-a prea \u021binut cioc\u0103neala, c\u0103 are \u0219i Grindeanu spate de la securicii lui. Dar un om important de-al lui Grindeanu a fost sacrificat, distrus total.<\/p>\n<p>Cineva, nu spui \u021bine, persoan\u0103 important\u0103, al c\u0103rei nume \u00eencepe cu L \u0219i continu\u0103 cu aura Codru\u021ba Kovesi, se joac\u0103 iar de-a dosariada \u00eencerc\u00e2nd s\u0103 \u00eel apere pe Bolojan de o posibil\u0103 mo\u021biune de cenzur\u0103.<\/p>\n<p>Poate c\u0103 la ARR nu v-a\u021bi dat seama c\u0103 e (\u0219i) doamna Laura \u00een schema de asmu\u021bire a procurorilor. Dar ieri semnul a fost evident c\u00e2nd, \u00een presa pupincurist\u0103 de DNA, s-a \u201cspart\u201d informa\u021bia c\u0103, dintre puzderiile de perchezi\u021bii ce au avut loc doar una nu va fi \u00een Rom\u00e2nia, ci \u00een Fran\u021ba, la cererea Parchetului European, adic\u0103 a doamnei Laura, pentru a investiga posibile de\u021bineri mascate de propriet\u0103\u021bi valoroase ale lui Radu Moldovan, \u0219eful Consiliului Jude\u021bean Bistri\u021ba-N\u0103s\u0103ud.<\/p>\n<p>Semnul \u0219i mai evident c\u0103 discut\u0103m despre un \u0219antaj elaborat al procurorimii asupra politicului e c\u0103 Radu Moldovan, \u0219eful CJ Bistri\u021ba-N\u0103s\u0103ud, n-a fost audiat nici p\u00e2n\u0103 la aceast\u0103 or\u0103 \u00een dosarul \u201cde corup\u021bie\u201d, nu are nicio calitate \u00een el, cu a fost doar uns cu c\u0103cat mediatic prin faptul c\u0103 i-a fost \u201cdescins\u0103\u201d casa, at\u00e2t doar c\u00e2t s\u0103 apar\u0103 poze cu el cum e \u201cfezandat\u201d \u0219i, la \u201ccolaterale\u201d, procurorii i-au re\u021binut \u0219oferul, hahaha, \u0219i ceva func\u021bionari din CJ. Dar nu el.<\/p>\n<p>Radu Moldovan a \u00een\u021beles \u201cmesajul\u201d \u0219i \u0219i-a dat demisia din func\u021bia de pre\u0219edinte al filialei PSD Bistri\u021ba-N\u0103s\u0103ud. E \u0219i o invita\u021bie la \u201cnegociere\u201d cu \u201csistemul\u201d, probabil c\u0103 nu vom \u0219ti niciodat\u0103 ce \u0219i cum, dar ave\u021bi \u00eencredere \u00een mine \u00een aceast\u0103 \u201ctraducere\u201d a situa\u021biei.<\/p>\n<p>Imediat vi-l \u201cdesfac\u201d \u0219i pe \u0103la de la S\u0103laj, dar situa\u021bia din Bistri\u021ba-N\u0103s\u0103ud e cea mai interesant\u0103.<\/p>\n<p>De ce? Fiindc\u0103 Radu Moldovan avea cea mai \u00eenalt\u0103 protec\u021bie anti-dosare posibil\u0103 \u00een regiune: protec\u021bia Grupului de la Cluj.<\/p>\n<p>\u0218i cineva s-a pisat pe protec\u021bia aia \u0219i a demonstrat c\u0103 ea nu mai e valabil\u0103.<\/p>\n<p>Acum c\u00e2teva zile, Radu Moldovan vitupera cu argumente de altfel corecte \u00eempotriva lui Bolojan, supravegheat de mentorul s\u0103u politic Vasile D\u00e2ncu.<\/p>\n<div class=\"captioned-image-container\">\n<figure>\n<div class=\"image2-inset\"><source srcset=\"https:\/\/substackcdn.com\/image\/fetch\/$s_!5FYR!,w_424,c_limit,f_webp,q_auto:good,fl_progressive:steep\/https%3A%2F%2Fsubstack-post-media.s3.amazonaws.com%2Fpublic%2Fimages%2Ffdcfe3f2-227e-4950-bed0-b51341cbcbba_1125x2190.jpeg 424w, https:\/\/substackcdn.com\/image\/fetch\/$s_!5FYR!,w_848,c_limit,f_webp,q_auto:good,fl_progressive:steep\/https%3A%2F%2Fsubstack-post-media.s3.amazonaws.com%2Fpublic%2Fimages%2Ffdcfe3f2-227e-4950-bed0-b51341cbcbba_1125x2190.jpeg 848w, https:\/\/substackcdn.com\/image\/fetch\/$s_!5FYR!,w_1272,c_limit,f_webp,q_auto:good,fl_progressive:steep\/https%3A%2F%2Fsubstack-post-media.s3.amazonaws.com%2Fpublic%2Fimages%2Ffdcfe3f2-227e-4950-bed0-b51341cbcbba_1125x2190.jpeg 1272w, https:\/\/substackcdn.com\/image\/fetch\/$s_!5FYR!,w_1456,c_limit,f_webp,q_auto:good,fl_progressive:steep\/https%3A%2F%2Fsubstack-post-media.s3.amazonaws.com%2Fpublic%2Fimages%2Ffdcfe3f2-227e-4950-bed0-b51341cbcbba_1125x2190.jpeg 1456w\" type=\"image\/webp\" sizes=\"100vw\" \/><\/div>\n<\/figure>\n<\/div>\n<p>Ieri, procurorii DNA Cluj ii \u201cm\u01ceturau\u201d casa.<\/p>\n<div class=\"captioned-image-container\">\n<figure>\n<div class=\"image2-inset\"><source srcset=\"https:\/\/substackcdn.com\/image\/fetch\/$s_!8AlO!,w_424,c_limit,f_webp,q_auto:good,fl_progressive:steep\/https%3A%2F%2Fsubstack-post-media.s3.amazonaws.com%2Fpublic%2Fimages%2F72ab8820-f728-47ba-bab3-11d74488c02f_600x686.png 424w, https:\/\/substackcdn.com\/image\/fetch\/$s_!8AlO!,w_848,c_limit,f_webp,q_auto:good,fl_progressive:steep\/https%3A%2F%2Fsubstack-post-media.s3.amazonaws.com%2Fpublic%2Fimages%2F72ab8820-f728-47ba-bab3-11d74488c02f_600x686.png 848w, https:\/\/substackcdn.com\/image\/fetch\/$s_!8AlO!,w_1272,c_limit,f_webp,q_auto:good,fl_progressive:steep\/https%3A%2F%2Fsubstack-post-media.s3.amazonaws.com%2Fpublic%2Fimages%2F72ab8820-f728-47ba-bab3-11d74488c02f_600x686.png 1272w, https:\/\/substackcdn.com\/image\/fetch\/$s_!8AlO!,w_1456,c_limit,f_webp,q_auto:good,fl_progressive:steep\/https%3A%2F%2Fsubstack-post-media.s3.amazonaws.com%2Fpublic%2Fimages%2F72ab8820-f728-47ba-bab3-11d74488c02f_600x686.png 1456w\" type=\"image\/webp\" sizes=\"100vw\" \/><\/div>\n<\/figure>\n<\/div>\n<p>Radu Moldovan anun\u021base c\u0103 inten\u021bioneaz\u0103 s\u0103 se retrag\u0103 din politic\u0103 la finele mandatului, sper\u00e2nd la un final clean-cut de carier\u0103 \u00een administra\u021bie \u0219i politic\u0103, de multe ori la cel mai \u00eenalt nivel. Dar cred c\u0103 nici prin creanga min\u021bii nu credea c\u0103 o s\u0103 ias\u0103 \u00een acest fel \u0219i v\u0103 spun asta fiindc\u0103 am mai multe motive:<\/p>\n<ul>\n<li>Radu Moldovan \u00eentotdeauna \u0219i-a negociat colabor\u0103ri lucrative pentru \u201elini\u0219te\u201d \u2013 c\u0103 a fost Grupul de la Cluj, c\u0103 a fost orice conducere mare la PSD na\u021bional, c\u0103 au fost factori locali \u2013 el a fost mereu omul negocierii, foarte rar a ie\u0219it \u00een ultimii 25 de ani la r\u0103zboaie \u201epe fa\u021b\u0103\u201d.<\/li>\n<li>Ur\u0103sc zicala aia stupid\u0103 \u201ea furat, dar a \u0219i f\u0103cut\u201d, care oglinde\u0219te resemnarea unui popor cretin cum e al nostru. Nu \u0219tiu dac\u0103 Moldovan a furat, deocamdat\u0103 nu are nicio calitate \u00een dosar, cel mai probabil, \u00een zilele urm\u0103toare va \u00eencepe \u201eabatorizarea\u201d sa mediatic\u0103 prin intercept\u0103ri scurse \u00een pres\u0103, prin ventilarea de detalii despre nu \u0219tiu ce gagic\u0103 sau nu \u0219tiu ce bani. Bre, dac\u0103 a furat, s\u0103 pl\u0103teasc\u0103. Dar p\u00e2n\u0103 la proba contrarie, c\u0103ci aici nu discut\u0103m \u00eenc\u0103 dec\u00e2t de pove\u0219ti, nu de un flagrant, cum a fost cazul martalogului de la Vaslui, \u0103la de a fost prins cu milionul de lei \u00een portbagajul de la Duster, Radu Moldovan este cel mai performant pre\u0219edinte de consiliu jude\u021bean din Rom\u00e2nia din ultimii 15 ani. Pe bune \u0219i pe verificatelea: sute de kilometri de drumuri jude\u021bene modernizate prin proiecte finan\u021bate din fonduri europene, investi\u021bii masive \u00een Spitalul Jude\u021bean de Urgen\u021b\u0103 Bistri\u021ba, inclusiv construirea unei aripi noi, modernizarea Unit\u0103\u021bii de Primiri Urgen\u021be (UPU), a heliportului \u0219i dotarea cu echipamente medicale de ultim\u0103 genera\u021bie. Ia \u00eentreba\u021bi-i voi pe \u0219efii de consilii jude\u021bene de la voi din zon\u0103 de ce nu ave\u021bi a\u0219a ceva \u00een jude\u021b?\n<div class=\"captioned-image-container\">\n<figure>\n<div class=\"image2-inset\"><source srcset=\"https:\/\/substackcdn.com\/image\/fetch\/$s_!x1WD!,w_424,c_limit,f_webp,q_auto:good,fl_progressive:steep\/https%3A%2F%2Fsubstack-post-media.s3.amazonaws.com%2Fpublic%2Fimages%2F656f4771-3cb2-4940-bf01-db479a5f80c0_1328x992.png 424w, https:\/\/substackcdn.com\/image\/fetch\/$s_!x1WD!,w_848,c_limit,f_webp,q_auto:good,fl_progressive:steep\/https%3A%2F%2Fsubstack-post-media.s3.amazonaws.com%2Fpublic%2Fimages%2F656f4771-3cb2-4940-bf01-db479a5f80c0_1328x992.png 848w, https:\/\/substackcdn.com\/image\/fetch\/$s_!x1WD!,w_1272,c_limit,f_webp,q_auto:good,fl_progressive:steep\/https%3A%2F%2Fsubstack-post-media.s3.amazonaws.com%2Fpublic%2Fimages%2F656f4771-3cb2-4940-bf01-db479a5f80c0_1328x992.png 1272w, https:\/\/substackcdn.com\/image\/fetch\/$s_!x1WD!,w_1456,c_limit,f_webp,q_auto:good,fl_progressive:steep\/https%3A%2F%2Fsubstack-post-media.s3.amazonaws.com%2Fpublic%2Fimages%2F656f4771-3cb2-4940-bf01-db479a5f80c0_1328x992.png 1456w\" type=\"image\/webp\" sizes=\"100vw\" \/><\/div>\n<\/figure>\n<\/div>\n<\/li>\n<\/ul>\n<p>Impresia mea este c\u0103 tot din Cluj-Napoca i se trage lui Moldovan, \u0219i nu numai de la DNA Cluj, ci de la un membru deraiat al Grupului de la Cluj, care are ast\u0103zi alte interese pentru sine \u0219i pupilul lui, Mircea Abrudean, dar \u0219i \u00een sus\u021binerea lui Ilie Bolojan.<\/p>\n<p>S\u0103 mergem mai departe cu povestea \u0219i s\u0103 v\u0103 spun de ce a picat \u00een nas papagalul de Dinu Iancu S\u0103l\u0103janu, c\u00e2nteca\u0219ul pus la \u0219efia CJ S\u0103laj de PNL. De aia a picat, fiindc\u0103 doamna Kovesi joac\u0103 \u0219i \u0219ah, \u0219i biliard penal cu manta, iar S\u0103l\u0103janu e un mesaj colateral \u0219i el pentru Lucian Bode, un cui tare \u00eempotriva lui Bolojan \u00een interiorul PNL.<\/p>\n<p>Ca s\u0103 \u00eel \u201efezandeze\u201d \u0219i pe Bode, i l-au \u201ecurentat\u201d pe blegul de S\u0103l\u0103janu, care a primit control judiciar, semn c\u0103 mandatul de re\u021binere, care chiar era pe masa DNA Cluj azi-noapte, a fost \u201e\u00eenmuiat\u201d.<\/p>\n<p>Acum, despre b\u0103iatul \u0103sta, azi acuzat de abuz \u00een serviciu pentru atribuirea unor lucr\u0103ri de drum expres, conform DNA, eu v-am mai zis premonitoriu \u0219i acum dou\u0103 luni:<\/p>\n<div class=\"captioned-image-container\">\n<figure>\n<div class=\"image2-inset\"><source srcset=\"https:\/\/substackcdn.com\/image\/fetch\/$s_!_77p!,w_424,c_limit,f_webp,q_auto:good,fl_progressive:steep\/https%3A%2F%2Fsubstack-post-media.s3.amazonaws.com%2Fpublic%2Fimages%2F0da87956-8ce3-4819-b11c-4b5efc7205ad_1624x794.png 424w, https:\/\/substackcdn.com\/image\/fetch\/$s_!_77p!,w_848,c_limit,f_webp,q_auto:good,fl_progressive:steep\/https%3A%2F%2Fsubstack-post-media.s3.amazonaws.com%2Fpublic%2Fimages%2F0da87956-8ce3-4819-b11c-4b5efc7205ad_1624x794.png 848w, https:\/\/substackcdn.com\/image\/fetch\/$s_!_77p!,w_1272,c_limit,f_webp,q_auto:good,fl_progressive:steep\/https%3A%2F%2Fsubstack-post-media.s3.amazonaws.com%2Fpublic%2Fimages%2F0da87956-8ce3-4819-b11c-4b5efc7205ad_1624x794.png 1272w, https:\/\/substackcdn.com\/image\/fetch\/$s_!_77p!,w_1456,c_limit,f_webp,q_auto:good,fl_progressive:steep\/https%3A%2F%2Fsubstack-post-media.s3.amazonaws.com%2Fpublic%2Fimages%2F0da87956-8ce3-4819-b11c-4b5efc7205ad_1624x794.png 1456w\" type=\"image\/webp\" sizes=\"100vw\" \/><\/div>\n<\/figure>\n<\/div>\n<p>Voi mai reveni pe acest subiect, dar cert e c\u0103 p\u00e2n\u0103 acum discut\u0103m doar de mizilicuri: o \u0219pag\u0103 de 70.000 de lei \u0219i lemne pentru un func\u021bionar \u0219i \u201ev\u0103 mai zicem noi\u201d.<\/p>\n<h3 class=\"header-anchor-post\">De ce acuz ipocrizia profesional\u01ce a celor de la DNA? De ce zic c\u01ce \u201cprocuroresc\u201d cu ocale diferite? De asta! \u021bta versus penthouse-ul lui Ciolacu<\/h3>\n<div class=\"pencraft pc-display-flex pc-alignItems-center pc-position-absolute pc-reset header-anchor-parent\">\n<div class=\"pencraft pc-display-contents pc-reset pubTheme-yiXxQA\">\n<p>\u00a0<\/p>\n<\/div>\n<\/div>\n<p>De c\u00e2teva zile s-a \u201espart\u201d \u00een spa\u021biul public o dezv\u0103luire interesant\u0103 f\u0103cut\u0103 de UM G4Media: un agarici analfabet, care nu are bani s\u0103 se cace \u00een centru, e proprietarul unui offshore pe care dormiteaz\u0103 un penthouse de minim un milion de parai, \u00een care st\u0103 cu chirie, avaaaai, ce surpriz\u0103, chiar fostul premier Marcel Ciolacu cu gagica sa Sorina Docuz.<\/p>\n<div class=\"captioned-image-container\">\n<figure>\n<div class=\"image2-inset\"><source srcset=\"https:\/\/substackcdn.com\/image\/fetch\/$s_!JNI8!,w_424,c_limit,f_webp,q_auto:good,fl_progressive:steep\/https%3A%2F%2Fsubstack-post-media.s3.amazonaws.com%2Fpublic%2Fimages%2F18fd4b59-dfe5-4b68-a670-3d32b5866467_1394x1226.png 424w, https:\/\/substackcdn.com\/image\/fetch\/$s_!JNI8!,w_848,c_limit,f_webp,q_auto:good,fl_progressive:steep\/https%3A%2F%2Fsubstack-post-media.s3.amazonaws.com%2Fpublic%2Fimages%2F18fd4b59-dfe5-4b68-a670-3d32b5866467_1394x1226.png 848w, https:\/\/substackcdn.com\/image\/fetch\/$s_!JNI8!,w_1272,c_limit,f_webp,q_auto:good,fl_progressive:steep\/https%3A%2F%2Fsubstack-post-media.s3.amazonaws.com%2Fpublic%2Fimages%2F18fd4b59-dfe5-4b68-a670-3d32b5866467_1394x1226.png 1272w, https:\/\/substackcdn.com\/image\/fetch\/$s_!JNI8!,w_1456,c_limit,f_webp,q_auto:good,fl_progressive:steep\/https%3A%2F%2Fsubstack-post-media.s3.amazonaws.com%2Fpublic%2Fimages%2F18fd4b59-dfe5-4b68-a670-3d32b5866467_1394x1226.png 1456w\" type=\"image\/webp\" sizes=\"100vw\" \/><\/div>\n<\/figure>\n<\/div>\n<p>Dar sta\u021bi! C\u0103 nu e vorba doar de un penthouse, ci \u0219i de \u00eenc\u0103 alte trei apartamente!<\/p>\n<div class=\"pullquote\">\n<p>Pe 24 septembrie 2025, un penthouse \u0219i trei apartamente din complexul One Her\u0103str\u0103u au fost achizi\u021bionate de firma Real Estate Key SRL din Buz\u0103u. Valoarea tranzac\u021biei a fost de 8,13 milioane de lei, potrivit documentelor analizate de G4Media.<\/p>\n<\/div>\n<p>Imediat, Marcel Ciolacu a INFIRMAT cu duritate acuzele G4media:<\/p>\n<p>\u201cNu locuiesc \u00een niciun penthouse \u00een Bucure\u0219ti sau \u00een alt\u0103 parte. Dup\u0103 cum bine \u0219ti\u021bi, sunt pre\u0219edinte al CJ Buz\u0103u \u0219i \u00een mare parte a timpului locuiesc \u00een Buz\u0103u. C\u00e2nd sunt \u00een Bucure\u0219ti, locuiesc \u00eentr-un apartament care nu este penthouse \u0219i care nu este \u00eenchiriat de mine. Fiul meu nu locuie\u0219te \u00een acela\u0219i cartier cu mine.\u201d.<\/p>\n<p>Aia de la G4Media sunt ni\u0219te dobitoci, \u0219ti\u021bi ce meciuri am avut \u0219i am cu ei, dar c\u00e2nd aud c\u0103 nea Ciolacu infirm\u0103, mereu m\u0103 ia cu amintiri. C\u0103 am \u0219i alte amintiri c\u00e2nd Ciolacu infirma. De exemplu, rela\u021bia cu gagica sa, Sorina Docuz.<\/p>\n<div class=\"pullquote\">\n<p>\u00cen toamna lui 2024, aflat la emisiunea HotSpot de la HotNews, Marcel Ciolacu a fost \u00eentrebat despre Sorina Docuz, fosta so\u021bie a lui Robert Negoi\u021b\u0103, primarul Sectorului 3. Premierul a spus: \u201eNu am o rela\u021bie intim\u0103 cu Sorina Docuz\u201d.<\/p>\n<\/div>\n<h3 class=\"header-anchor-post\">\u201eExist\u0103 vreo poz\u0103 cu mine, cu ea? Dac\u0103 cineva \u00eemi arat\u0103 dovada, intr\u0103m \u00een alt\u0103 zon\u0103\u201d.<\/h3>\n<div class=\"pencraft pc-display-flex pc-alignItems-center pc-position-absolute pc-reset header-anchor-parent\">\n<div class=\"pencraft pc-display-contents pc-reset pubTheme-yiXxQA\">\n<p>\u00a0<\/p>\n<\/div>\n<\/div>\n<p>\u00cen ianuarie 2026, Cristian Rizea f\u0103cea public\u0103 fotografia de mai jos, \u00eenf\u0103\u021bi\u0219\u00e2ndu-l pe Ciolacu cu Docuz\u0103 \u00een vacan\u021b\u0103 \u00een Vietnam.<\/p>\n<div class=\"captioned-image-container\">\n<figure>\n<div class=\"image2-inset\"><source srcset=\"https:\/\/substackcdn.com\/image\/fetch\/$s_!6eKk!,w_424,c_limit,f_webp,q_auto:good,fl_progressive:steep\/https%3A%2F%2Fsubstack-post-media.s3.amazonaws.com%2Fpublic%2Fimages%2Fa176e0ca-746c-4915-a595-67eb5413ea57_1104x758.png 424w, https:\/\/substackcdn.com\/image\/fetch\/$s_!6eKk!,w_848,c_limit,f_webp,q_auto:good,fl_progressive:steep\/https%3A%2F%2Fsubstack-post-media.s3.amazonaws.com%2Fpublic%2Fimages%2Fa176e0ca-746c-4915-a595-67eb5413ea57_1104x758.png 848w, https:\/\/substackcdn.com\/image\/fetch\/$s_!6eKk!,w_1272,c_limit,f_webp,q_auto:good,fl_progressive:steep\/https%3A%2F%2Fsubstack-post-media.s3.amazonaws.com%2Fpublic%2Fimages%2Fa176e0ca-746c-4915-a595-67eb5413ea57_1104x758.png 1272w, https:\/\/substackcdn.com\/image\/fetch\/$s_!6eKk!,w_1456,c_limit,f_webp,q_auto:good,fl_progressive:steep\/https%3A%2F%2Fsubstack-post-media.s3.amazonaws.com%2Fpublic%2Fimages%2Fa176e0ca-746c-4915-a595-67eb5413ea57_1104x758.png 1456w\" type=\"image\/webp\" sizes=\"100vw\" \/><\/div>\n<\/figure>\n<\/div>\n<h2 class=\"header-anchor-post\">C\u00e2t\u01ce \u015fpag\u01ce duce acas\u01ce un premier la final de mandat?<\/h2>\n<div class=\"pencraft pc-display-flex pc-alignItems-center pc-position-absolute pc-reset header-anchor-parent\">\n<div class=\"pencraft pc-display-contents pc-reset pubTheme-yiXxQA\">\n<p>\u00a0<\/p>\n<\/div>\n<\/div>\n<p>Pe bune, unii zic c\u0103 peste 300 de milioane de euro. Mi se pare incredibil.<\/p>\n<p>\u00cen acela\u0219i context, avem \u0219i dumele domnului Grindeanu despre zborurile cu avioanele private pl\u0103tite de \u0103ia de la Nordis:<\/p>\n<div class=\"captioned-image-container\">\n<figure>\n<div class=\"image2-inset\"><source srcset=\"https:\/\/substackcdn.com\/image\/fetch\/$s_!c3YQ!,w_424,c_limit,f_webp,q_auto:good,fl_progressive:steep\/https%3A%2F%2Fsubstack-post-media.s3.amazonaws.com%2Fpublic%2Fimages%2Fd2acb1fe-05ce-45b6-a56d-e58067c9c035_1604x826.png 424w, https:\/\/substackcdn.com\/image\/fetch\/$s_!c3YQ!,w_848,c_limit,f_webp,q_auto:good,fl_progressive:steep\/https%3A%2F%2Fsubstack-post-media.s3.amazonaws.com%2Fpublic%2Fimages%2Fd2acb1fe-05ce-45b6-a56d-e58067c9c035_1604x826.png 848w, https:\/\/substackcdn.com\/image\/fetch\/$s_!c3YQ!,w_1272,c_limit,f_webp,q_auto:good,fl_progressive:steep\/https%3A%2F%2Fsubstack-post-media.s3.amazonaws.com%2Fpublic%2Fimages%2Fd2acb1fe-05ce-45b6-a56d-e58067c9c035_1604x826.png 1272w, https:\/\/substackcdn.com\/image\/fetch\/$s_!c3YQ!,w_1456,c_limit,f_webp,q_auto:good,fl_progressive:steep\/https%3A%2F%2Fsubstack-post-media.s3.amazonaws.com%2Fpublic%2Fimages%2Fd2acb1fe-05ce-45b6-a56d-e58067c9c035_1604x826.png 1456w\" type=\"image\/webp\" sizes=\"100vw\" \/><\/div>\n<\/figure>\n<\/div>\n<p>\u0218i lui Grindeanu \u00eei st\u0103 tare bine cu minciuna \u00een clan\u021b\u0103. De aia m-am nevoit s\u0103 \u00eei pl\u0103tesc talentatului fotograf Octavian Ganea de la INQUAM Photos instantaneul genial de mai jos, f\u0103cut recent la \u201eplenara\u201d PSD unde s-a votat desustinerea lui Bolo.<\/p>\n<div class=\"captioned-image-container\">\n<figure>\n<div class=\"image2-inset\"><source srcset=\"https:\/\/substackcdn.com\/image\/fetch\/$s_!M3mG!,w_424,c_limit,f_webp,q_auto:good,fl_progressive:steep\/https%3A%2F%2Fsubstack-post-media.s3.amazonaws.com%2Fpublic%2Fimages%2F0d110dfa-cc22-417f-adf5-226c8db12d39_4663x3109.jpeg 424w, https:\/\/substackcdn.com\/image\/fetch\/$s_!M3mG!,w_848,c_limit,f_webp,q_auto:good,fl_progressive:steep\/https%3A%2F%2Fsubstack-post-media.s3.amazonaws.com%2Fpublic%2Fimages%2F0d110dfa-cc22-417f-adf5-226c8db12d39_4663x3109.jpeg 848w, https:\/\/substackcdn.com\/image\/fetch\/$s_!M3mG!,w_1272,c_limit,f_webp,q_auto:good,fl_progressive:steep\/https%3A%2F%2Fsubstack-post-media.s3.amazonaws.com%2Fpublic%2Fimages%2F0d110dfa-cc22-417f-adf5-226c8db12d39_4663x3109.jpeg 1272w, https:\/\/substackcdn.com\/image\/fetch\/$s_!M3mG!,w_1456,c_limit,f_webp,q_auto:good,fl_progressive:steep\/https%3A%2F%2Fsubstack-post-media.s3.amazonaws.com%2Fpublic%2Fimages%2F0d110dfa-cc22-417f-adf5-226c8db12d39_4663x3109.jpeg 1456w\" type=\"image\/webp\" sizes=\"100vw\" \/><\/div>\n<\/figure>\n<\/div>\n<p>Deci, a\u0219adar \u0219i prin urm\u0103rirea penal\u0103, pentru \u0103la de la Bistri\u021ba-N\u0103s\u0103ud, Radu Moldovan, procurorii lui Kovesi s-au op\u0103rit s\u0103 verifice dac\u0103 el e sau nu proprietarul de facto al unui castel din Fran\u021ba \u2013 cer\u00e2nd trasee de bani, chestii, socoteli, \u0219i \u00eenc\u0103 nu \u0219tim dac\u0103 bistri\u021beanul e sau nu de vin\u0103 pentru asta, dar au avut deja grij\u0103 s\u0103 \u00eel \u201epicteze\u201d ca baron bulangiu, \u00een schimb\u2026<\/p>\n<h3 class=\"header-anchor-post\">\u2026 de trei zile st\u0103 \u00een aer informa\u021bia cu penthouse-ul vie\u021bii pus pe un offshore administrat de un trelingar ce ia chirie de la Ciolacu \u0219i niciun comunicat despre asta nu a ap\u0103rut cu sigla DNA.<\/h3>\n<div class=\"pencraft pc-display-flex pc-alignItems-center pc-position-absolute pc-reset header-anchor-parent\">\n<div class=\"pencraft pc-display-contents pc-reset pubTheme-yiXxQA\">\n<p>\u00a0<\/p>\n<\/div>\n<\/div>\n<p>Sta\u021bi c\u0103 mai am \u201esitua\u021bii\u201d \u00een care DNA ac\u021bioneaz\u0103 cu oca diferit\u0103.<\/p>\n<p>Boc pl\u0103te\u0219te acum un an un avans imens de un sfert de miliard de euro din banii rom\u00e2nilor turcilor care ar fi trebuit s\u0103 \u00eenceap\u0103 deja construc\u021bia rahatului \u0103la costisitor de metrou, dar nu s-a \u00eent\u00e2mplat nici p\u00e2n\u0103 azi nimic.<\/p>\n<p>Un sfert de miliard de euro pentru nimic, da?<\/p>\n<p>C\u00e2nd Cluj-Napoca pl\u01cetea deja \u00een avans sute de milioane de EUR c\u0103tre Gulemak, compania era alungat\u01ce din Suedia pentru incapacitatea de a duce un proiect la bun sf\u00e2r\u0219it, av\u00e2nd probleme financiare \u0219i \u00eent\u00e2rzieri la plat\u0103 subcontractorilor.<\/p>\n<p>Uite link doveditor\u00a0<strong><a href=\"https:\/\/www.regionstockholm.se\/nyheter\/2024\/07\/tvarbanan-utbyggnad-till-helenelund-sl-haver-avtalet-med-entreprenoren-gulermak\/?fbclid=IwdGRleARXO7xleHRuA2FlbQIxMQBzcnRjBmFwcF9pZAo2NjI4NTY4Mzc5AAEeXOo9O3C2GD0tWeIggFWQ2hGrpTP_6KddqRmHNQdKXHY3cbcRKLeQ_PvBDeg_aem_Kbb5ZEeIE07Vd7NWN0bMZA\">AICI:<\/a><\/strong><\/p>\n<div class=\"captioned-image-container\">\n<figure>\n<div class=\"image2-inset\"><source srcset=\"https:\/\/substackcdn.com\/image\/fetch\/$s_!QGnR!,w_424,c_limit,f_webp,q_auto:good,fl_progressive:steep\/https%3A%2F%2Fsubstack-post-media.s3.amazonaws.com%2Fpublic%2Fimages%2F6c03d705-e54f-4f89-909a-d1aca41e57fa_1906x1448.png 424w, https:\/\/substackcdn.com\/image\/fetch\/$s_!QGnR!,w_848,c_limit,f_webp,q_auto:good,fl_progressive:steep\/https%3A%2F%2Fsubstack-post-media.s3.amazonaws.com%2Fpublic%2Fimages%2F6c03d705-e54f-4f89-909a-d1aca41e57fa_1906x1448.png 848w, https:\/\/substackcdn.com\/image\/fetch\/$s_!QGnR!,w_1272,c_limit,f_webp,q_auto:good,fl_progressive:steep\/https%3A%2F%2Fsubstack-post-media.s3.amazonaws.com%2Fpublic%2Fimages%2F6c03d705-e54f-4f89-909a-d1aca41e57fa_1906x1448.png 1272w, https:\/\/substackcdn.com\/image\/fetch\/$s_!QGnR!,w_1456,c_limit,f_webp,q_auto:good,fl_progressive:steep\/https%3A%2F%2Fsubstack-post-media.s3.amazonaws.com%2Fpublic%2Fimages%2F6c03d705-e54f-4f89-909a-d1aca41e57fa_1906x1448.png 1456w\" type=\"image\/webp\" sizes=\"100vw\" \/><\/div>\n<\/figure>\n<\/div>\n<p>\u0218i DNA Cluj se uit\u0103 la achizi\u021biile unui primar de comun\u0103 pe care \u00eel \u0219i re\u021bine pentru trei rahaturi. Penale, dar insignifiante fa\u021b\u0103 de gol\u0103nia asta.<\/p>\n<p>P\u0103i, deh, doamna Kovesi \u00eel protejeaz\u0103 pe Boc dintotdeauna. Mai vre\u021bi una cu Boc?<\/p>\n<p>C\u0103 tot discut\u0103m \u00een cazul de ieri de la Bistri\u021ba-N\u0103s\u0103ud \u0219i S\u0103laj de firma Dimex 2000. Care acum cic\u0103 e vinovat\u0103, \u00eenc\u0103 nu \u0219tim de ce.<\/p>\n<p>Dar acum nici dou\u0103 luni \u201epu\u0219ca\u201d scandalul de mai jos, chiar sub curul\u2026 tot sub curul lui Boc. DNA Cluj nimic.<\/p>\n<div class=\"captioned-image-container\">\n<figure>\n<div class=\"image2-inset\"><source srcset=\"https:\/\/substackcdn.com\/image\/fetch\/$s_!U8j8!,w_424,c_limit,f_webp,q_auto:good,fl_progressive:steep\/https%3A%2F%2Fsubstack-post-media.s3.amazonaws.com%2Fpublic%2Fimages%2F62e90477-3dee-4ae3-9992-3244ed2c65c6_2222x1048.png 424w, https:\/\/substackcdn.com\/image\/fetch\/$s_!U8j8!,w_848,c_limit,f_webp,q_auto:good,fl_progressive:steep\/https%3A%2F%2Fsubstack-post-media.s3.amazonaws.com%2Fpublic%2Fimages%2F62e90477-3dee-4ae3-9992-3244ed2c65c6_2222x1048.png 848w, https:\/\/substackcdn.com\/image\/fetch\/$s_!U8j8!,w_1272,c_limit,f_webp,q_auto:good,fl_progressive:steep\/https%3A%2F%2Fsubstack-post-media.s3.amazonaws.com%2Fpublic%2Fimages%2F62e90477-3dee-4ae3-9992-3244ed2c65c6_2222x1048.png 1272w, https:\/\/substackcdn.com\/image\/fetch\/$s_!U8j8!,w_1456,c_limit,f_webp,q_auto:good,fl_progressive:steep\/https%3A%2F%2Fsubstack-post-media.s3.amazonaws.com%2Fpublic%2Fimages%2F62e90477-3dee-4ae3-9992-3244ed2c65c6_2222x1048.png 1456w\" type=\"image\/webp\" sizes=\"100vw\" \/><\/div>\n<\/figure>\n<\/div>\n<p>Toate aceste lucruri scrise de mine nu le veti vedea in presa bolojanista, nici pe televiziuni.<\/p>\n<p>Veti vedea doar osanalele infiorator de penibile ale facturistilor ce il pupa in cur pe monosprancenat, unii reusind sa duca foarte jos \u201cprestatiile\u201d.<\/p>\n<div class=\"captioned-image-container\">\n<figure>\n<div class=\"image2-inset\"><source srcset=\"https:\/\/substackcdn.com\/image\/fetch\/$s_!lCCK!,w_424,c_limit,f_webp,q_auto:good,fl_progressive:steep\/https%3A%2F%2Fsubstack-post-media.s3.amazonaws.com%2Fpublic%2Fimages%2F2ef3d6fa-36fb-4ef2-a10e-7b0f434e4d9b_1438x1472.jpeg 424w, https:\/\/substackcdn.com\/image\/fetch\/$s_!lCCK!,w_848,c_limit,f_webp,q_auto:good,fl_progressive:steep\/https%3A%2F%2Fsubstack-post-media.s3.amazonaws.com%2Fpublic%2Fimages%2F2ef3d6fa-36fb-4ef2-a10e-7b0f434e4d9b_1438x1472.jpeg 848w, https:\/\/substackcdn.com\/image\/fetch\/$s_!lCCK!,w_1272,c_limit,f_webp,q_auto:good,fl_progressive:steep\/https%3A%2F%2Fsubstack-post-media.s3.amazonaws.com%2Fpublic%2Fimages%2F2ef3d6fa-36fb-4ef2-a10e-7b0f434e4d9b_1438x1472.jpeg 1272w, https:\/\/substackcdn.com\/image\/fetch\/$s_!lCCK!,w_1456,c_limit,f_webp,q_auto:good,fl_progressive:steep\/https%3A%2F%2Fsubstack-post-media.s3.amazonaws.com%2Fpublic%2Fimages%2F2ef3d6fa-36fb-4ef2-a10e-7b0f434e4d9b_1438x1472.jpeg 1456w\" type=\"image\/webp\" sizes=\"100vw\" \/><\/div>\n<\/figure>\n<\/div>\n<div class=\"captioned-image-container\">\n<figure>\n<div class=\"image2-inset\"><source srcset=\"https:\/\/substackcdn.com\/image\/fetch\/$s_!6WLc!,w_424,c_limit,f_webp,q_auto:good,fl_progressive:steep\/https%3A%2F%2Fsubstack-post-media.s3.amazonaws.com%2Fpublic%2Fimages%2F3ae0f4ec-5e68-4ebe-b836-7e4de4d5c34c_1079x1450.jpeg 424w, https:\/\/substackcdn.com\/image\/fetch\/$s_!6WLc!,w_848,c_limit,f_webp,q_auto:good,fl_progressive:steep\/https%3A%2F%2Fsubstack-post-media.s3.amazonaws.com%2Fpublic%2Fimages%2F3ae0f4ec-5e68-4ebe-b836-7e4de4d5c34c_1079x1450.jpeg 848w, https:\/\/substackcdn.com\/image\/fetch\/$s_!6WLc!,w_1272,c_limit,f_webp,q_auto:good,fl_progressive:steep\/https%3A%2F%2Fsubstack-post-media.s3.amazonaws.com%2Fpublic%2Fimages%2F3ae0f4ec-5e68-4ebe-b836-7e4de4d5c34c_1079x1450.jpeg 1272w, https:\/\/substackcdn.com\/image\/fetch\/$s_!6WLc!,w_1456,c_limit,f_webp,q_auto:good,fl_progressive:steep\/https%3A%2F%2Fsubstack-post-media.s3.amazonaws.com%2Fpublic%2Fimages%2F3ae0f4ec-5e68-4ebe-b836-7e4de4d5c34c_1079x1450.jpeg 1456w\" type=\"image\/webp\" sizes=\"100vw\" \/><\/div>\n<\/figure>\n<\/div>\n<p>\u00a0<\/p>\n<p>Dac\u0103 tot m\u01ce citi\u021bi \u0219i dac\u0103 tot v\u0103 place ce scriu, nu mai fi\u021bi culdu\u0219i \u0219i sus\u021bine\u021bi-m\u0103 cu aia 26 de lei pe lun\u0103, c\u0103 zici c\u0103 se face gaur\u0103 \u00een cer dac\u0103 \u00eei da\u021bi pentru unii dintre voi!<\/p>\n<p class=\"button-wrapper\" data-attrs='{\"url\":\"https:\/\/www.strictsecret.com\/subscribe\",\"text\":\"Doar 6 dolari pe luna? Da!\",\"action\":null,\"class\":null}' data-component-name=\"ButtonCreateButton\"><a class=\"button primary\" href=\"https:\/\/www.strictsecret.com\/subscribe\">Doar 6 dolari pe luna? Da!<\/a><\/p>\n<p>\u00a0<\/p>\n<p>V\u01ce las la final un text excep\u021bional al genialului matematician \u015fi cercet\u01cetor Dan \u015eelaru.<\/p>\n<p>\u00a0<\/p>\n<h2 class=\"header-anchor-post\">Sinuciderea asistat\u0103 a unei economii: Cum \u00eengroap\u0103 Guvernul Rom\u00e2nia<\/h2>\n<p>de Dan \u015eelaru<\/p>\n<p>Suntem \u00een aprilie 2026 \u0219i, pentru mul\u021bi dintre noi, sentimentul predominant este cel de abandon total. Rom\u00e2nia nu se mai lupt\u0103 doar cu cifrele, ci cu o oboseal\u0103 cronic\u0103 a sufletului. Ni s-a promis c\u0103 sacrificiile din 2025 vor aduce stabilitate, dar azi privim cum via\u021ba devine o curs\u0103 imposibil\u0103: TVA de 21%, pre\u021buri care sufoc\u0103 facturile \u0219i un stat care pare s\u0103 fi plecat de acas\u0103 exact c\u00e2nd aveam mai mare nevoie de el. Prognoza de cre\u0219tere economic\u0103 pentru acest an a fost deja \u00eenjum\u0103t\u0103\u021bit\u0103, pr\u0103bu\u0219indu-se la un ridicol 0,7%, \u00een timp ce infla\u021bia a explodat la un sufocant 9,5%. Tragedia nu e doar \u00een portofel, ci \u00een viitorul care ne este furat sub ochi. T\u0103ierile masive de la educa\u021bie, cercetare \u0219i s\u0103n\u0103tate sunt un act de tr\u0103dare a propriei popula\u021bii. Este mesajul crud pe care statul \u00eel transmite tinerilor: \u201eNu avem nevoie de inteligen\u021ba voastr\u0103, nu avem resurse pentru s\u0103n\u0103tatea voastr\u0103\u201d. Ne amput\u0103m \u0219ansele copiilor pentru a c\u00e2rpi un buget g\u0103urit de incompeten\u021b\u0103, condamn\u00e2ndu-ne ca na\u021bie la o mediocritate f\u0103r\u0103 sf\u00e2r\u0219it.<\/p>\n<p>Peste acest sentiment de singur\u0103tate se pr\u0103bu\u0219e\u0219te o lume violent\u0103. R\u0103zboiul din Ucraina \u0219i tensiunile explozive din Iran au creat un scenariu de co\u0219mar. Blocarea Str\u00e2mtorii Hormuz nu a lovit doar \u00een rezervele globale, ci a declan\u0219at o criz\u0103 alimentar\u0103 mondial\u0103 care ne love\u0219te direct \u00een farfurie. Pre\u021bul \u00eengr\u0103\u0219\u0103mintelor a s\u0103rit \u00een aer \u2013 cu urea ating\u00e2nd pragul critic de 600 de dolari pe ton\u0103 \u2013 ceea ce, combinat cu explozia pre\u021bului la motorin\u0103, care a dep\u0103\u0219it pragul de 9 lei pe litru, face ca produc\u021bia agricol\u0103 s\u0103 devin\u0103 un drum spre faliment. Motorina a devenit un lux pe care mul\u021bi fermieri nu \u0219i-l mai permit, scumpindu-se cu peste 3 lei pe litru. Peste aceast\u0103 explozie de costuri se adaug\u0103 un blocaj financiar cinic: subven\u021biile pentru motorin\u0103 \u0219i pl\u0103\u021bile APIA sunt \u00eent\u00e2rziate luni de zile. Micii fermieri sunt l\u0103sa\u021bi f\u0103r\u0103 niciun ban exact c\u00e2nd trebuie s\u0103 ias\u0103 \u00een c\u00e2mp. \u00centr-o \u021bar\u0103 care import\u0103 masiv alimente, acest colaps al agriculturii locale transform\u0103 p\u00e2inea \u0219i laptele \u00een produse de lux. \u00cen acest timp, imprevizibilitatea administra\u021biei Trump a pulverizat orice urm\u0103 de stabilitate pe pie\u021bele globale, barilul de petrol oscil\u00e2nd periculos \u00eentre 100 \u0219i 120 de dolari.<\/p>\n<p>\u00cen acest moment critic, cet\u0103\u021beanul obi\u0219nuit descoper\u0103 c\u0103 este cu adev\u0103rat singur. Nu doar statul l-a p\u0103r\u0103sit, ci \u0219i a\u0219a-numita \u201esocietate civil\u0103\u201d, care s-a transformat \u00eentr-o bul\u0103 ideologic\u0103 de extrem\u0103 st\u00e2ng\u0103. \u00cen loc s\u0103 apere micul antreprenor, fermierul disperat sau p\u0103rintele care nu mai are bani de rechizite, ace\u0219ti activi\u0219ti sunt ocupa\u021bi cu agende radicale, str\u0103ine de realit\u0103\u021bile brute ale economiei rom\u00e2ne\u0219ti. Ei ignor\u0103 foamea \u0219i falimentul pentru a promova teorii care nu \u021bin nim\u0103nui de cald. Vocea omului care munce\u0219te \u0219i pl\u0103te\u0219te taxe nu se mai aude nic\u0103ieri; ea a fost \u00eengropat\u0103 sub zgomotul luptelor politice \u0219i al activismului steril. Ast\u0103zi, 22 aprilie 2026, \u00een timp ce miliardele din PNRR \u0219i programul SAFE se evapor\u0103 din cauza circului de la Cotroceni, rom\u00e2nul de r\u00e2nd prive\u0219te neputincios cum singura lui plas\u0103 de siguran\u021b\u0103 este c\u0103lcat\u0103 \u00een picioare pentru orgolii.<\/p>\n<p>Cei mai lovi\u021bi sunt tinerii. R\u0103ma\u0219i f\u0103r\u0103 busol\u0103, f\u0103r\u0103 sprijin din partea unei societ\u0103\u021bi civile reale \u0219i f\u0103r\u0103 perspective \u00eentr-un stat capturat, mul\u021bi aleg fie exodul, fie bra\u021bele deschise ale radicalismului. Istoria ne-a \u00eenv\u0103\u021bat lec\u021bia dur\u0103 a primei jum\u0103t\u0103\u021bi a secolului XX: atunci c\u00e2nd oamenii se simt tr\u0103da\u021bi de toate institu\u021biile \u2014 politice sau civice \u2014 extremismul devine singura \u201eie\u0219ire\u201d vizibil\u0103. Disperarea social\u0103 de azi este hrana radicalilor de m\u00e2ine. C\u00e2nd centrul politic e\u0219ueaz\u0103 \u0219i \u201eelitele\u201d te ignor\u0103, extremele \u2014 de st\u00e2nga sau de dreapta \u2014 promit ordinea prin for\u021b\u0103. Suntem singuri \u00een fa\u021ba furtunii. Dac\u0103 nu oprim acum acest colaps, cre\u0219terea economic\u0103 de 0,7% va fi doar amintirea unei c\u0103deri care abia a \u00eenceput, iar pre\u021bul va fi \u00eens\u0103\u0219i libertatea noastr\u0103, m\u0103turat\u0103 de un val de extremism pe care tot noi l-am hr\u0103nit prin neputin\u021b\u0103. Ne d\u0103m singuri foc la cas\u0103, iar din cenu\u0219\u0103 s-ar putea s\u0103 se ridice o lume pe care nu ne-am dorit-o niciodat\u0103.<\/p>\n<p>de Carmen Cre\u021bu<\/p>\n<p>Stau \u00een fa\u021ba oglinzii de la Sephora, \u00eenconjurat\u0103 de zeci de creme \u00een ambalaje minimaliste care promit s\u0103 m\u0103 salveze de la catastrofa existen\u021bial\u0103, adica s\u0103 ar\u0103\u021bi de v\u00e2rsta pe care o ai. 3000 lei pentru regenerare celular\u0103 avansat\u0103, 7000 lei pentru Platinum Rare Haute Rejuvenation Elixir sau 5000 lei pentru serul anti-gravita\u021bie cu extract de celule stem. Toate ca s\u0103 scap de cel mai mare p\u0103cat al secolului, ridurile.<\/p>\n<p>Societatea modern\u0103 a creat o dictatur\u0103 subtil\u0103 a tinere\u021bii perpetue. Femeile, \u00een special, sunt condi\u021bionate s\u0103 tr\u0103iasc\u0103 \u00eentr-o stare constant\u0103 de vigilen\u021b\u0103 \u00eempotriva propriului lor proces natural de via\u021b\u0103.<\/p>\n<p>Industria frumuse\u021bii e cea mai mare \u021beap\u0103 din istorie \u0219i trebuie s\u0103-\u0219i arunce limbajul toxic la gunoi. Termenul \u201canti-aging\u201d s-a infiltrat \u00een mentalul colectiv ca un virus. Anti-aging. Anti.<\/p>\n<p>\u201cAnti-aging\u201d e o insult\u0103 \u0219i trebuie s\u01ce dispar\u01ce din vocabular, si nu doar pentru ca este fals \u0219tiin\u021bific, de\u0219i este, ci pentru c\u0103 ne otr\u0103ve\u0219te mintea.<\/p>\n<p>Industria beauty vinde minciuni pe care, din p\u0103cate, cele mai multe femei le \u00eenghit, cheltuie averi ca s\u0103 ar\u0103te ca cineva care n-au fost niciodat\u0103 \u0219i cu fiecare interven\u021bie, cu fiecare retu\u0219, \u00ee\u0219i schimb\u0103 identitatea pe o masc\u0103 de plastic.<\/p>\n<p>Pentru c\u0103 asta face cultura anti-aging, ne \u00eenva\u021b\u0103 s\u0103 ne detest\u0103m \u0219i s\u0103 ne sabot\u0103m existenta, ne sugereaz\u0103 c\u0103 procesul de \u00eemb\u0103tr\u00e2nire este un inamic care trebuie \u00eenfr\u00e2nt, o deficien\u021b\u0103 care trebuie corectat\u0103.<\/p>\n<p>\u0218i apoi avem influenceri\u021bele. La 25 de ani promoveaz\u0103 creme \u201canti-aging\u201d de 500 de euro. Practic, e ca \u0219i cum ai vinde antibiotice ur\u0219ilor polari, absolut revolu\u021bionar \u0219i complet inutil. Nu ai nevoie, baby, la 25 de ani celulele tale produc colagen \u00een timp ce dormi.<\/p>\n<p>Iar c\u00e2nd ajung la 45 \u0219i ar putea, \u00een sf\u00e2r\u0219it, s\u0103 spun\u0103 ceva real, atunci \u00eencep sa se filtreze digital p\u00e2n\u0103 arat\u0103 ca avatarurile din Metavers, si ne asigur\u0103, cu fa\u021ba imobil\u0103 de botox, c\u0103 a\u0219a arat\u0103 fa\u021ba lor doar datorit\u0103 \u201cacestui serum magic\u201d pe care, printr-o coinciden\u021b\u0103 cosmic\u0103, \u00eel po\u021bi cump\u0103ra cu 15% reducere folosind codul \u201cMINCIUNALUCIE\u201d. \u0218i industria le umple conturile bancare pentru eficien\u021ba cu care ne v\u00e2nd propria noastr\u0103 team\u01ce, ambalat\u0103 frumos \u00eentr-un recipient de 30ml. Genius, really!<\/p>\n<p>\u00cen timpul \u01cesta, genera\u021biile de femei mai tinere ne privesc \u0219i observ\u0103 lupta cu oglinda \u0219i anexietatea noastr\u0103 fa\u021b\u0103 de schimbarea fe\u021bei \u0219i a corpului \u0219i absorb frica noastr\u0103 de \u00eemb\u0103tr\u00e2nire.<\/p>\n<p>Ce \u00eenva\u021b\u0103 ele din asta? C\u0103 valoarea lor scade odat\u0103 cu trecerea anilor? C\u0103 frumuse\u021bea dureaz\u0103 c\u00e2t o poz\u0103? C\u0103 \u00eemb\u0103tr\u00e2nirea este ru\u0219inoas\u0103?<\/p>\n<p>Frumuse\u021bea este fluid\u0103, nu fix\u0103 \u0219i nu dispare odat\u0103 cu tinere\u021bea, doar \u00ee\u0219i schimb\u0103 forma. Fiecare etap\u0103 a vie\u021bii aduce cu sine propria estetic\u0103, propria sa str\u0103lucire, propria form\u0103 de frumuse\u021be autentic\u0103.<\/p>\n<p>\u00cemb\u0103tr\u00e2nirea este un privilegiu refuzat multora. Este dovada unei vie\u021bi bine tr\u0103ite si a unei c\u0103l\u0103torii lungi. Nu este ceva de temut sau comb\u0103tut, ci de celebrat \u0219i \u00eembr\u0103\u021bi\u0219at cu toat\u0103 fiin\u021ba noastr\u0103.<\/p>\n<p>Este absurd s\u0103 consumi zeci de ani \u0219i zeci de mii de euro lupt\u00e2ndu-te cu biologia, doar ca s\u0103 te conformezi unui standard estetic inventat de corpora\u021bii exclusiv pentru profit.<\/p>\n<p>Ca s\u0103 fiu sincer\u0103, eu pl\u0103nuiesc s\u0103 fiu o bab\u0103 insuportabil\u0103, excentric\u0103 \u0219i impertinent\u0103. Vreau s\u0103 fiu ca b\u0103tr\u00e2nii \u0103ia boga\u021bi din Saint-Tropez, bronza\u021bi \u0219i zb\u00e2rci\u021bi ca smochinele uscate, tol\u0103ni\u021bi la terase sau piscine, cu \u0219ampanie scump\u0103 \u00een pahare, care r\u00e2d de b\u0103tr\u00e2ne\u021bea lor. Vreau s\u0103 colind restaurante cu stele Michelin \u0219i taverne uitate de lume, s\u0103 dansez pe plaje din Grecia, s\u0103 fac glume proaste \u0219i s\u0103 comand deserturi decadente. Voi purta ridurile ca pe un tatuaj evolutiv care spune povestea vie\u021bii mele. Voi dansa c\u00e2nd to\u021bi se uit\u0103. Voi purta ro\u0219u aprins c\u00e2nd ar trebui s\u0103 port bej.<\/p>\n<p>Fuck off, beauty industry cu toate standardele tale mincinoase! Nu e nevoie s\u0103 ne conserv\u0103m ca borcanele de mur\u0103turi. Hai s\u0103 dans\u0103m, s\u0103 r\u00e2dem, s\u0103 iubim, s\u0103 \u00eemb\u0103tr\u00e2nim glorios, scandalos \u0219i majestuos.<\/p>\n<\/div>\n<div class=\"inhype-social-share-fixed sidebar-position-right\">\n<div class=\"post-social-wrapper\">\n<div class=\"post-social-title\"><span class=\"post-social-title-text\">Share<\/span><\/div>\n<\/div>\n<\/div>\n<\/div>\n<p>[analyse_source url=&#8221;https:\/\/ziardesuceava.ro\/ocalele-diferite-ale-dna-kovesi-subjuga-procurorii-anticoruptie-cu-jurisdictia-superioara-bagandu-i-in-cioace-politice-cata-spaga-duce-acasa-un-premier-la-final-de-mandat\/&#8221;]<\/p>\n","protected":false},"excerpt":{"rendered":"<p>[analyse_image type=&#8221;featured&#8221; src=&#8221;https:\/\/ziardesuceava.ro\/wp-content\/uploads\/2026\/04\/648841411_4335208056697458_1692121869179241559_n-1024&#215;1024.jpg&#8221;] \u00cen ultimele luni se vede o fragmentare a centrelor de putere, iar competi\u021bia dintre ele se duce pe toate canalele disponibile: pres\u0103, anchete, scurgeri controlate, instrumente administrative. Nu e un \u201estat paralel\u201d monolitic, ci o re\u021bea de grupuri cu agende diferite, care \u00ee\u0219i testeaz\u0103 influen\u021ba \u00eentr-un context de sl\u0103biciune politic\u0103. Zgomotul public [&hellip;]<\/p>\n","protected":false},"author":1,"featured_media":0,"comment_status":"open","ping_status":"","sticky":false,"template":"","format":"standard","meta":{"footnotes":""},"categories":[89],"tags":[226,171],"class_list":["post-1901698","post","type-post","status-publish","format-standard","hentry","category-romania","tag-crawlmanager","tag-ziardesuceava-ro"],"_links":{"self":[{"href":"https:\/\/analyse.optim.biz\/index.php?rest_route=\/wp\/v2\/posts\/1901698","targetHints":{"allow":["GET"]}}],"collection":[{"href":"https:\/\/analyse.optim.biz\/index.php?rest_route=\/wp\/v2\/posts"}],"about":[{"href":"https:\/\/analyse.optim.biz\/index.php?rest_route=\/wp\/v2\/types\/post"}],"author":[{"embeddable":true,"href":"https:\/\/analyse.optim.biz\/index.php?rest_route=\/wp\/v2\/users\/1"}],"replies":[{"embeddable":true,"href":"https:\/\/analyse.optim.biz\/index.php?rest_route=%2Fwp%2Fv2%2Fcomments&post=1901698"}],"version-history":[{"count":0,"href":"https:\/\/analyse.optim.biz\/index.php?rest_route=\/wp\/v2\/posts\/1901698\/revisions"}],"wp:attachment":[{"href":"https:\/\/analyse.optim.biz\/index.php?rest_route=%2Fwp%2Fv2%2Fmedia&parent=1901698"}],"wp:term":[{"taxonomy":"category","embeddable":true,"href":"https:\/\/analyse.optim.biz\/index.php?rest_route=%2Fwp%2Fv2%2Fcategories&post=1901698"},{"taxonomy":"post_tag","embeddable":true,"href":"https:\/\/analyse.optim.biz\/index.php?rest_route=%2Fwp%2Fv2%2Ftags&post=1901698"}],"curies":[{"name":"wp","href":"https:\/\/api.w.org\/{rel}","templated":true}]}}