{"id":1901590,"date":"2026-04-22T15:16:17","date_gmt":"2026-04-22T12:16:17","guid":{"rendered":"https:\/\/analyse.optim.biz\/?p=1901590"},"modified":"2026-04-22T15:16:17","modified_gmt":"2026-04-22T12:16:17","slug":"scandal-nou-in-ministerul-educatiei-din-cauza-unei-circulare-care-taie-cheltuielile-de-personal","status":"publish","type":"post","link":"https:\/\/analyse.optim.biz\/?p=1901590","title":{"rendered":"Scandal nou \u00een Ministerul Educa\u021biei din cauza unei circulare care taie cheltuielile de personal&#8230;."},"content":{"rendered":"<p>[analyse_image type=&#8221;featured&#8221; src=&#8221;https:\/\/cdn.adh.reperio.news\/image-8\/81bff1bd-e7c3-4dcc-a5d0-2542c3a30d3c\/index.jpeg?p=f%3Djpeg%26w%3D1200%26h%3D630%26r%3Dcover&#8221;]<\/p>\n<article class=\"svelte-t0js42\">\n<nav>\n<ul class=\"breadcrump svelte-xauq0s\">\n<li class=\"svelte-xauq0s\"><a href=\"\/\" title=\"Adev\u0103rul\" class=\"svelte-xauq0s\">Home<\/a><\/li>\n<li class=\"svelte-xauq0s\"><a href=\"\/stiri-interne\" class=\"svelte-xauq0s\">\u0218tiri Interne<\/a><\/li>\n<li class=\"svelte-xauq0s\"><a href=\"\/stiri-interne\/educatie\" class=\"svelte-xauq0s\">Educa\u021bie<\/a><\/li>\n<li class=\"svelte-xauq0s\"><a href=\"https:\/\/adevarul.ro\/stiri-interne\/educatie\/scandal-nou-in-ministerul-educatiei-din-cauza-unei-2524533.html\" class=\"svelte-xauq0s\">Scandal nou \u00een Ministerul Educa\u021biei din cauza unei circulare care taie cheltuielile de personal. Sindicatele anun\u021b\u0103 proteste<\/a><\/li>\n<\/ul>\n<\/nav>\n<p><main class=\"svelte-t0js42\"><\/p>\n<p>Cele dou\u0103 federa\u021bii sindicale din \u00eenv\u0103\u021b\u0103m\u00e2ntul preuniversitar au \u00eenaintat, miercuri, o pl\u00e2ngere c\u0103tre Ministerul Educa\u021biei, denun\u021b\u00e2nd circulara transmis\u0103 de minister la sf\u00e2r\u0219itul s\u0103pt\u0103m\u00e2nii trecute prin care se cerea reducerea cheltuielilor de personal cu 10% \u00een anumite institu\u021bii.<\/p>\n<div class=\"container-image  svelte-jd4qiv\"><source type=\"image\/webp\" srcset=\"https:\/\/cdn.adh.reperio.news\/image-8\/81bff1bd-e7c3-4dcc-a5d0-2542c3a30d3c\/index.jpeg?p=a%3D1%26co%3D1.05%26w%3D1400%26h%3D750%26r%3Dcontain%26f%3Dwebp 1400w\" media=\"(min-width: 1400px)\" \/><\/p>\n<div class=\"caption\">Sindicatele anun\u021b\u0103 pichet\u0103ri ca urmare a noilor m\u0103suri FOTO: arhiva\/Inquam Photos-O. Ganea<\/div>\n<\/div>\n<p>Totul a pornit de la o circular\u0103 transmis\u0103 pe17 aprilie 2026 de Ministerul Educa\u021biei \u00een teritoriu prin care se solicita \u201e<i>transmiterea datelor privind reducerea cheltuielilor de personal \u00een anul 2026 fa\u021b\u0103 de anul 2025 pentru inspectoratele \u0219colare \u0219i unit\u0103\u021bile de educa\u021bie extra\u0219colar\u0103\u201d.<\/i> Federa\u021bia Sindicatelor Libere din \u00cenv\u0103\u021b\u0103m\u00e2nt (FSLI) \u0219i Federa\u021bia Sindicatelor din Educa\u021bie \u201eSpiru Haret\u201d cer acum ministerului s\u0103 revoce circulara nr. 26564\/1704.2026, invoc\u00e2nd c\u0103 prin emiterea acesteia s-au \u00eenc\u0103lcat mai multe norme legale.<\/p>\n<h2>Ce institu\u021bii sunt vizate de noile reduceri de cheltuieli<\/h2>\n<p>Circulara bucluca\u0219\u0103 a fost transmis\u0103, a motivat Ministerul Educa\u021biei, ca urmare a unei adrese de la Ministerul Dezvolt\u0103rii, Lucr\u0103rilor Publice \u0219i Administra\u021biei prin care se cerea transmiterea datelor privind reducerea cheltuielilor de personal \u00een anul 2026 \u0219i completarea \u201e<i>matricei de monitorizare \u0219i evaluare\u201d,<\/i> \u201e\u00een temeiul art. XLIX din OUG nr. 7\/2026\u201d. Inspectoratelor li s-a dat termen de comunicare a machetei completate \u201e<i>cel t\u00e2rziu 20 aprilie 2026, ora 16.00\u201d.<\/i><\/p>\n<div class=\"container-image  svelte-jd4qiv\"><source type=\"image\/webp\" srcset=\"https:\/\/cdn.adh.reperio.news\/image-a\/a35dbd77-c1be-4112-b8cb-fb91eff91662\/index.jpeg?p=a%3D1%26co%3D1.05%26w%3D1400%26h%3D750%26r%3Dcontain%26f%3Dwebp 1400w\" media=\"(min-width: 1400px)\" \/><\/div>\n<p>Vizate de reducerea cu 10% a cheltuielilor de personal, conform adresei respective, sunt inspectoratele \u0219colare jude\u021bene \u0219i unit\u0103\u021bile de educa\u021bie extra\u0219colar\u0103, adic\u0103 centrele de excelen\u021b\u0103, cluburile sportive \u0219colare, palatele \u0219i cluburile elevilor.<\/p>\n<p>Sindicatele au intervenit \u0219i au transmis directorilor obliga\u021bi s\u0103 identifice modalit\u0103\u021bi prin care s\u0103 scad\u0103 cheltuielile cu 10% un punct de vedere redactat de c\u0103tre o societate de avoca\u021bi. Potrivit acestei opinii, unit\u0103\u021bile de educa\u021bie extra\u0219colar\u0103, considerate de minister ca nefiind unit\u0103\u021bi de \u00eenv\u0103\u021b\u0103m\u00e2nt, au fost introduse \u00een list\u0103 \u00eenc\u0103lc\u00e2ndu-se legea, doar inspectoratele \u0219colare, centrele jude\u021bene de asisten\u021b\u0103 \u0219i resurse educa\u021bionale \u0219i casele corpului didactic neput\u00e2nd fi asimilate unit\u0103\u021bilor \u0219colare, potrivit juri\u0219tilor consulta\u021bi de sindicate.<\/p>\n<p>De ce are importan\u021b\u0103 aceast\u0103 clasificare? Pentru c\u0103 forma ini\u021bial\u0103 a art. XLIX, cuprins\u0103 \u00een proiectul de lege pus \u00een transparen\u021b\u0103 decizional\u0103 de MDLPA \u00een ianuarie 2026, prevedea exceptarea de la reducerea cheltuielilor de personal a <b>unit\u0103\u021bilor <\/b>\u0219i <b>institu\u021biilor<\/b> din \u00eenv\u0103\u021b\u0103m\u00e2ntul preuniversitar de stat.<\/p>\n<p>Sindicatele men\u021bioneaz\u0103 \u00een pl\u00e2ngere c\u0103 prin emiterea circularei transmis\u0103 \u00een jude\u021be s-au \u00eenc\u0103lcat: <\/p>\n<p>&#8211; contractul colectiv de munc\u0103, federa\u021biile sindicale nefiind consultate anterior emiterii documentului; <\/p>\n<p>&#8211; chiar articolul  XLIX din OUG nr. 7\/2026 invocat \u00een circular\u0103 drept temei legal, prin care se stabilea c\u0103 unit\u0103\u021bile \u0219i institu\u021biile din \u00eenv\u0103\u021b\u0103m\u00e2ntul preuniversitar de stat sunt exceptate de la m\u0103sura reducerii cheltuielilor de personal;<\/p>\n<p>&#8211; Codul Muncii \u2013 pentru c\u0103 \u00een anexa care trebuia completat\u0103 se reg\u0103seau rubrici precum renun\u021barea la anumite drepturi c\u00e2\u0219tigate (sporuri).<\/p>\n<p>\u201e<i>\u00cen aceste condi\u021bii, av\u00e2nd \u00een vedere caracterul v\u0103dit nelegal al Circularei nr. 26564\/17.04.2026, v\u0103 solicit\u0103m s\u0103 proceda\u021bi la revocarea acesteia, prin emiterea unei alte circulare \u00een acest sens\u201d,<\/i> cer cele dou\u0103 federa\u021bii.<\/p>\n<p>Liderii de sindicat din teritoriu spun c\u0103 nu se cunoa\u0219te la aceast\u0103 dat\u0103 con\u021binutul adreselor trimise ca r\u0103spuns la circular\u0103, cert este c\u0103 \u00een multe jude\u021be directorii s-ar fi conformat \u0219i ar fi identificat<a href=\"https:\/\/adevarul.ro\/stiri-locale\/pitesti\/reactii-dupa-publicarea-proiectului-de-buget-2514125.html\"> m\u0103suri de reducere <\/a>a acestor cheltuieli.<\/p>\n<p>Cele dou\u0103 federa\u021bii din \u00eenv\u0103\u021b\u0103m\u00e2ntul preuniversitar au anun\u021bat totodat\u0103 organizarea unei ac\u021biuni de pichetare a sediului Ministerului Educa\u021biei \u0219i Cercet\u0103rii, \u00een data de 29 aprilie 2026, \u00een intervalul orar 12.00 \u2013 14.00. La ac\u021biune ar urma s\u0103 participe aproximativ 300 de persoane care vor protesta fa\u021b\u0103 de \u201enelegalitatea dispozi\u021biei Ministerului Educa\u021biei \u0219i cercet\u0103rii privind reducerea cu 10% a cheltuielilor de personal din unit\u0103\u021bile de educa\u021bie extra\u0219colar\u0103 din \u00eentreaga \u021bar\u0103\u201d.<\/p>\n<p>\u00cen \u00eenv\u0103\u021b\u0103m\u00e2ntul preuniverstar au fost operate reduceri de cheltuieli \u00eenc\u0103 din vara anului trecut, c\u00e2nd \u00een vacan\u021b\u0103 au fost emise mai multe acte normative care au permis comasarea de unit\u0103\u021bi \u0219colare, cre\u0219terea normei de predare cu dou\u0103 ore, cre\u0219terea obliga\u021biei de catedr\u0103 \u00een cazul directorilor \u0219i inspectorilor etc. \u00cen toamna anului 2025, premierul Ilie Bologan a afirmat c\u0103 <a href=\"https:\/\/adevarul.ro\/stiri-interne\/educatie\/educatia-nu-va-fi-afectata-de-alte-reduceri-2488189.html\">educa\u021bia nu va fi afectat\u0103 de alte t\u0103ieri bugetare.\u00a0<\/a><\/p>\n<p><\/main><\/p>\n<footer class=\"svelte-t0js42\">\n<div class=\"related-wrap related-footer svelte-1t8qpgs\"><span class=\"related-label svelte-1t8qpgs\">Cite\u0219te \u0219i<\/span><a class=\"related svelte-1t8qpgs\" data-gtrack='{\"event\":\"utm_click\",\"data\":{\"event_category\":\"article_related\"}}' href=\"https:\/\/adevarul.ro\/stiri-interne\/educatie\/sindicalisti-din-invatamant-au-pichetat-ministerul-2488310.html\" title=\"Alt articol de interes pentru tine\"><img decoding=\"async\" class=\"thumb svelte-1t8qpgs\" src=\"https:\/\/cdn.adh.reperio.news\/image-4\/42af2e90-b7be-4ae8-b132-246d4349007c\/index.png\" alt loading=\"lazy\" width=\"80\" height=\"54\"><span class=\"title svelte-1t8qpgs\">Sindicali\u015fti din \u00eenv\u0103\u0163\u0103m\u00e2nt au pichetat Ministerul Educa\u0163iei: \u201eProfesorii nu sunt sacul de box al e\u0219ecurilor voastre\u201d <\/span><\/a><a class=\"related svelte-1t8qpgs\" data-gtrack='{\"event\":\"utm_click\",\"data\":{\"event_category\":\"article_related\"}}' href=\"https:\/\/adevarul.ro\/stiri-interne\/educatie\/un-an-reformelor-dar-si-al-austeritatii-cum-s-a-2499666.html\" title=\"Alt articol de interes pentru tine\"><img decoding=\"async\" class=\"thumb svelte-1t8qpgs\" src=\"https:\/\/cdn.adh.reperio.news\/image-9\/9d77986e-97eb-445b-ac8c-4af0c9933c2d\/index.jpeg\" alt loading=\"lazy\" width=\"80\" height=\"54\"><span class=\"title svelte-1t8qpgs\"> Un an al reformelor, dar \u0219i al austerit\u0103\u021bii. Cum s-a schimbat Educa\u021bia \u00een 2025 <\/span><\/a><a class=\"related svelte-1t8qpgs\" data-gtrack='{\"event\":\"utm_click\",\"data\":{\"event_category\":\"article_related\"}}' href=\"https:\/\/adevarul.ro\/stiri-interne\/societate\/austeritate-si-in-2026-in-educatie-mai-dispar-2502528.html\" title=\"Alt articol de interes pentru tine\"><img decoding=\"async\" class=\"thumb svelte-1t8qpgs\" src=\"https:\/\/cdn.adh.reperio.news\/image-b\/bf7a33cf-d13a-4438-b5db-4645b9c84074\/index.jpeg\" alt loading=\"lazy\" width=\"80\" height=\"54\"><span class=\"title svelte-1t8qpgs\">Austeritate \u0219i \u00een 2026 \u00een Educa\u021bie. Mai dispar 2.000 posturi, acuz\u0103 sindicatele. \u201eCe facem? \u00cenghi\u021bim \u0219i mul\u021bumim pentru mas\u0103?\u201d<\/span><\/a><\/div>\n<div class=\"meta svelte-t0js42\">\n<div class=\"authors svelte-t0js42\"><a href=\"\/author\/462\" rel=\"author\" class=\"svelte-t0js42\">Alina Mitran<\/a><\/div>\n<\/div>\n<p><a class=\"moreFromCategory svelte-t0js42\" href=\"\/stiri-interne\/educatie\" title=\"Educa\u021bie\">Mai multe din <strong class=\"svelte-t0js42\">Educa\u021bie<\/strong> \u203a<\/a><\/footer>\n<\/article>\n<p>[analyse_source url=&#8221;https:\/\/adevarul.ro\/stiri-interne\/educatie\/scandal-nou-in-ministerul-educatiei-din-cauza-unei-2524533.html&#8221;]<\/p>\n","protected":false},"excerpt":{"rendered":"<p>[analyse_image type=&#8221;featured&#8221; src=&#8221;https:\/\/cdn.adh.reperio.news\/image-8\/81bff1bd-e7c3-4dcc-a5d0-2542c3a30d3c\/index.jpeg?p=f%3Djpeg%26w%3D1200%26h%3D630%26r%3Dcover&#8221;] Home \u0218tiri Interne Educa\u021bie Scandal nou \u00een Ministerul Educa\u021biei din cauza unei circulare care taie cheltuielile de personal. Sindicatele anun\u021b\u0103 proteste Cele dou\u0103 federa\u021bii sindicale din \u00eenv\u0103\u021b\u0103m\u00e2ntul preuniversitar au \u00eenaintat, miercuri, o pl\u00e2ngere c\u0103tre Ministerul Educa\u021biei, denun\u021b\u00e2nd circulara transmis\u0103 de minister la sf\u00e2r\u0219itul s\u0103pt\u0103m\u00e2nii trecute prin care se cerea reducerea cheltuielilor de [&hellip;]<\/p>\n","protected":false},"author":1,"featured_media":0,"comment_status":"open","ping_status":"","sticky":false,"template":"","format":"standard","meta":{"footnotes":""},"categories":[89],"tags":[19,226],"class_list":["post-1901590","post","type-post","status-publish","format-standard","hentry","category-romania","tag-adevarul","tag-crawlmanager"],"_links":{"self":[{"href":"https:\/\/analyse.optim.biz\/index.php?rest_route=\/wp\/v2\/posts\/1901590","targetHints":{"allow":["GET"]}}],"collection":[{"href":"https:\/\/analyse.optim.biz\/index.php?rest_route=\/wp\/v2\/posts"}],"about":[{"href":"https:\/\/analyse.optim.biz\/index.php?rest_route=\/wp\/v2\/types\/post"}],"author":[{"embeddable":true,"href":"https:\/\/analyse.optim.biz\/index.php?rest_route=\/wp\/v2\/users\/1"}],"replies":[{"embeddable":true,"href":"https:\/\/analyse.optim.biz\/index.php?rest_route=%2Fwp%2Fv2%2Fcomments&post=1901590"}],"version-history":[{"count":0,"href":"https:\/\/analyse.optim.biz\/index.php?rest_route=\/wp\/v2\/posts\/1901590\/revisions"}],"wp:attachment":[{"href":"https:\/\/analyse.optim.biz\/index.php?rest_route=%2Fwp%2Fv2%2Fmedia&parent=1901590"}],"wp:term":[{"taxonomy":"category","embeddable":true,"href":"https:\/\/analyse.optim.biz\/index.php?rest_route=%2Fwp%2Fv2%2Fcategories&post=1901590"},{"taxonomy":"post_tag","embeddable":true,"href":"https:\/\/analyse.optim.biz\/index.php?rest_route=%2Fwp%2Fv2%2Ftags&post=1901590"}],"curies":[{"name":"wp","href":"https:\/\/api.w.org\/{rel}","templated":true}]}}