{"id":1901587,"date":"2026-04-22T14:47:39","date_gmt":"2026-04-22T11:47:39","guid":{"rendered":"https:\/\/analyse.optim.biz\/?p=1901587"},"modified":"2026-04-22T14:47:39","modified_gmt":"2026-04-22T11:47:39","slug":"finalul-unui-jaf-istoric-de-ce-furtul-din-olanda-a-fost-resimtit-ca-o-pierdere-personala-de-catre-romani","status":"publish","type":"post","link":"https:\/\/analyse.optim.biz\/?p=1901587","title":{"rendered":"Finalul unui jaf istoric. De ce furtul din Olanda a fost resim\u021bit ca o pierdere personal\u0103 de c\u0103tre rom\u00e2ni"},"content":{"rendered":"<p>[analyse_image type=&#8221;featured&#8221; src=&#8221;https:\/\/cdn.adh.reperio.news\/image-9\/96e69f1c-66f5-442c-bc6a-0910f285e6d2\/index.jpeg?p=f%3Djpeg%26w%3D1200%26h%3D630%26r%3Dcover&#8221;]<\/p>\n<article class=\"svelte-t0js42\">\n<nav>\n<ul class=\"breadcrump svelte-xauq0s\">\n<li class=\"svelte-xauq0s\"><a href=\"\/\" title=\"Adev\u0103rul\" class=\"svelte-xauq0s\">Home<\/a><\/li>\n<li class=\"svelte-xauq0s\"><a href=\"\/stiri-interne\" class=\"svelte-xauq0s\">\u0218tiri Interne<\/a><\/li>\n<li class=\"svelte-xauq0s\"><a href=\"\/stiri-interne\/societate\" class=\"svelte-xauq0s\">Societate<\/a><\/li>\n<li class=\"svelte-xauq0s\"><a href=\"https:\/\/adevarul.ro\/stiri-interne\/societate\/finalul-unui-jaf-traumatic-de-ce-furtul-din-2524448.html\" class=\"svelte-xauq0s\">Finalul unui jaf istoric. De ce furtul din Olanda a fost resim\u021bit ca o pierdere personal\u0103 de c\u0103tre rom\u00e2ni<\/a><\/li>\n<\/ul>\n<\/nav>\n<p><main class=\"svelte-t0js42\"><\/p>\n<p>Coiful de la Co\u021bofene\u0219ti \u0219i br\u0103\u021b\u0103rile dacice nu sunt simple piese de muzeu, ci adev\u0103rate \u201einstrumente\u201d de construc\u021bie a identit\u0103\u021bii na\u021bionale, afirm\u0103 sociologul R\u0103zvan Dumitru. Odat\u0103 cu revenirea artefactelor \u00een \u021bar\u0103, specialistul explic\u0103 pentru \u201eAdev\u0103rul\u201d c\u0103 emo\u021bia colectiv\u0103 generat\u0103 de acest eveniment dep\u0103\u0219e\u0219te pasiunea pentru istorie: furtul a fost resim\u021bit ca o pierdere personal\u0103 deoarece aceste obiecte sunt dovezi materiale ale propriei noastre defini\u021bii ca popor.<\/p>\n<div class=\"container-image  svelte-jd4qiv\"><source type=\"image\/webp\" srcset=\"https:\/\/cdn.adh.reperio.news\/image-9\/96e69f1c-66f5-442c-bc6a-0910f285e6d2\/index.jpeg?p=a%3D1%26co%3D1.05%26w%3D1400%26h%3D750%26r%3Dcontain%26f%3Dwebp 1400w\" media=\"(min-width: 1400px)\" \/><\/p>\n<div class=\"caption\">Coiful dacic. Surs\u0103 foto: Arhiv\u0103 personal\u0103<\/div>\n<\/div>\n<h2>Mai mult dec\u00e2t pasiune pentru istorie<\/h2>\n<p>\u0218coala, muzeele, ministerele \u0219i mass-media le prezint\u0103 ca dovezi materiale ale unei continuit\u0103\u021bi istorice \u0219i prin chiar acest act de prezentare, identitatea colectiv\u0103 se consolideaz\u0103.<\/p>\n<p><i>\u201eF\u0103c\u00e2nd parte din averea noastr\u0103 colectiv\u0103, avem o raportare emo\u021bional\u0103 la ea, pentru c\u0103 identitatea colectiv\u0103 face parte din cum ne construim pe noi \u00een\u0219ine&#8221;<\/i>, spune el.<\/p>\n<p>De aceea, furtul a fost resim\u021bit ca o pierdere personal\u0103 de milioane de oameni care nu au v\u0103zut niciodat\u0103 coiful \u00een realitate. Iar recuperarea lui func\u021bioneaz\u0103 acum ca o reafirmare: nu a istoriei, ci a noastr\u0103 ca popor.<\/p>\n<p>\u201e<i>Nu e neap\u0103rat un interes pentru istorie, ci pentru identitatea colectiv\u0103. E un semnal c\u0103 avem o identitate colectiv\u0103 care este prezent\u0103<\/i>&#8220;, completeaz\u0103 sociologul.<\/p>\n<h2>O traum\u0103 transformat\u0103 \u00een oportunitate<\/h2>\n<p><i>\u201eDincolo de recuperarea lor material\u0103, \u00eentoarcerea acestor artefacte acas\u0103 are o dimensiune simbolic\u0103. Ea \u00eenseamn\u0103 refacerea unei leg\u0103turi \u00eentre obiect \u0219i memorie, \u00eentre trecut \u0219i prezent, \u00eentre patrimoniu \u0219i comunitatea care \u00eel recunoa\u0219te ca parte din sine\u201d,<\/i> a declarat ministrul Culturii, Demeter Andras Istvan. Acesta a subliniat c\u0103 patrimoniul trebuie nu doar ap\u0103rat, ci \u0219i <i>\u201ea\u0219ezat cu mai mult\u0103 grij\u0103 \u0219i mai mult\u0103 \u00een\u021belepciune \u00een via\u021ba public\u0103. Nu doar p\u0103strat, ci \u0219i f\u0103cut accesibil. Nu doar admirat, ci \u0219i \u00een\u021beles<\/i>\u201d.<\/p>\n<p>Referindu-se la furtul din Olanda, ministrul a precizat c\u0103 societatea nu poate ignora caracterul traumatic al jafului, dar nici nu trebuie s\u0103 r\u0103m\u00e2n\u0103 captiv\u0103 \u00een el. <i>\u201eDac\u0103 trauma este numai evocat\u0103, totul devine inert. Dac\u0103 e negat\u0103, totul devine necredibil. Singura formul\u0103 fertil\u0103 este transformarea traumei \u00eentr-un punct de plecare, pentru mobilizare\u201d,<\/i> a explicat Demeter Andras Istvan, punct\u00e2nd c\u0103 interesul public \u0219i interna\u021bional uria\u0219 trebuie transformat acum \u00eentr-o oportunitate de valorizare strategic\u0103.<\/p>\n<h2>Contextul jafului <\/h2>\n<p>Amintim c\u0103 furtul a avut loc \u00een zorii zilei de 25 ianuarie 2025, la Muzeul Drents din ora\u0219ul olandez Assen. Poli\u021bia a crezut ini\u021bial c\u0103 are de-a face cu detonarea unui bancomat, \u00eens\u0103 explozia fusese provocat\u0103 de ho\u021bi pentru a for\u021ba o ie\u0219ire de urgen\u021b\u0103. \u021ainta lor era expozi\u021bia <i>\u201eDacia &#8211; Kingdom of Gold and Silver\u201d,<\/i> aflat\u0103 chiar \u00een ultimul weekend de vizitare. Odat\u0103 intra\u021bi, indivizii au spart vitrinele cu ciocanele \u0219i au fugit cu piesele centrale ale colec\u021biei: Coiful de la Co\u021bofene\u0219ti \u0219i trei br\u0103\u021b\u0103ri dacice.<\/p>\n<p>Pe baza imaginilor de pe camerele de supraveghere \u0219i a ponturilor primite, poli\u021bia olandez\u0103 a arestat ulterior trei suspec\u021bi, \u00een timp ce un al patrulea \u2013 surprins de camere \u00eentr-un magazin de bricolaj \u2013 este \u0219i acum c\u0103utat. Doi dintre b\u0103rba\u021bii ancheta\u021bi au \u00eencheiat deja un acord cu procurorii \u0219i \u0219i-au recunoscut vina, \u00een timp ce al treilea neag\u0103 orice implicare. Instan\u021ba urmeaz\u0103 s\u0103 pronun\u021be un verdict \u00een acest caz pe 5 iunie.<\/p>\n<p>\u00cen Rom\u00e2nia, jaful a avut consecin\u021be drastice. Fostul director al Muzeului Na\u021bional de Istorie, Ernest Oberl\u00e4nder-T\u00e2rnoveanu, a fost demis pe motiv c\u0103 a aprobat \u00eemprumutarea artefactelor c\u0103tre o institu\u021bie care nu dispunea de m\u0103suri de securitate adecvate. Mai mult, premierul de la acea vreme, Marcel Ciolacu, a cerut public statului olandez plata unor desp\u0103gubiri f\u0103r\u0103 precedent.<\/p>\n<p><a class=\"related-inline svelte-1t8qpgs\" data-gtrack='{\"event\":\"utm_click\",\"data\":{\"event_category\":\"article_related\"}}' href=\"https:\/\/adevarul.ro\/stiri-interne\/evenimente\/primele-imagini-cu-coiful-de-aur-dacic-de-la-2519920.html\" title=\"Alt articol de interes pentru tine\"><span class=\"inline-title svelte-1t8qpgs\">Primele imagini cu coiful de aur dacic de la Co\u021bofene\u0219ti, recuperat dup\u0103 jaful din Olanda<\/span><\/a><\/p>\n<h2>Bre\u0219e de securitate \u0219i o dezbatere interna\u021bional\u0103<\/h2>\n<p>Dincolo de ancheta poli\u021biei, jaful din Olanda a scos la iveal\u0103 lacune grave de securitate la nivelul institu\u021biei gazd\u0103. De\u0219i contractul de \u00eemprumut stipula asigurarea pazei 24 de ore din 24, Muzeul Drents nu avea personal de paz\u0103 prezent fizic \u00een cl\u0103dire \u00een noaptea atacului.<\/p>\n<p>Ton Cremers, fost \u0219ef al securit\u0103\u021bii la celebrul Rijksmuseum din Amsterdam, a explicat pentru presa olandez\u0103 c\u0103 jaful ar fi putut fi prevenit. Potrivit expertului, un sistem de securitate adecvat pentru o expozi\u021bie de o asemenea valoare trebuia s\u0103 aib\u0103 mai multe straturi de protec\u021bie, care s\u0103 \u00eei \u00eempiedice pe ho\u021bi s\u0103 ajung\u0103 la vitrinele principale \u00een doar dou\u0103 minute de la detonarea u\u0219ii. De altfel, speciali\u0219tii \u00een managementul riscului au subliniat c\u0103 alegerea unui muzeu de provincie, aflat \u00eentr-un ora\u0219 de 70.000 de locuitori, a fost neobi\u0219nuit\u0103 pentru expunerea unor astfel de capodopere.<\/p>\n<p>Incidentul a redeschis o dezbatere ampl\u0103 la nivel interna\u021bional cu privire la riscurile expozi\u021biilor itinerante. Exper\u021bi \u00een legisla\u021bie interna\u021bional\u0103, precum Mirta Aktaia Fava (care este \u0219i consilier \u00een achizi\u021bia, evaluarea \u0219i gestionarea operelor de art\u0103), au sus\u021binut c\u0103 obiectele de patrimoniu care au o valoare istoric\u0103 \u0219i simbolic\u0103 excep\u021bional\u0103 ar trebui declarate <i>\u201einamovibile\u201d.<\/i> Astfel, potrivit acestei viziuni, piese unice precum Coiful de la Co\u021bofene\u0219ti nu ar mai trebui \u00eemprumutate niciodat\u0103 peste hotare, pentru a elimina complet riscul distrugerii sau al furtului.<\/p>\n<h2>Ce \u00eenseamn\u0103, de fapt, Coiful de la Co\u021bofene\u0219ti<\/h2>\n<p>Coiful de la Co\u021bofene\u0219ti trebuie \u00een\u021beles \u00een contextul mentalit\u0103\u021bilor din Antichitate. Pentru ge\u021bi, obiectele decorate cu simboluri aveau at\u00e2t rol estetic, c\u00e2t \u0219i func\u021bii legate de protec\u021bie \u0219i de legitimare a puterii.<\/p>\n<p>Simbolurile de pe coif \u2013 scene mitologice, reprezent\u0103ri de animale \u0219i motive decorative \u2013 erau asociate cu ideea de protec\u021bie \u00eempotriva r\u0103ului \u0219i de sus\u021binere din partea unor for\u021be superioare. \u00centr-un context dominat de r\u0103zboi, boal\u0103 \u0219i incertitudine, astfel de obiecte ofereau un sentiment de siguran\u021b\u0103. Dincolo de latura spiritual\u0103, coiful avea un rol social \u0219i politic clar: era un semn de statut, rezervat exclusiv conduc\u0103torilor, marc\u00e2nd diferen\u021ba fa\u021b\u0103 de restul comunit\u0103\u021bii. Practic, Coiful de la Co\u021bofene\u0219ti reune\u0219te trei func\u021bii majore: reprezentarea puterii, manifestarea credin\u021bei \u0219i afi\u0219area statutului social.<\/p>\n<p><a class=\"related-inline svelte-1t8qpgs\" data-gtrack='{\"event\":\"utm_click\",\"data\":{\"event_category\":\"article_related\"}}' href=\"https:\/\/adevarul.ro\/dezvoltare-personala\/sport-si-nutritie\/milioane-de-oameni-cer-sfaturi-medicale-2521992.html\" title=\"Alt articol de interes pentru tine\"><span class=\"inline-title svelte-1t8qpgs\">Milioane de oameni cer sfaturi medicale inteligen\u021bei artificiale. Cum poate fi de folos ChatGPT<\/span><\/a><\/p>\n<h2>Br\u0103\u021b\u0103rile dacice de aur<\/h2>\n<p>Potrivit informa\u021biilor publicate de Muzeul Na\u021bional de Istorie a Rom\u00e2niei, br\u0103\u021b\u0103rile dacice de aur descoperite la Sarmizegetusa Regia sunt considerate piese regale. Acestea fac parte din categoria obiectelor de ceremonie, al\u0103turi de coifuri, vase ritualice \u0219i elemente de harna\u0219ament, fiind semne ale puterii ce apar\u021bineau aristocra\u021biei.<\/p>\n<p>\u00cen orfevr\u0103ria \u0219i arta getic\u0103, imaginile de animale aveau o func\u021bie simbolic\u0103 precis\u0103. Ele erau considerate protectoare, cu rol apotropaic, fiind asociate ideii de ap\u0103rare \u0219i for\u021b\u0103, \u00een special \u00een contextul luptei sau al v\u00e2n\u0103torii. Motivele zoomorfe includ animale reale specifice zonei \u2013 precum \u0219erpi, mistre\u021bi, cai sau vulturi \u2013, animale exotice precum leii, dar \u0219i creaturi fantastice sau compozite, precum grifonii.<\/p>\n<p>Conform speciali\u0219tilor muzeului, credin\u021ba \u00een puterea magic\u0103 a imaginilor a contribuit la alegerea animalelor ca subiect central al artei, fiind menite s\u0103 previn\u0103 dezastrele \u0219i s\u0103 confere putere purt\u0103torului. Prezen\u021ba acestor obiecte indic\u0103 existen\u021ba unei ierarhii politice \u0219i a unei aristocra\u021bii locale \u00een cadrul unei societ\u0103\u021bi stratificate, \u00een care aurul func\u021biona ca indicator al statutului.<\/p>\n<p>Tot Muzeul Na\u021bional de Istorie aminte\u0219te cum \u00een perioada 1996\u20132001, \u00eentreaga zon\u0103 Sarmizegetusa Regia a fost vizat\u0103 de grup\u0103ri de crim\u0103 organizat\u0103 care au practicat braconajul arheologic pe scar\u0103 larg\u0103. Dintre cele 24 de br\u0103\u021b\u0103ri dacice de aur sustrase \u0219i exportate ilegal ini\u021bial, o parte au fost recuperate <a href=\"https:\/\/adevarul.ro\/dezvoltare-personala\/sport-si-nutritie\/milioane-de-oameni-cer-sfaturi-medicale-2521992.html\">de-a lungul timpului de statul rom\u00e2n.<\/a><\/p>\n<p><\/main><\/p>\n<footer class=\"svelte-t0js42\">\n<div class=\"related-wrap related-footer svelte-1t8qpgs\"><span class=\"related-label svelte-1t8qpgs\">Cite\u0219te \u0219i<\/span><a class=\"related svelte-1t8qpgs\" data-gtrack='{\"event\":\"utm_click\",\"data\":{\"event_category\":\"article_related\"}}' href=\"https:\/\/adevarul.ro\/dezvoltare-personala\/spiritualitate\/uiti-lucruri-importante-solutia-e-mai-simpla-2523197.html\" title=\"Alt articol de interes pentru tine\"><img decoding=\"async\" class=\"thumb svelte-1t8qpgs\" src=\"https:\/\/cdn.adh.reperio.news\/image-1\/17821ed6-b3fa-420f-a746-f821824517fc\/index.jpeg\" alt loading=\"lazy\" width=\"80\" height=\"54\"><span class=\"title svelte-1t8qpgs\">Ui\u021bi lucruri importante? Solu\u021bia e mai simpl\u0103 dec\u00e2t crezi<\/span><\/a><\/div>\n<div class=\"meta svelte-t0js42\">\n<div class=\"authors svelte-t0js42\"><a href=\"\/author\/2076\" rel=\"author\" class=\"svelte-t0js42\">Lucian Mironescu<\/a><\/div>\n<div class=\"tags svelte-12okeyl\"><span class=\"tags-label metaFont svelte-12okeyl\">Cite\u0219te mai multe despre<\/span><\/p>\n<div class=\"tags-list svelte-12okeyl\"><a href=\"\/tag\/olanda\" title=\"Ultimele \u0219tiri despre olanda\" class=\"tag-pill svelte-12okeyl\">olanda<\/a><a href=\"\/tag\/bratari%20dacice\" title=\"Ultimele \u0219tiri despre bratari dacice\" class=\"tag-pill svelte-12okeyl\">bratari dacice<\/a><\/div>\n<\/div>\n<\/div>\n<p><a class=\"moreFromCategory svelte-t0js42\" href=\"\/stiri-interne\/societate\" title=\"Societate\">Mai multe din <strong class=\"svelte-t0js42\">Societate<\/strong> \u203a<\/a><\/footer>\n<\/article>\n<p>[analyse_source url=&#8221;https:\/\/adevarul.ro\/stiri-interne\/societate\/finalul-unui-jaf-traumatic-de-ce-furtul-din-2524448.html&#8221;]<\/p>\n","protected":false},"excerpt":{"rendered":"<p>[analyse_image type=&#8221;featured&#8221; src=&#8221;https:\/\/cdn.adh.reperio.news\/image-9\/96e69f1c-66f5-442c-bc6a-0910f285e6d2\/index.jpeg?p=f%3Djpeg%26w%3D1200%26h%3D630%26r%3Dcover&#8221;] Home \u0218tiri Interne Societate Finalul unui jaf istoric. De ce furtul din Olanda a fost resim\u021bit ca o pierdere personal\u0103 de c\u0103tre rom\u00e2ni Coiful de la Co\u021bofene\u0219ti \u0219i br\u0103\u021b\u0103rile dacice nu sunt simple piese de muzeu, ci adev\u0103rate \u201einstrumente\u201d de construc\u021bie a identit\u0103\u021bii na\u021bionale, afirm\u0103 sociologul R\u0103zvan Dumitru. Odat\u0103 cu revenirea artefactelor [&hellip;]<\/p>\n","protected":false},"author":1,"featured_media":0,"comment_status":"open","ping_status":"","sticky":false,"template":"","format":"standard","meta":{"footnotes":""},"categories":[89],"tags":[19,226],"class_list":["post-1901587","post","type-post","status-publish","format-standard","hentry","category-romania","tag-adevarul","tag-crawlmanager"],"_links":{"self":[{"href":"https:\/\/analyse.optim.biz\/index.php?rest_route=\/wp\/v2\/posts\/1901587","targetHints":{"allow":["GET"]}}],"collection":[{"href":"https:\/\/analyse.optim.biz\/index.php?rest_route=\/wp\/v2\/posts"}],"about":[{"href":"https:\/\/analyse.optim.biz\/index.php?rest_route=\/wp\/v2\/types\/post"}],"author":[{"embeddable":true,"href":"https:\/\/analyse.optim.biz\/index.php?rest_route=\/wp\/v2\/users\/1"}],"replies":[{"embeddable":true,"href":"https:\/\/analyse.optim.biz\/index.php?rest_route=%2Fwp%2Fv2%2Fcomments&post=1901587"}],"version-history":[{"count":0,"href":"https:\/\/analyse.optim.biz\/index.php?rest_route=\/wp\/v2\/posts\/1901587\/revisions"}],"wp:attachment":[{"href":"https:\/\/analyse.optim.biz\/index.php?rest_route=%2Fwp%2Fv2%2Fmedia&parent=1901587"}],"wp:term":[{"taxonomy":"category","embeddable":true,"href":"https:\/\/analyse.optim.biz\/index.php?rest_route=%2Fwp%2Fv2%2Fcategories&post=1901587"},{"taxonomy":"post_tag","embeddable":true,"href":"https:\/\/analyse.optim.biz\/index.php?rest_route=%2Fwp%2Fv2%2Ftags&post=1901587"}],"curies":[{"name":"wp","href":"https:\/\/api.w.org\/{rel}","templated":true}]}}