{"id":1901561,"date":"2026-04-22T11:35:35","date_gmt":"2026-04-22T08:35:35","guid":{"rendered":"https:\/\/analyse.optim.biz\/?p=1901561"},"modified":"2026-04-22T11:35:35","modified_gmt":"2026-04-22T08:35:35","slug":"prim-vicepresedintele-aur-dan-dungaciu-un-premier-tehnocrat-nu-e-neutru-e-o-iluzie-sa-credem-in-solutii","status":"publish","type":"post","link":"https:\/\/analyse.optim.biz\/?p=1901561","title":{"rendered":"Prim-vicepre\u0219edintele AUR, Dan Dungaciu: \u201eUn premier tehnocrat nu e neutru. E o iluzie s\u0103 credem \u00een solu\u021bii&#8230;"},"content":{"rendered":"<p>[analyse_image type=&#8221;featured&#8221; src=&#8221;https:\/\/cdn.adh.reperio.news\/image-4\/4408190c-7078-4a9e-926f-ae0b815d0cdb\/index.jpeg?p=f%3Djpeg%26w%3D1200%26h%3D630%26r%3Dcover&#8221;]<\/p>\n<article class=\"svelte-t0js42\">\n<nav>\n<ul class=\"breadcrump svelte-xauq0s\">\n<li class=\"svelte-xauq0s\"><a href=\"\/\" title=\"Adev\u0103rul\" class=\"svelte-xauq0s\">Home<\/a><\/li>\n<li class=\"svelte-xauq0s\"><a href=\"\/stiri-interne\" class=\"svelte-xauq0s\">\u0218tiri Interne<\/a><\/li>\n<li class=\"svelte-xauq0s\"><a href=\"\/stiri-interne\/evenimente\" class=\"svelte-xauq0s\">Evenimente<\/a><\/li>\n<li class=\"svelte-xauq0s\"><a href=\"https:\/\/adevarul.ro\/stiri-interne\/evenimente\/prim-vicepresedintele-aur-dan-dungaciu-un-2524456.html\" class=\"svelte-xauq0s\">Prim-vicepre\u0219edintele AUR, Dan Dungaciu: \u201eUn premier tehnocrat nu e neutru. E o iluzie s\u0103 credem \u00een solu\u021bii neutre\u201d<\/a><\/li>\n<\/ul>\n<\/nav>\n<p><main class=\"svelte-t0js42\"><\/p>\n<p>Prim-vicepre\u0219edintele AUR, Dan Dungaciu, a declarat la \u201eInterviurile Adev\u0103rul\u201d c\u0103 forma\u021biunea a purtat discu\u021bii informale cu toate partidele din Parlament, \u00eens\u0103 orice eventual\u0103 sus\u021binere pentru un guvern depinde strict de negocieri punctuale, \u201ebetonate\u201d \u00een prealabil.<\/p>\n<div class=\"container-image  svelte-jd4qiv\"><source type=\"image\/webp\" srcset=\"https:\/\/cdn.adh.reperio.news\/image-4\/4408190c-7078-4a9e-926f-ae0b815d0cdb\/index.jpeg?p=a%3D1%26co%3D1.05%26w%3D1400%26h%3D750%26r%3Dcontain%26f%3Dwebp 1400w\" media=\"(min-width: 1400px)\" \/><\/p>\n<div class=\"caption\">Prim-vicepre\u0219edintele AUR, Dan Dungaciu, a declarat la \u201eInterviurile Adev\u0103rul\u201d. FOTO: Adev\u0103rul <\/div>\n<\/div>\n<p>\u00cen ceea ce prive\u0219te scenariul unui premier tehnocrat, acesta a afirmat c\u0103 o astfel de variant\u0103 nu ar rezolva conflictele politice dintre partidele aflate \u00een competi\u021bie.<\/p>\n<p><i>\u201eUn premier tehnocrat este s\u0103 dai c\u00e2\u0219tig de cauz\u0103 unui partid. Deci, ideea c\u0103&#8230; din c\u00e2te am urm\u0103rit \u0219i noi, at\u00e2ta c\u00e2t am urm\u0103rit, PSD-ul vrea s\u0103 d\u0103r\u00e2me premierul. Nu guvernul neap\u0103rat, nu coali\u021bia, premierul. Niciodat\u0103 PSD-ul, ierta\u021bi-m\u0103, din c\u00e2te \u0219tim noi, nu a condi\u021bionat \u00eenlocuirea actualului premier cu un altul. A spus doar \u00eenlocuire\u201d,<\/i> a spus Dan Dungaciu.<\/p>\n<p>Acesta a mai ad\u0103ugat c\u0103 un premier tehnocrat nu ar reprezenta o solu\u021bie neutr\u0103 \u00een actualul context politic.<\/p>\n<p><i>\u201eImagina\u021bi-v\u0103 cum vor suna toate aceste chestiuni c\u00e2nd va veni un alt premier tehnocrat sau nu, dup\u0103 ce Partidul Na\u021bional Liberal a f\u0103cut, nu-i a\u0219a, coali\u021bie str\u00e2ns unit\u0103 \u00een jurul actualului premier. E o iluzie s\u0103 credem c\u0103 \u00een acest moment pot s\u0103 existe solu\u021bii neutre. Nu vor fi neutre\u201d, <\/i>a declarat acesta.\u00a0<\/p>\n<p>Dungaciu a avertizat c\u0103 tensiunile politice risc\u0103 s\u0103 se accentueze, \u00een lipsa unor mecanisme de detensionare, iar punerea la putere a unui premier tehnocrat ar putea da <i>\u201eap\u0103 la moar\u0103\u201d<\/i> PSD-ului. <\/p>\n<p><i>\u201eMie mi se pare mai mult dec\u00e2t evident c\u0103 d\u0103 ap\u0103 la moar\u0103 PSD-ului. Cum o s\u0103 ias\u0103 din aceast\u0103 tensiune PNL-ul? E foarte greu, pentru c\u0103 \u2013 revin la compara\u021bia cu inelul puterii \u2013 inelul puterii este o chestie extrem de complicat\u0103 \u0219i apar resentimente, apar frustr\u0103ri, apar orgolii \u0219i e foarte greu s\u0103 le pui cap la cap pentru c\u0103 criza \u00een Rom\u00e2nia s-a declan\u0219at. Ea va cre\u0219te, ea va spori. Nu v\u0103d niciun element care s\u0103 tempereze \u00een acest moment criza. Sigur c\u0103 un telefon de la Bruxelles, venit \u0219i dat, e singurul element care poate s\u0103 tempereze sau s\u0103 pun\u0103 \u00eempreun\u0103 taberele aparent ireconciliabile.\u201d<\/i><\/p>\n<div class=\"_hydratable\" data-props=\"%7B%22type%22%3A%22video%22%2C%22data%22%3A%7B%22player_options%22%3A%7B%7D%2C%22video%22%3A%7B%22animated%22%3A0%2C%22created_at%22%3A%222026-04-22T10%3A28%3A03.000Z%22%2C%22created_by%22%3A143%2C%22entity_type%22%3A%22media%22%2C%22extension%22%3A%22mp4%22%2C%22id%22%3A%22956487d5-3ff7-4498-a9fa-ac8f8c9c61ea%22%2C%22origin_duration%22%3A40520%2C%22origin_hash%22%3A%22f1df8cf3471304e7e101507991e1ccd3c48dec4e%22%2C%22origin_height%22%3A1080%2C%22origin_name%22%3A%22DAN%20DUNGACIU%202.mp4%22%2C%22origin_size%22%3A25667283%2C%22origin_width%22%3A1920%2C%22path%22%3A%22video-9%2F956487d5-3ff7-4498-a9fa-ac8f8c9c61ea%2Findex.m3u8%22%2C%22prevent_prune%22%3A0%2C%22published%22%3A0%2C%22restrict_domains%22%3Anull%2C%22status%22%3A%22ready%22%2C%22thumb%22%3A%22https%3A%2F%2Fcdn.adh.reperio.news%2Fvideo-9%2F956487d5-3ff7-4498-a9fa-ac8f8c9c61ea%2Fthumb.0000000.jpg%22%2C%22title%22%3A%22Dac%C4%83%20Pre%C8%99edintele%20va%20propune%20un%20premier%20tehnocrat%2C%20le%20va%20da%20c%C3%A2%C8%99tig%20de%20cauz%C4%83%20celor%20din%20PSD%20%22%2C%22type%22%3A%22video%22%2C%22updated_at%22%3A%222026-04-22T10%3A30%3A17.000Z%22%2C%22url%22%3A%22https%3A%2F%2Fcdn.adh.reperio.news%2Fvideo-9%2F956487d5-3ff7-4498-a9fa-ac8f8c9c61ea%2Findex.m3u8%22%2C%22video_raw%22%3Anull%2C%22video_thumbnail%22%3A%22thumb.0000000.jpg%22%7D%7D%7D\" data-context=\"%7B%22parentBlockColumnCount%22%3A%7B%22value%22%3A0%2C%22type%22%3A%22store%2Freadable%22%7D%2C%22parentBlockBackgroundColor%22%3A%7B%22type%22%3A%22store%2Freadable%22%7D%7D\" data-component=\"EditorVideoPlayer\"><\/div>\n<p>Dan Dungaciu a criticat ideea unei repozi\u021bion\u0103ri politice \u00een jurul USR \u0219i a unei eventuale concentr\u0103ri de putere \u00eentr-un singur pol politic.\u00a0<\/p>\n<p><i>\u201eDac\u0103 va rima mai mult cu USR-ul, evident c\u0103 lucrurile vor fi \u0219i mai clare, pentru c\u0103 toat\u0103 discu\u021bia legat\u0103 de un partid care are 10% \u0219i a dat to\u021bi mini\u0219trii posibili \u0219i toat\u0103 zona de g\u00e2ndire strategic\u0103 din Rom\u00e2nia: pre\u0219edinte indirect, ministru de externe, ministru al Ap\u0103r\u0103rii&#8230; Asta e toat\u0103 zona de g\u00e2ndire strategic\u0103. Dac\u0103 acest partid sau, m\u0103 rog, aceast\u0103 partid\u0103 \u2013 hai s\u0103 nu-i spunem partid \u2013 \u00ee\u0219i va pune \u0219i premierul, v\u0103 imagina\u021bi cam ce discu\u021bii vor ap\u0103rea \u00een Rom\u00e2nia? \u0218i ce fericit va fi sigur, inclusiv PSD-ul, cu asta. Sau cu m\u00e2na lui va pune un asemenea premier\u201d,<\/i> a spus acesta.\u00a0<\/p>\n<div class=\"_hydratable\" data-props=\"%7B%22type%22%3A%22video%22%2C%22data%22%3A%7B%22player_options%22%3A%7B%7D%2C%22video%22%3A%7B%22animated%22%3A0%2C%22created_at%22%3A%222026-04-22T10%3A28%3A03.000Z%22%2C%22created_by%22%3A143%2C%22entity_type%22%3A%22media%22%2C%22extension%22%3A%22mp4%22%2C%22id%22%3A%22ace584c5-7289-4e4b-bb6d-61574fc5490f%22%2C%22origin_duration%22%3A30120%2C%22origin_hash%22%3A%22529f3b772b3cf81bfd7844701e58e452638628d6%22%2C%22origin_height%22%3A1080%2C%22origin_name%22%3A%22DAN%20DUNGACIU%203.mp4%22%2C%22origin_size%22%3A19144643%2C%22origin_width%22%3A1920%2C%22path%22%3A%22video-a%2Face584c5-7289-4e4b-bb6d-61574fc5490f%2Findex.m3u8%22%2C%22prevent_prune%22%3A0%2C%22published%22%3A0%2C%22restrict_domains%22%3Anull%2C%22status%22%3A%22ready%22%2C%22thumb%22%3A%22https%3A%2F%2Fcdn.adh.reperio.news%2Fvideo-a%2Face584c5-7289-4e4b-bb6d-61574fc5490f%2Fthumb.0000000.jpg%22%2C%22title%22%3A%22Un%20premier%20tehnocrat%20ar%20fi%20o%20lovitur%C4%83%20la%20PNL%22%2C%22type%22%3A%22video%22%2C%22updated_at%22%3A%222026-04-22T10%3A31%3A00.000Z%22%2C%22url%22%3A%22https%3A%2F%2Fcdn.adh.reperio.news%2Fvideo-a%2Face584c5-7289-4e4b-bb6d-61574fc5490f%2Findex.m3u8%22%2C%22video_raw%22%3Anull%2C%22video_thumbnail%22%3A%22thumb.0000000.jpg%22%7D%7D%7D\" data-context=\"%7B%22parentBlockColumnCount%22%3A%7B%22value%22%3A0%2C%22type%22%3A%22store%2Freadable%22%7D%2C%22parentBlockBackgroundColor%22%3A%7B%22type%22%3A%22store%2Freadable%22%7D%7D\" data-component=\"EditorVideoPlayer\"><\/div>\n<p><a class=\"related-inline svelte-1t8qpgs\" data-gtrack='{\"event\":\"utm_click\",\"data\":{\"event_category\":\"article_related\"}}' href=\"https:\/\/adevarul.ro\/politica\/ministrul-muncii-florin-manole-crede-ca-pnl-ar-2524265.html\" title=\"Alt articol de interes pentru tine\"><span class=\"inline-title svelte-1t8qpgs\">Ministrul Muncii, Florin Manole, crede c\u0103 PNL ar putea face alian\u021b\u0103 cu AUR. Declara\u021bia lui Bolojan care st\u00e2rne\u0219te suspiciuni<\/span><\/a><\/p>\n<p>Acesta a continuat, sus\u021bin\u00e2nd c\u0103 disputele politice actuale sunt alimentate de calcule strategice \u0219i de evitarea asum\u0103rii directe a unor decizii.\u00a0<\/p>\n<p><i> \u201eE mult mai simplu s\u0103 te duci s\u0103 pui vina pe partidul AUR, pentru c\u0103 n-ai curaj s\u0103 o faci singur. Pentru c\u0103 cineva te va \u00eentreba de la Bruxelles: Cum v\u0103 permite\u021bi s\u0103 da\u021bi jos un guvern european? Cum v\u0103 permite\u021bi s\u0103 v\u0103 \u00eempotrivi\u021bi cordonului sanitar pe care noi l-am instituit la Bruxelles, adic\u0103 nu face\u021bi coali\u021bii politice cu partidele care sunt partidele care sunt\u201d.\u00a0<\/i><\/p>\n<div class=\"_hydratable\" data-props=\"%7B%22type%22%3A%22video%22%2C%22data%22%3A%7B%22player_options%22%3A%7B%7D%2C%22video%22%3A%7B%22animated%22%3A0%2C%22created_at%22%3A%222026-04-22T10%3A28%3A03.000Z%22%2C%22created_by%22%3A143%2C%22entity_type%22%3A%22media%22%2C%22extension%22%3A%22mp4%22%2C%22id%22%3A%222878e219-f2d5-455c-bd12-26f571bf7077%22%2C%22origin_duration%22%3A43640%2C%22origin_hash%22%3A%22dc077c7898ed872619b653fa49dca04f919bf6b0%22%2C%22origin_height%22%3A1080%2C%22origin_name%22%3A%22DAN%20DUNGACIU%201.mp4%22%2C%22origin_size%22%3A27715211%2C%22origin_width%22%3A1920%2C%22path%22%3A%22video-2%2F2878e219-f2d5-455c-bd12-26f571bf7077%2Findex.m3u8%22%2C%22prevent_prune%22%3A0%2C%22published%22%3A0%2C%22restrict_domains%22%3Anull%2C%22status%22%3A%22ready%22%2C%22thumb%22%3A%22https%3A%2F%2Fcdn.adh.reperio.news%2Fvideo-2%2F2878e219-f2d5-455c-bd12-26f571bf7077%2Fthumb.0000000.jpg%22%2C%22title%22%3A%22PAD%20s-a%20folosit%20de%20partidele%20mici%20din%20parlament%20c%C4%83%20s%C4%83%20atace%20Guvernul%22%2C%22type%22%3A%22video%22%2C%22updated_at%22%3A%222026-04-22T10%3A29%3A31.000Z%22%2C%22url%22%3A%22https%3A%2F%2Fcdn.adh.reperio.news%2Fvideo-2%2F2878e219-f2d5-455c-bd12-26f571bf7077%2Findex.m3u8%22%2C%22video_raw%22%3Anull%2C%22video_thumbnail%22%3A%22thumb.0000000.jpg%22%7D%7D%7D\" data-context=\"%7B%22parentBlockColumnCount%22%3A%7B%22value%22%3A0%2C%22type%22%3A%22store%2Freadable%22%7D%2C%22parentBlockBackgroundColor%22%3A%7B%22type%22%3A%22store%2Freadable%22%7D%7D\" data-component=\"EditorVideoPlayer\"><\/div>\n<h2>Cine este Dan Dungaciu<\/h2>\n<p>Dan Dungaciu este un sociolog \u0219i geopolitician rom\u00e2n, care \u0219i-a construit de-a lungul timpului o carier\u0103 solid\u0103 at\u00e2t \u00een mediul academic, c\u00e2t \u0219i \u00een spa\u021biul public. \u00cen prezent, este prim-vicepre\u0219edintele Alian\u021bei pentru Unirea Rom\u00e2nilor (AUR).\u00cen prezent, este profesor universitar la Catedra de Sociologie a Universita\u021bii din Bucure\u0219ti. Totodat\u0103, a ocupat func\u021bia de director al Institutului de \u0218tiin\u021be Politice \u0219i Rela\u021bii Interna\u021bionale \u201eIon I. C. Br\u0103tianu\u201d (ISPRI) \u00eentre 2011 \u0219i 2023 \u0219i este pre\u0219edinte al Funda\u021biei Universitare a M\u0103rii Negre din Rom\u00e2nia. Dungaciu s-a implicat \u0219i \u00een zona institu\u021bional\u0103. A fost secretar de stat \u00een cadrul Ministerului Afacerilor Externe (MAE) \u0219i consilier preziden\u021bial pentru integrare european\u0103 la Pre\u0219edin\u021bia Republicii Moldova, \u00een perioada 2010\u20132011.<\/p>\n<h2>Situa\u021bia politic\u0103 din Rom\u00e2nia s-a acutizat<\/h2>\n<p>Situa\u021bia politic\u0103 s-a acutizat dup\u0103 ce\u00a0<a href=\"https:\/\/adevarul.ro\/economie\/efectele-votului-din-psd-asupra-economiei-2524210.html\">PSD a votat cov\u00e2r\u0219itor retragerea sprijinului pentru premierul Ilie Bolojan.<\/a>\u00a0\u00cen replic\u0103, liderii PNL s-au reunit mar\u021bi \u00eentr-o \u0219edin\u021b\u0103 decisiv\u0103, \u00een care au transmis semnale de sus\u021binere pentru actualul prim-ministru, \u00een ciuda divergen\u021belor tot mai evidente din interiorul coali\u021biei.<\/p>\n<p>Surse politice citate de Adev\u0103rul sus\u021bin c\u0103 premierul ar inten\u021biona s\u0103 demit\u0103, \u00een \u0219edin\u021ba de guvern de joi, to\u021bi demnitarii PSD \u2013 de la mini\u0219tri la prefec\u021bi \u2013 urm\u00e2nd s\u0103 \u00eei \u00eenlocuiasc\u0103 cu tehnocra\u021bi \u0219i reprezentan\u021bi ai societ\u0103\u021bii civile.<\/p>\n<p>Conducerea PNL ar urma s\u0103 \u00eei solicite lui Sorin Grindeanu s\u0103 renun\u021be la func\u021bia de pre\u0219edinte al Camerei Deputa\u021bilor. PSD consider\u0103 c\u0103 actuala coali\u021bie poate continua, \u00eens\u0103 cu un alt premier. USR acuz\u0103 PSD c\u0103 a provocat deliberat criza politic\u0103, pun\u00e2nd \u00een pericol stabilitatea guvern\u0103rii \u0219i accesarea fondurilor europene.<\/p>\n<p>Pe fondul acestor tensiuni, pre\u0219edintele Nicu\u0219or Dan are programate tot miercuri, 22 aprilie, la Palatul Cotroceni,\u00a0<a href=\"https:\/\/adevarul.ro\/politica\/consultari-la-cotroceni-intre-presedintele-nicusor-2524350.html\">\u00eent\u00e2lniri cu liderii forma\u021biunilor din coali\u021bia de guvernare.<\/a><\/p>\n<p><\/main><\/p>\n<footer class=\"svelte-t0js42\">\n<div class=\"related-wrap related-footer svelte-1t8qpgs\"><span class=\"related-label svelte-1t8qpgs\">Cite\u0219te \u0219i<\/span><a class=\"related svelte-1t8qpgs\" data-gtrack='{\"event\":\"utm_click\",\"data\":{\"event_category\":\"article_related\"}}' href=\"https:\/\/adevarul.ro\/interviurile-adevarul\/prim-vicepresedintele-aur-dan-dungaciu-invitat-la-2524360.html\" title=\"Alt articol de interes pentru tine\"><img decoding=\"async\" class=\"thumb svelte-1t8qpgs\" src=\"https:\/\/cdn.adh.reperio.news\/image-d\/d842314a-2bf8-46c7-8d3c-e3b2bcffc5e0\/index.jpeg\" alt loading=\"lazy\" width=\"80\" height=\"54\"><span class=\"title svelte-1t8qpgs\">Planul AUR \u0219i culisele discu\u021biilor secrete de pe holurile Parlamentului &#8211; Dan Dungaciu, la Interviurile Adev\u0103rul <\/span><\/a><a class=\"related svelte-1t8qpgs\" data-gtrack='{\"event\":\"utm_click\",\"data\":{\"event_category\":\"article_related\"}}' href=\"https:\/\/adevarul.ro\/interviurile-adevarul\/senatorul-pnl-daniel-fenechiu-este-invitat-la-2524436.html\" title=\"Alt articol de interes pentru tine\"><img decoding=\"async\" class=\"thumb svelte-1t8qpgs\" src=\"https:\/\/cdn.adh.reperio.news\/image-a\/a4561f94-cada-4e1a-868e-4b84be09620e\/index.jpeg\" alt loading=\"lazy\" width=\"80\" height=\"54\"><span class=\"title svelte-1t8qpgs\">Ultimatum de la PNL pentru Nicu\u0219or Dan: \u201eUneori conteaz\u0103 s\u0103 te po\u021bi privi \u00een oglind\u0103\u201d. Senatorul Daniel Fenechiu la Interviurile Adev\u0103rul<\/span><\/a><\/div>\n<div class=\"meta svelte-t0js42\">\n<div class=\"authors svelte-t0js42\"><a href=\"\/author\/1899\" rel=\"author\" class=\"svelte-t0js42\">Maria \u0162aga<\/a><\/div>\n<div class=\"tags svelte-12okeyl\"><span class=\"tags-label metaFont svelte-12okeyl\">Cite\u0219te mai multe despre<\/span><\/p>\n<div class=\"tags-list svelte-12okeyl\"><a href=\"\/tag\/aur\" title=\"Ultimele \u0219tiri despre aur\" class=\"tag-pill svelte-12okeyl\">aur<\/a><a href=\"\/tag\/criza%20politica\" title=\"Ultimele \u0219tiri despre criza politica\" class=\"tag-pill svelte-12okeyl\">criza politica<\/a><a href=\"\/tag\/interviurile%20adevarul\" title=\"Ultimele \u0219tiri despre interviurile adevarul\" class=\"tag-pill svelte-12okeyl\">interviurile adevarul<\/a><\/div>\n<\/div>\n<\/div>\n<p><a class=\"moreFromCategory svelte-t0js42\" href=\"\/stiri-interne\/evenimente\" title=\"Evenimente\">Mai multe din <strong class=\"svelte-t0js42\">Evenimente<\/strong> \u203a<\/a><\/footer>\n<\/article>\n<p>[analyse_source url=&#8221;https:\/\/adevarul.ro\/stiri-interne\/evenimente\/prim-vicepresedintele-aur-dan-dungaciu-un-2524456.html&#8221;]<\/p>\n","protected":false},"excerpt":{"rendered":"<p>[analyse_image type=&#8221;featured&#8221; src=&#8221;https:\/\/cdn.adh.reperio.news\/image-4\/4408190c-7078-4a9e-926f-ae0b815d0cdb\/index.jpeg?p=f%3Djpeg%26w%3D1200%26h%3D630%26r%3Dcover&#8221;] Home \u0218tiri Interne Evenimente Prim-vicepre\u0219edintele AUR, Dan Dungaciu: \u201eUn premier tehnocrat nu e neutru. E o iluzie s\u0103 credem \u00een solu\u021bii neutre\u201d Prim-vicepre\u0219edintele AUR, Dan Dungaciu, a declarat la \u201eInterviurile Adev\u0103rul\u201d c\u0103 forma\u021biunea a purtat discu\u021bii informale cu toate partidele din Parlament, \u00eens\u0103 orice eventual\u0103 sus\u021binere pentru un guvern depinde strict de [&hellip;]<\/p>\n","protected":false},"author":1,"featured_media":0,"comment_status":"open","ping_status":"","sticky":false,"template":"","format":"standard","meta":{"footnotes":""},"categories":[89],"tags":[19,226],"class_list":["post-1901561","post","type-post","status-publish","format-standard","hentry","category-romania","tag-adevarul","tag-crawlmanager"],"_links":{"self":[{"href":"https:\/\/analyse.optim.biz\/index.php?rest_route=\/wp\/v2\/posts\/1901561","targetHints":{"allow":["GET"]}}],"collection":[{"href":"https:\/\/analyse.optim.biz\/index.php?rest_route=\/wp\/v2\/posts"}],"about":[{"href":"https:\/\/analyse.optim.biz\/index.php?rest_route=\/wp\/v2\/types\/post"}],"author":[{"embeddable":true,"href":"https:\/\/analyse.optim.biz\/index.php?rest_route=\/wp\/v2\/users\/1"}],"replies":[{"embeddable":true,"href":"https:\/\/analyse.optim.biz\/index.php?rest_route=%2Fwp%2Fv2%2Fcomments&post=1901561"}],"version-history":[{"count":0,"href":"https:\/\/analyse.optim.biz\/index.php?rest_route=\/wp\/v2\/posts\/1901561\/revisions"}],"wp:attachment":[{"href":"https:\/\/analyse.optim.biz\/index.php?rest_route=%2Fwp%2Fv2%2Fmedia&parent=1901561"}],"wp:term":[{"taxonomy":"category","embeddable":true,"href":"https:\/\/analyse.optim.biz\/index.php?rest_route=%2Fwp%2Fv2%2Fcategories&post=1901561"},{"taxonomy":"post_tag","embeddable":true,"href":"https:\/\/analyse.optim.biz\/index.php?rest_route=%2Fwp%2Fv2%2Ftags&post=1901561"}],"curies":[{"name":"wp","href":"https:\/\/api.w.org\/{rel}","templated":true}]}}