{"id":1901558,"date":"2026-04-22T11:28:00","date_gmt":"2026-04-22T08:28:00","guid":{"rendered":"https:\/\/analyse.optim.biz\/?p=1901558"},"modified":"2026-04-22T11:28:00","modified_gmt":"2026-04-22T08:28:00","slug":"trump-tower-bucharest-avanseaza-dupa-vizita-oficialilor-companiei-in-romania","status":"publish","type":"post","link":"https:\/\/analyse.optim.biz\/?p=1901558","title":{"rendered":"Trump Tower Bucharest avanseaz\u0103 dup\u0103 vizita oficialilor companiei \u00een Rom\u00e2nia"},"content":{"rendered":"<p>[analyse_image type=&#8221;featured&#8221; src=&#8221;https:\/\/cdn.adh.reperio.news\/image-f\/ff861948-4978-4620-a7c5-23e5bf9da270\/index.jpeg?p=f%3Djpeg%26w%3D1200%26h%3D630%26r%3Dcover&#8221;]<\/p>\n<article class=\"svelte-t0js42\">\n<nav>\n<ul class=\"breadcrump svelte-xauq0s\">\n<li class=\"svelte-xauq0s\"><a href=\"\/\" title=\"Adev\u0103rul\" class=\"svelte-xauq0s\">Home<\/a><\/li>\n<li class=\"svelte-xauq0s\"><a href=\"\/stiri-interne\" class=\"svelte-xauq0s\">\u0218tiri Interne<\/a><\/li>\n<li class=\"svelte-xauq0s\"><a href=\"\/stiri-interne\/evenimente\" class=\"svelte-xauq0s\">Evenimente<\/a><\/li>\n<li class=\"svelte-xauq0s\"><a href=\"https:\/\/adevarul.ro\/stiri-interne\/evenimente\/trump-tower-bucharest-avanseaza-dupa-vizita-2524467.html\" class=\"svelte-xauq0s\">Trump Tower Bucharest avanseaz\u0103 dup\u0103 vizita oficialilor companiei \u00een Rom\u00e2nia<\/a><\/li>\n<\/ul>\n<\/nav>\n<p><main class=\"svelte-t0js42\"><\/p>\n<p>Conglomeratul american\u00a0The Trump Organization avanseaz\u0103 cu planurile pentru\u00a0dezvoltarea Trump Tower Bucharest, un\u00a0ansamblu reziden\u021bial premium, cu apartamente \u0219i facilit\u0103\u021bi dedicate segmentului high-end, \u00eentr-o pia\u021b\u0103 considerat\u0103 \u00een expansiune.<\/p>\n<div class=\"container-image  svelte-jd4qiv\"><source type=\"image\/webp\" srcset=\"https:\/\/cdn.adh.reperio.news\/image-f\/ff861948-4978-4620-a7c5-23e5bf9da270\/index.jpeg?p=a%3D1%26co%3D1.05%26w%3D1400%26h%3D750%26r%3Dcontain%26f%3Dwebp 1400w\" media=\"(min-width: 1400px)\" \/><\/p>\n<div class=\"caption\">Trump Tower\/FOTO: Shutterstock<\/div>\n<\/div>\n<p>De\u0219i o vizit\u0103 oficial\u0103 \u00een Rom\u00e2nia pentru lansarea parteneriatului era planificat\u0103 \u00eenc\u0103 din februarie 2026, procedurile tehnice \u0219i de avizare, \u00een special pentru proiectul din Bucure\u0219ti, au provocat \u00eent\u00e2rzieri.<\/p>\n<p>Potrivit\u00a0<a href=\"https:\/\/www.nytimes.com\/2026\/03\/20\/world\/europe\/trump-romania-transylvania-apartments-golf-course.html?unlocked_article_code=1.UlA.ZhsB.f_DYJCi8MfCZ\" rel=\"nofollow\">The New York Times<\/a>, implicarea este coordonat\u0103 de Eric Trump, vicepre\u0219edinte executiv al organiza\u021biei \u0219i fiul pre\u0219edintelui american Donald Trump.<\/p>\n<p><a href=\"https:\/\/adevarul.ro\/economie\/trump-intra-pe-piata-imobiliara-din-romania-2516765.html\">Proiectul marcheaz\u0103 intrarea oficial\u0103 a brandului Trump pe pia\u021ba rom\u00e2neasc\u0103<\/a>\u00a0\u0219i face parte din strategia global\u0103 de extindere a companiei \u00een domeniul reziden\u021bial, hotelier \u0219i al complexelor de lux.<\/p>\n<p><i>\u201eIni\u021biativa marcheaz\u0103 debutul oficial al brandului Trump \u00een Rom\u00e2nia \u0219i reconfirm\u0103 angajamentul The Trump Organization fa\u021b\u0103 de strategia global\u0103 de extindere a portofoliului s\u0103u de proiecte reziden\u021biale, hoteliere \u0219i de golf de lux, \u00een concordan\u021b\u0103 cu direc\u021bia sa interna\u021bional\u0103 de cre\u0219tere\u201d,<\/i> se arat\u0103 \u00een comunicatul oficial publicat pe site-ul companiei.<\/p>\n<p>\u00centre timp, conducerea The Trump Organization a efectuat o vizit\u0103 \u00een Rom\u00e2nia pentru a stabili detaliile proiectului, potrivit\u00a0<a href=\"https:\/\/www.profit.ro\/povesti-cu-profit\/real-estate-constructii\/exclusiv-trump-tower-in-romania-conducerea-the-trump-organization-a-venit-in-tara-pentru-planul-trump-tower-inclusiv-sa-aleaga-zona-viitorului-turn-in-bucuresti-22418235\" rel=\"nofollow\">Profit.ro<\/a>. Reprezentan\u021bii au descris Bucure\u0219tiul drept \u201e<i>una dintre cele mai vibrante \u0219i dinamice pie\u021be emergente din Europa\u201d.<\/i><\/p>\n<p>Delega\u021bia a inclus vicepre\u0219edin\u021bi ai grupului \u0219i reprezentan\u021bi implica\u021bi \u00een extinderea interna\u021bional\u0103 a brandului.<\/p>\n<p>Vizita a avut un caracter tehnic \u0219i strategic, fiind legat\u0103 de stabilirea detaliilor finale ale viitorului turn \u0219i de identificarea amplasamentului din Capital\u0103.<\/p>\n<p>\u00cen Rom\u00e2nia au sosit Lawrence Glick, vicepre\u0219edinte executiv pentru dezvoltare, Suzie Mills, vicepre\u0219edinte al grupului, precum \u0219i rom\u00e2nul Gabriel Constantin, vicepre\u0219edinte \u0219i manager al Trump Hotels Chicago.<\/p>\n<p><a href=\"https:\/\/click.ro\/actualitate\/national\/trump-tower-prinde-contur-la-bucuresti-delegatia-2524371.html\"><b>Cite\u0219te mai departe pe Click!<\/b><\/a><\/p>\n<p><\/main><\/p>\n<footer class=\"svelte-t0js42\">\n<div class=\"related-wrap related-footer svelte-1t8qpgs\"><span class=\"related-label svelte-1t8qpgs\">Cite\u0219te \u0219i<\/span><a class=\"related svelte-1t8qpgs\" data-gtrack='{\"event\":\"utm_click\",\"data\":{\"event_category\":\"article_related\"}}' href=\"https:\/\/adevarul.ro\/stiri-interne\/evenimente\/trump-investeste-in-romania-2457124.html\" title=\"Alt articol de interes pentru tine\"><img decoding=\"async\" class=\"thumb svelte-1t8qpgs\" src=\"https:\/\/cdn.adh.reperio.news\/image-2\/267fed32-b6f6-41b7-8571-d566246bb143\/index.jpeg\" alt loading=\"lazy\" width=\"80\" height=\"54\"><span class=\"title svelte-1t8qpgs\">Trump investe\u0219te \u00een Rom\u00e2nia!!<\/span><\/a><a class=\"related svelte-1t8qpgs\" data-gtrack='{\"event\":\"utm_click\",\"data\":{\"event_category\":\"article_related\"}}' href=\"https:\/\/adevarul.ro\/stiri-externe\/europa\/presedintele-serbiei-ameninta-cu-represalii-dupa-2494928.html\" title=\"Alt articol de interes pentru tine\"><img decoding=\"async\" class=\"thumb svelte-1t8qpgs\" src=\"https:\/\/cdn.adh.reperio.news\/image-c\/c26d224b-07b7-4d6d-b3c6-7d0cd49d09a5\/index.jpeg\" alt loading=\"lazy\" width=\"80\" height=\"54\"><span class=\"title svelte-1t8qpgs\">Pre\u0219edintele Serbiei amenin\u021b\u0103 cu represalii dup\u0103 ce planurile pentru Trump Tower la Belgrad au fost anulate: \u201eAm pierdut o investi\u021bie excep\u021bional\u0103\u201d<\/span><\/a><a class=\"related svelte-1t8qpgs\" data-gtrack='{\"event\":\"utm_click\",\"data\":{\"event_category\":\"article_related\"}}' href=\"https:\/\/adevarul.ro\/economie\/trump-intra-pe-piata-imobiliara-din-romania-2516765.html\" title=\"Alt articol de interes pentru tine\"><img decoding=\"async\" class=\"thumb svelte-1t8qpgs\" src=\"https:\/\/cdn.adh.reperio.news\/image-9\/9558cfd7-3723-475f-83dc-9c65260486fe\/index.png\" alt loading=\"lazy\" width=\"80\" height=\"54\"><span class=\"title svelte-1t8qpgs\">Trump intr\u0103 pe pia\u021ba imobiliar\u0103 din Rom\u00e2nia. Proiecte majore la Bucure\u0219ti \u0219i Cluj: \u201eVor aduce un nivel de calitate \u0219i servicii f\u0103r\u0103 precedent\u201d<\/span><\/a><\/div>\n<div class=\"meta svelte-t0js42\">\n<div class=\"authors svelte-t0js42\"><a href=\"\/author\/2070\" rel=\"author\" class=\"svelte-t0js42\">Narcis Ghiurca<\/a><\/div>\n<div class=\"tags svelte-12okeyl\"><span class=\"tags-label metaFont svelte-12okeyl\">Cite\u0219te mai multe despre<\/span><\/p>\n<div class=\"tags-list svelte-12okeyl\"><a href=\"\/tag\/bucuresti\" title=\"Ultimele \u0219tiri despre bucuresti\" class=\"tag-pill svelte-12okeyl\">bucuresti<\/a><\/div>\n<\/div>\n<\/div>\n<p><a class=\"moreFromCategory svelte-t0js42\" href=\"\/stiri-interne\/evenimente\" title=\"Evenimente\">Mai multe din <strong class=\"svelte-t0js42\">Evenimente<\/strong> \u203a<\/a><\/footer>\n<\/article>\n<p>[analyse_source url=&#8221;https:\/\/adevarul.ro\/stiri-interne\/evenimente\/trump-tower-bucharest-avanseaza-dupa-vizita-2524467.html&#8221;]<\/p>\n","protected":false},"excerpt":{"rendered":"<p>[analyse_image type=&#8221;featured&#8221; src=&#8221;https:\/\/cdn.adh.reperio.news\/image-f\/ff861948-4978-4620-a7c5-23e5bf9da270\/index.jpeg?p=f%3Djpeg%26w%3D1200%26h%3D630%26r%3Dcover&#8221;] Home \u0218tiri Interne Evenimente Trump Tower Bucharest avanseaz\u0103 dup\u0103 vizita oficialilor companiei \u00een Rom\u00e2nia Conglomeratul american\u00a0The Trump Organization avanseaz\u0103 cu planurile pentru\u00a0dezvoltarea Trump Tower Bucharest, un\u00a0ansamblu reziden\u021bial premium, cu apartamente \u0219i facilit\u0103\u021bi dedicate segmentului high-end, \u00eentr-o pia\u021b\u0103 considerat\u0103 \u00een expansiune. Trump Tower\/FOTO: Shutterstock De\u0219i o vizit\u0103 oficial\u0103 \u00een Rom\u00e2nia pentru lansarea parteneriatului [&hellip;]<\/p>\n","protected":false},"author":1,"featured_media":0,"comment_status":"open","ping_status":"","sticky":false,"template":"","format":"standard","meta":{"footnotes":""},"categories":[89],"tags":[19,226],"class_list":["post-1901558","post","type-post","status-publish","format-standard","hentry","category-romania","tag-adevarul","tag-crawlmanager"],"_links":{"self":[{"href":"https:\/\/analyse.optim.biz\/index.php?rest_route=\/wp\/v2\/posts\/1901558","targetHints":{"allow":["GET"]}}],"collection":[{"href":"https:\/\/analyse.optim.biz\/index.php?rest_route=\/wp\/v2\/posts"}],"about":[{"href":"https:\/\/analyse.optim.biz\/index.php?rest_route=\/wp\/v2\/types\/post"}],"author":[{"embeddable":true,"href":"https:\/\/analyse.optim.biz\/index.php?rest_route=\/wp\/v2\/users\/1"}],"replies":[{"embeddable":true,"href":"https:\/\/analyse.optim.biz\/index.php?rest_route=%2Fwp%2Fv2%2Fcomments&post=1901558"}],"version-history":[{"count":0,"href":"https:\/\/analyse.optim.biz\/index.php?rest_route=\/wp\/v2\/posts\/1901558\/revisions"}],"wp:attachment":[{"href":"https:\/\/analyse.optim.biz\/index.php?rest_route=%2Fwp%2Fv2%2Fmedia&parent=1901558"}],"wp:term":[{"taxonomy":"category","embeddable":true,"href":"https:\/\/analyse.optim.biz\/index.php?rest_route=%2Fwp%2Fv2%2Fcategories&post=1901558"},{"taxonomy":"post_tag","embeddable":true,"href":"https:\/\/analyse.optim.biz\/index.php?rest_route=%2Fwp%2Fv2%2Ftags&post=1901558"}],"curies":[{"name":"wp","href":"https:\/\/api.w.org\/{rel}","templated":true}]}}