{"id":1901555,"date":"2026-04-22T09:35:32","date_gmt":"2026-04-22T06:35:32","guid":{"rendered":"https:\/\/analyse.optim.biz\/?p=1901555"},"modified":"2026-04-22T09:35:32","modified_gmt":"2026-04-22T06:35:32","slug":"scandal-dupa-un-banchet-de-clasa-a-viii-a-elevi-surprinsi-cantand-pe-versuri-nepotrivite-varstei-copiii","status":"publish","type":"post","link":"https:\/\/analyse.optim.biz\/?p=1901555","title":{"rendered":"Scandal dup\u0103 un banchet de clasa a VIII-a. Elevi surprin\u0219i c\u00e2nt\u00e2nd pe versuri nepotrivite v\u00e2rstei: \u201eCopiii&#8230;"},"content":{"rendered":"<p>[analyse_image type=&#8221;featured&#8221; src=&#8221;https:\/\/cdn.adh.reperio.news\/image-7\/71aa645b-861a-4865-8c00-dd972d269f6c\/index.png?p=f%3Djpeg%26w%3D1200%26h%3D630%26r%3Dcover&#8221;]<\/p>\n<article class=\"svelte-t0js42\">\n<nav>\n<ul class=\"breadcrump svelte-xauq0s\">\n<li class=\"svelte-xauq0s\"><a href=\"\/\" title=\"Adev\u0103rul\" class=\"svelte-xauq0s\">Home<\/a><\/li>\n<li class=\"svelte-xauq0s\"><a href=\"\/stiri-interne\" class=\"svelte-xauq0s\">\u0218tiri Interne<\/a><\/li>\n<li class=\"svelte-xauq0s\"><a href=\"\/stiri-interne\/societate\" class=\"svelte-xauq0s\">Societate<\/a><\/li>\n<li class=\"svelte-xauq0s\"><a href=\"https:\/\/adevarul.ro\/stiri-interne\/societate\/scandal-dupa-un-banchet-de-clasa-a-viii-a-elevi-2524420.html\" class=\"svelte-xauq0s\">Scandal dup\u0103 un banchet de clasa a VIII-a. Elevi surprin\u0219i c\u00e2nt\u00e2nd pe versuri nepotrivite v\u00e2rstei: \u201eCopiii \u0103\u0219tia sunt dup\u0103 chipul \u0219i asem\u0103narea p\u0103rin\u021bilor\u201d<\/a><\/li>\n<\/ul>\n<\/nav>\n<p><main class=\"svelte-t0js42\"><\/p>\n<p>Un nou scandal a izbucnit \u00een mediul online, dup\u0103 apari\u021bia unei film\u0103ri de la un banchet de clasa a VIII-a \u00een care mai mul\u021bi elevi c\u00e2nt\u0103 \u0219i danseaz\u0103 pe manele. Videoclipul a st\u00e2rnit numeroase reac\u021bii, de la indignare p\u00e2n\u0103 la dezbateri aprinse despre educa\u021bia copiilor \u0219i rolul p\u0103rin\u021bilor. Printre vocile critice se num\u0103r\u0103 \u0219i Alin Dinc\u0103, solistul forma\u021biei Trooper.<\/p>\n<div class=\"container-image  svelte-jd4qiv\"><source type=\"image\/webp\" srcset=\"https:\/\/cdn.adh.reperio.news\/image-7\/71aa645b-861a-4865-8c00-dd972d269f6c\/index.png?p=a%3D1%26co%3D1.05%26w%3D1400%26h%3D750%26r%3Dcontain%26f%3Dwebp 1400w\" media=\"(min-width: 1400px)\" \/><\/p>\n<div class=\"caption\">Un nou scandal a izbucnit \u00een mediul online. FOTO: captur\u0103 video Facebook<\/div>\n<\/div>\n<p>Imaginile surprind elevi de gimnaziu \u00eentr-un moment care ar fi trebuit s\u0103 marcheze finalul unei etape importante din via\u021ba lor, dar care s-a transformat \u00eentr-un subiect controversat la nivel na\u021bional.<\/p>\n<p>Situa\u021bia a fost comentat\u0103 anterior \u0219i de Virgil Ian\u021bu, care a atras aten\u021bia asupra normaliz\u0103rii mesajelor nepotrivite \u00een r\u00e2ndul copiilor \u0219i asupra lipsei de filtre \u00een expunerea acestora la astfel de con\u021binut.<\/p>\n<p>Printre vocile critice se num\u0103r\u0103 \u0219i Alin Dinc\u0103, solistul forma\u021biei Trooper, care a publicat un mesaj tran\u0219ant pe re\u021belele de socializare. Artistul a criticat at\u00e2t muzica, c\u00e2t \u0219i ceea ce el consider\u0103 a fi lipsa de responsabilitate a p\u0103rin\u021bilor.<\/p>\n<p><i>\u201e\u00cen mod normal f\u0103ceam o postare ampl\u0103 \u00een care explicam cu liniu\u021b\u0103 de la cap\u0103t de ce TOT ce apare \u00een filmarea de mai jos este profund gre\u0219it. \u00cens\u0103 a f\u0103cut Virgil Ian\u021bu treaba asta. \u0218i are dreptate \u00een fiecare cuv\u00e2nt scris. Am s\u0103 \u00eel contrazic \u00eentr-un singur punct: aici nu este problema c\u0103 p\u0103rin\u021bii sunt pleca\u021bi. Nu sunt! Stau acas\u0103 al\u0103turi de copiii lor \u0219i \u00eei \u00eenva\u021b\u0103 s\u0103 fie fix a\u0219a cum vedem \u00een filmarea asta vomitiv\u0103\u201d, <\/i>a scris el \u00een debutul post\u0103rii.<\/p>\n<div class=\"raw-block\"><iframe loading=\"lazy\" src=\"https:\/\/www.facebook.com\/plugins\/video.php?height=476&amp;href=https%3A%2F%2Fwww.facebook.com%2Freel%2F868496406260592%2F&amp;show_text=false&amp;width=390&amp;t=0\" width=\"267\" height=\"476\" frameborder allowfullscreen=\"true\" allow=\"autoplay; clipboard-write; encrypted-media; picture-in-picture; web-share\" class=\"facebook-iframe\"><\/iframe><\/div>\n<p>Acesta a sus\u021binut c\u0103 fenomenul nu este cauzat de absen\u021ba p\u0103rin\u021bilor, ci dimpotriv\u0103, de influen\u021ba direct\u0103 a acestora asupra copiilor. \u00cen opinia sa, comportamentele \u0219i valorile promovate \u00een familie sunt replicate de cei mici, inclusiv prin consumul de con\u021binut de pe platforme precum TikTok.<\/p>\n<p><i>\u201eVirgil, arunc\u0103 un ochi pe tiktok. Cinci minute. Ai s\u0103 vezi cum p\u0103rin\u021bii unor copii de 10-15 ani sparg semin\u021be pe live, \u00eenjur\u0103 de to\u021bi mor\u021bii, se bucur\u0103 de toate manelele cu mesaje care mai de care mai misogine, \u00eei ridic\u0103 \u00een sl\u0103vi pe to\u021bi pu\u0219c\u0103ria\u0219ii \u0219i pe to\u021bi trafican\u021bii etc. Copiii \u0103\u0219tia nu sunt produsul lipsei p\u0103rin\u021bilor. Din contr\u0103! Sunt dup\u0103 chipul \u0219i asem\u0103narea p\u0103rin\u021bilor\u201d,<\/i> se arat\u0103 \u00een postare.<\/p>\n<p>Mesajul lui Alin Dinc\u0103 merge mai departe, critic\u00e2nd influen\u021ba manelelor asupra tinerilor \u0219i asociind acest fenomen cu o problem\u0103 mai ampl\u0103 de educa\u021bie \u0219i modele sociale. <\/p>\n<p>Artistul a pus \u00een discu\u021bie \u0219i contradic\u021biile din societate, unde anumite subiecte sunt considerate tabu \u00een \u0219coal\u0103, dar tolerate \u00een mediul online sau \u00een via\u021ba de zi cu zi.<\/p>\n<p><i>\u201eNu vrem educa\u021bie sexual\u0103 \u00een \u0219coli. Sunt mici copiii. Dar \u00eei l\u0103s\u0103m s\u0103 asculte piese cu mesaje sexuale. E ok cu piesa copiilor lui Velea \u00een care cei mici sunt \u00eenv\u0103\u021ba\u021bi s\u0103 sexualizeze fete de 12 ani. Dar Doamne fere\u0219te de educa\u021bie sexual\u0103. Suntem pe locul 1 \u00een Europa la mame minore. A cui e vina? A profesorilor? A politicienilor? Poate este \u0218I a lor. Dar p\u0103rin\u021bii sunt cei care au datoria \u0219i obliga\u021bia s\u0103 se ocupe de propriul copil\u201d,<\/i> a scris artistul,  cunoscut \u0219i drept Coiotul.<\/p>\n<p>Mesajul lui Virgil Ian\u021bu este mai jos:<\/p>\n<div class=\"raw-block\"><iframe loading=\"lazy\" src=\"https:\/\/www.facebook.com\/plugins\/post.php?href=https%3A%2F%2Fwww.facebook.com%2Fiantu.virgil%2Fposts%2Fpfbid02X1mgr8FLfD2GLqX13bACqgkksz6o2jhy4Hm5Zyfe9TJ7ueaM7461xnaxeSzzGT3l&amp;show_text=true&amp;width=390\" width=\"500\" height=\"710\" frameborder allowfullscreen=\"true\" allow=\"autoplay; clipboard-write; encrypted-media; picture-in-picture; web-share\" class=\"facebook-iframe\"><\/iframe><\/div>\n<p><\/main><\/p>\n<footer class=\"svelte-t0js42\">\n<div class=\"related-wrap related-footer svelte-1t8qpgs\"><span class=\"related-label svelte-1t8qpgs\">Cite\u0219te \u0219i<\/span><a class=\"related svelte-1t8qpgs\" data-gtrack='{\"event\":\"utm_click\",\"data\":{\"event_category\":\"article_related\"}}' href=\"https:\/\/adevarul.ro\/stiri-locale\/bucuresti\/panourile-cu-mesaje-anticezariana-care-au-iscat-2523923.html\" title=\"Alt articol de interes pentru tine\"><img decoding=\"async\" class=\"thumb svelte-1t8qpgs\" src=\"https:\/\/cdn.adh.reperio.news\/image-0\/0f83defa-dbc9-46f7-b4d9-b8c607154630\/index.jpeg\" alt loading=\"lazy\" width=\"80\" height=\"54\"><span class=\"title svelte-1t8qpgs\">Panourile cu mesaje anticezarian\u0103 care au iscat scandal \u00een Bucure\u0219ti vor fi date jos. Anun\u021bul Prim\u0103riei Capitalei<\/span><\/a><a class=\"related svelte-1t8qpgs\" data-gtrack='{\"event\":\"utm_click\",\"data\":{\"event_category\":\"article_related\"}}' href=\"https:\/\/adevarul.ro\/stiri-interne\/evenimente\/scandal-cu-huiduieli-in-piata-victoriei-fostul-2524050.html\" title=\"Alt articol de interes pentru tine\"><img decoding=\"async\" class=\"thumb svelte-1t8qpgs\" src=\"https:\/\/cdn.adh.reperio.news\/image-3\/3e11bb88-4b79-46b2-a860-2ad44e2ba4e1\/index.gif\" alt loading=\"lazy\" width=\"80\" height=\"54\"><span class=\"title svelte-1t8qpgs\">Scandal cu huiduieli \u00een Pia\u021ba Victoriei. Fostul ministru Radu Berceanu, scos de jandarmi din mul\u021bime: \u201eD\u0103 banii \u00eenapoi, borfa\u0219ule!\u201d<\/span><\/a><a class=\"related svelte-1t8qpgs\" data-gtrack='{\"event\":\"utm_click\",\"data\":{\"event_category\":\"article_related\"}}' href=\"https:\/\/adevarul.ro\/stiri-locale\/bistrita\/perchezitii-dna-la-consiliul-judetean-2524394.html\" title=\"Alt articol de interes pentru tine\"><img decoding=\"async\" class=\"thumb svelte-1t8qpgs\" src=\"https:\/\/cdn.adh.reperio.news\/image-5\/5381bbc2-ee40-49a5-8772-9438b1559599\/index.jpeg\" alt loading=\"lazy\" width=\"80\" height=\"54\"><span class=\"title svelte-1t8qpgs\">\u00cen plin scandal politic, DNA \u201ecalc\u0103\u201d doi pre\u0219edin\u021bi de CJ din Bistri\u021ba-N\u0103s\u0103ud \u0219i S\u0103laj, unul din PSD, cel\u0103lalt din PNL. Ce acuza\u021bii li se aduc acestora<\/span><\/a><\/div>\n<div class=\"meta svelte-t0js42\">\n<div class=\"authors svelte-t0js42\"><a href=\"\/author\/2086\" rel=\"author\" class=\"svelte-t0js42\">Oana Ababei<\/a><\/div>\n<div class=\"tags svelte-12okeyl\"><span class=\"tags-label metaFont svelte-12okeyl\">Cite\u0219te mai multe despre<\/span><\/p>\n<div class=\"tags-list svelte-12okeyl\"><a href=\"\/tag\/manele\" title=\"Ultimele \u0219tiri despre manele\" class=\"tag-pill svelte-12okeyl\">manele<\/a><a href=\"\/tag\/trooper\" title=\"Ultimele \u0219tiri despre trooper\" class=\"tag-pill svelte-12okeyl\">trooper<\/a><\/div>\n<\/div>\n<\/div>\n<p><a class=\"moreFromCategory svelte-t0js42\" href=\"\/stiri-interne\/societate\" title=\"Societate\">Mai multe din <strong class=\"svelte-t0js42\">Societate<\/strong> \u203a<\/a><\/footer>\n<\/article>\n<p>[analyse_source url=&#8221;https:\/\/adevarul.ro\/stiri-interne\/societate\/scandal-dupa-un-banchet-de-clasa-a-viii-a-elevi-2524420.html&#8221;]<\/p>\n","protected":false},"excerpt":{"rendered":"<p>[analyse_image type=&#8221;featured&#8221; src=&#8221;https:\/\/cdn.adh.reperio.news\/image-7\/71aa645b-861a-4865-8c00-dd972d269f6c\/index.png?p=f%3Djpeg%26w%3D1200%26h%3D630%26r%3Dcover&#8221;] Home \u0218tiri Interne Societate Scandal dup\u0103 un banchet de clasa a VIII-a. Elevi surprin\u0219i c\u00e2nt\u00e2nd pe versuri nepotrivite v\u00e2rstei: \u201eCopiii \u0103\u0219tia sunt dup\u0103 chipul \u0219i asem\u0103narea p\u0103rin\u021bilor\u201d Un nou scandal a izbucnit \u00een mediul online, dup\u0103 apari\u021bia unei film\u0103ri de la un banchet de clasa a VIII-a \u00een care mai mul\u021bi elevi [&hellip;]<\/p>\n","protected":false},"author":1,"featured_media":0,"comment_status":"open","ping_status":"","sticky":false,"template":"","format":"standard","meta":{"footnotes":""},"categories":[89],"tags":[19,226],"class_list":["post-1901555","post","type-post","status-publish","format-standard","hentry","category-romania","tag-adevarul","tag-crawlmanager"],"_links":{"self":[{"href":"https:\/\/analyse.optim.biz\/index.php?rest_route=\/wp\/v2\/posts\/1901555","targetHints":{"allow":["GET"]}}],"collection":[{"href":"https:\/\/analyse.optim.biz\/index.php?rest_route=\/wp\/v2\/posts"}],"about":[{"href":"https:\/\/analyse.optim.biz\/index.php?rest_route=\/wp\/v2\/types\/post"}],"author":[{"embeddable":true,"href":"https:\/\/analyse.optim.biz\/index.php?rest_route=\/wp\/v2\/users\/1"}],"replies":[{"embeddable":true,"href":"https:\/\/analyse.optim.biz\/index.php?rest_route=%2Fwp%2Fv2%2Fcomments&post=1901555"}],"version-history":[{"count":0,"href":"https:\/\/analyse.optim.biz\/index.php?rest_route=\/wp\/v2\/posts\/1901555\/revisions"}],"wp:attachment":[{"href":"https:\/\/analyse.optim.biz\/index.php?rest_route=%2Fwp%2Fv2%2Fmedia&parent=1901555"}],"wp:term":[{"taxonomy":"category","embeddable":true,"href":"https:\/\/analyse.optim.biz\/index.php?rest_route=%2Fwp%2Fv2%2Fcategories&post=1901555"},{"taxonomy":"post_tag","embeddable":true,"href":"https:\/\/analyse.optim.biz\/index.php?rest_route=%2Fwp%2Fv2%2Ftags&post=1901555"}],"curies":[{"name":"wp","href":"https:\/\/api.w.org\/{rel}","templated":true}]}}