{"id":1901537,"date":"2026-04-25T00:57:39","date_gmt":"2026-04-24T21:57:39","guid":{"rendered":"https:\/\/analyse.optim.biz\/?p=1901537"},"modified":"2026-04-25T00:57:39","modified_gmt":"2026-04-24T21:57:39","slug":"cand-isi-va-face-din-nou-aparitia-fenomenul-meteo-el-nino-vremea-se-va-schimba-la-nivel-global-semnalul-este-deosebit-de-puternic","status":"publish","type":"post","link":"https:\/\/analyse.optim.biz\/?p=1901537","title":{"rendered":"C\u00e2nd \u00ee\u0219i va face din nou apari\u021bia fenomenul meteo El Ni\u00f1o. Vremea se va schimba la nivel global. \u201eSemnalul este deosebit de puternic\u201d"},"content":{"rendered":"<p>[analyse_image type=&#8221;featured&#8221; src=&#8221;https:\/\/s2.ziareromania.ro\/?mmid=ff5fc56b047f007f83&#8243;]<\/p>\n<div id=\"article__container\" class=\"news__container news__image__container\">\n<h1 class=\"news__title\" title=\"C\u00e2nd \u00ee\u0219i va face din nou apari\u021bia fenomenul meteo El Ni\u00f1o. Vremea se va schimba la nivel global. \u201eSemnalul este deosebit de puternic\u201d\">C\u00e2nd \u00ee\u0219i va face din nou apari\u021bia fenomenul meteo El Ni\u00f1o. Vremea se va schimba la nivel global. \u201eSemnalul este deosebit de puternic\u201d<\/h1>\n<\/div>\n<div class=\"news__info__content d-flex\">\n<div class=\"d-flex \">\n<div class=\"news__author mar10r\"> Autor: <span><a href=\"https:\/\/ziare.com\/autor\/catalina-sirbu\"> Catalina Sirbu <\/a><\/span><\/div>\n<div class=\"news__publish\">Vineri, 24 Aprilie 2026, ora 18:46<\/div>\n<\/div>\n<div class=\"news__views\">2041 citiri<\/div>\n<\/div>\n<div class=\"stanga_stire news__image fleft article__marker\">\n<div class=\"news-image__content news__image__item\"><a class=\"news__image\" data-href=\"https:\/\/s1.ziareromania.ro\/?mmid=ff5fc56b047f007f83\" data-size=\"1024x683\" title=\"C\u00e2nd \u00ee\u0219i va face din nou apari\u021bia fenomenul meteo El Ni\u00f1o. Vremea se va schimba la nivel global. \u201eSemnalul este deosebit de puternic\u201d\"><img decoding=\"async\" src=\"https:\/\/tb.ziareromania.ro\/C--nd-----i-va-face-din-nou-apari--ia-fenomenul-meteo-El-Ni--o--Vremea-se-va-schimba-la-nivel-global-----Semnalul-este-deosebit-de-puternic---\/ff5fc56b047f007f83\/400\/225\/2\/100\/C--nd-----i-va-face-din-nou-apari--ia-fenomenul-meteo-El-Ni--o--Vremea-se-va-schimba-la-nivel-global-----Semnalul-este-deosebit-de-puternic---.jpg\" alt=\"C\u00e2nd \u00ee\u0219i va face din nou apari\u021bia fenomenul meteo El Ni\u00f1o. Vremea se va schimba la nivel global. \u201eSemnalul este deosebit de puternic\u201d\" title=\"C\u00e2nd \u00ee\u0219i va face din nou apari\u021bia fenomenul meteo El Ni\u00f1o. Vremea se va schimba la nivel global. \u201eSemnalul este deosebit de puternic\u201d\" class=\"img-responsive\"><\/a><\/p>\n<div class=\"news__caption\">Schimb\u0103rile climatice lovesc lumea FOTO: Wikipedia<\/div>\n<\/div>\n<\/div>\n<div class=\"news__content descriere_main article__marker\">\n<p>Apari\u021bia unui episod al fenomenului El Ni\u00f1o este &#8220;din ce \u00een ce mai probabil\u0103&#8221;. Se va \u00eent\u00e2mpla de la jum\u0103tatea anului 2026. Fenomenul va aduce modific\u0103ri asupra temperaturilor \u0219i precipita\u021biilor la scar\u0103 global\u0103, a anun\u021bat vineri Organiza\u021bia Meteorologic\u0103 Mondial\u0103 (OMM).<\/p>\n<h2>Schimb\u0103ri la nivel global<\/h2>\n<p>Potrivit celei mai recente actualiz\u0103ri furnizate de aceast\u0103 agen\u021bie din cadrul ONU, care men\u021bioneaz\u0103 &#8220;o schimbare net\u0103 \u00een Pacificul ecuatorial&#8221;, &#8220;temperaturile de suprafa\u021b\u0103 vor cre\u0219te rapid, l\u0103s\u00e2nd s\u0103 se \u00eentrevad\u0103 o revenire probabil\u0103 a fenomenului El Ni\u00f1o \u00eenc\u0103 din perioada mai-iulie 2026&#8221;.<\/p>\n<p>&#8220;Previziunile pentru aceste trei luni urm\u0103toare indic\u0103 o predominan\u021b\u0103 aproape global\u0103 a unor temperaturi superioare valorii normale la suprafa\u021ba terestr\u0103&#8221;, precum \u0219i varia\u021bii regionale ale regimurilor de precipita\u021bii, precizeaz\u0103 OMM, care se bazeaz\u0103 pe previziunile furnizate de mai multe centre climatologice. &#8220;Dup\u0103 o perioad\u0103 de condi\u021bii neutre la \u00eenceputul anului&#8221;, care s-au instalat dup\u0103 episodul La Ni\u00f1a din 2025-2026, &#8220;estim\u0103m cu un grad ridicat de \u00eencredere c\u0103 un episod El Ni\u00f1o va \u00eencepe \u00een cur\u00e2nd, ce va fi urmat de o nou\u0103 intensificare \u00een lunile viitoare&#8221;, a declarat Wilfran Moufouma Okia, directorul departamentului de previziuni climatologice din cadrul OMM.<\/p>\n<h2>El Ni\u00f1o \u00eenc\u0103lze\u0219te planeta<\/h2>\n<p>&#8220;Potrivit modelelor computerizate, ar putea fi vorba despre un episod cu o intensitate puternic\u0103&#8221;, a ad\u0103ugat el, preciz\u00e2nd c\u0103 &#8220;nivelul de \u00eencredere \u00een previziuni se \u00eembun\u0103t\u0103\u021be\u0219te dup\u0103 luna aprilie&#8221;.<\/p>\n<\/div>\n<p>Fenomenul El Ni\u00f1o se caracterizeaz\u0103 printr-o cre\u0219tere a temperaturii apelor de suprafa\u021b\u0103 \u00een centrul \u0219i estul Pacificului ecuatorial. El Ni\u00f1o se produce de obicei la fiecare doi-\u0219apte ani \u0219i dureaz\u0103 aproximativ 9-12 luni. Cel mai recent episod al fenomenului El Ni\u00f1o, care s-a manifestat \u00een 2023 \u0219i 2024, a f\u0103cut din acei ani cei mai c\u0103lduro\u0219i doi ani \u00eenregistra\u021bi vreodat\u0103 de meteorologi.<\/p>\n<p>Acest fenomen ciclic afecteaz\u0103 clima global\u0103, printr-un efect de domino, timp de mai multe luni. OMM a precizat c\u0103 va publica urm\u0103torul s\u0103u buletin &#8220;Info-Nino\/Nina&#8221; la sf\u00e2r\u0219itul lunii mai, &#8220;pentru a furniza recomand\u0103ri mai fiabile privind luarea deciziilor \u00een timpul perioadei iunie-august \u0219i dincolo de ea&#8221;.<\/p>\n<h2>Temperaturi peste normal<\/h2>\n<p>\u00cen plus, OMM prognozeaz\u0103 pentru perioada mai-iulie temperaturi la suprafa\u021ba terestr\u0103 &#8220;superioare valorilor normale aproape peste tot&#8221; \u00een lume.<\/p>\n<p>&#8220;Semnalul este deosebit de puternic \u00een sudul Americii de Nord, America Central\u0103 \u0219i Marea Caraibelor, precum \u0219i \u00een Europa \u0219i \u00een Africa de Nord&#8221;, a ad\u0103ugat aceea\u0219i organiza\u021bie, potrivit c\u0103reia previziunile pluviometrice arat\u0103 varia\u021bii regionale puternice.<\/p>\n<p>Potrivit OMM, &#8220;nu s-a dovedit c\u0103 schimb\u0103rile climatice sporesc frecven\u021ba sau intensitatea episoadelor fenomenului El Ni\u00f1o&#8221;. \u00cen trecut, OMM a precizat, de asemenea, c\u0103 &#8220;fenomenele climatice pe scar\u0103 larg\u0103 de origine natural\u0103, precum El Ni\u00f1o \u0219i La Ni\u00f1a, se \u00eenscriu \u00eentr-un context mai larg dec\u00e2t cel al schimb\u0103rilor climatice de origine antropic\u0103&#8221;.<\/p>\n","protected":false},"excerpt":{"rendered":"<p>[analyse_image type=&#8221;featured&#8221; src=&#8221;https:\/\/s2.ziareromania.ro\/?mmid=ff5fc56b047f007f83&#8243;] C\u00e2nd \u00ee\u0219i va face din nou apari\u021bia fenomenul meteo El Ni\u00f1o. Vremea se va schimba la nivel global. \u201eSemnalul este deosebit de puternic\u201d Autor: Catalina Sirbu Vineri, 24 Aprilie 2026, ora 18:46 2041 citiri Schimb\u0103rile climatice lovesc lumea FOTO: Wikipedia Apari\u021bia unui episod al fenomenului El Ni\u00f1o este &#8220;din ce \u00een ce [&hellip;]<\/p>\n","protected":false},"author":1,"featured_media":0,"comment_status":"open","ping_status":"","sticky":false,"template":"","format":"standard","meta":{"footnotes":""},"categories":[89],"tags":[226,22],"class_list":["post-1901537","post","type-post","status-publish","format-standard","hentry","category-romania","tag-crawlmanager","tag-ziare-com"],"_links":{"self":[{"href":"https:\/\/analyse.optim.biz\/index.php?rest_route=\/wp\/v2\/posts\/1901537","targetHints":{"allow":["GET"]}}],"collection":[{"href":"https:\/\/analyse.optim.biz\/index.php?rest_route=\/wp\/v2\/posts"}],"about":[{"href":"https:\/\/analyse.optim.biz\/index.php?rest_route=\/wp\/v2\/types\/post"}],"author":[{"embeddable":true,"href":"https:\/\/analyse.optim.biz\/index.php?rest_route=\/wp\/v2\/users\/1"}],"replies":[{"embeddable":true,"href":"https:\/\/analyse.optim.biz\/index.php?rest_route=%2Fwp%2Fv2%2Fcomments&post=1901537"}],"version-history":[{"count":0,"href":"https:\/\/analyse.optim.biz\/index.php?rest_route=\/wp\/v2\/posts\/1901537\/revisions"}],"wp:attachment":[{"href":"https:\/\/analyse.optim.biz\/index.php?rest_route=%2Fwp%2Fv2%2Fmedia&parent=1901537"}],"wp:term":[{"taxonomy":"category","embeddable":true,"href":"https:\/\/analyse.optim.biz\/index.php?rest_route=%2Fwp%2Fv2%2Fcategories&post=1901537"},{"taxonomy":"post_tag","embeddable":true,"href":"https:\/\/analyse.optim.biz\/index.php?rest_route=%2Fwp%2Fv2%2Ftags&post=1901537"}],"curies":[{"name":"wp","href":"https:\/\/api.w.org\/{rel}","templated":true}]}}