{"id":1901534,"date":"2026-04-25T00:59:20","date_gmt":"2026-04-24T21:59:20","guid":{"rendered":"https:\/\/analyse.optim.biz\/?p=1901534"},"modified":"2026-04-25T00:59:20","modified_gmt":"2026-04-24T21:59:20","slug":"consiliul-pentru-combaterea-discriminarii-a-deschis-o-ancheta-impotriva-lui-george-simion-pentru-modul-in-care-a-vorbit-despre-nicusor-dan-ce-sanctiune-poate-primi-liderul-aur","status":"publish","type":"post","link":"https:\/\/analyse.optim.biz\/?p=1901534","title":{"rendered":"Consiliul pentru Combaterea Discrimin\u0103rii a deschis o anchet\u0103 \u00eempotriva lui George Simion, pentru modul \u00een care a vorbit despre Nicu\u0219or Dan. Ce sanc\u021biune poate primi liderul AUR"},"content":{"rendered":"<p>[analyse_image type=&#8221;featured&#8221; src=&#8221;https:\/\/s1.ziareromania.ro\/?mmid=bef5356b080f84b9e9&#8243;]<\/p>\n<div id=\"article__container\" class=\"news__container news__image__container\">\n<h1 class=\"news__title\" title=\"Consiliul pentru Combaterea Discrimin\u0103rii a deschis o anchet\u0103 \u00eempotriva lui George Simion, pentru modul \u00een care a vorbit despre Nicu\u0219or Dan. Ce sanc\u021biune poate primi liderul AUR\">Consiliul pentru Combaterea Discrimin\u0103rii a deschis o anchet\u0103 \u00eempotriva lui George Simion, pentru modul \u00een care a vorbit despre Nicu\u0219or Dan. Ce sanc\u021biune poate primi liderul AUR<\/h1>\n<\/div>\n<div class=\"news__info__content d-flex\">\n<div class=\"d-flex \">\n<div class=\"news__author mar10r\"> Autor: <span><a href=\"https:\/\/ziare.com\/autor\/mihai-diac\"> Mihai Diac <\/a><\/span><\/div>\n<div class=\"news__publish\">Vineri, 24 Aprilie 2026, ora 18:36<\/div>\n<\/div>\n<div class=\"news__views\">1729 citiri<\/div>\n<\/div>\n<div class=\"stanga_stire news__image fleft article__marker\">\n<div class=\"news-image__content news__image__item\"><a class=\"news__image\" data-href=\"https:\/\/s1.ziareromania.ro\/?mmid=bef5356b080f84b9e9\" data-size=\"1024x683\" title=\"Consiliul pentru Combaterea Discrimin\u0103rii a deschis o anchet\u0103 \u00eempotriva lui George Simion, pentru modul \u00een care a vorbit despre Nicu\u0219or Dan. Ce sanc\u021biune poate primi liderul AUR\"><img decoding=\"async\" src=\"https:\/\/tb.ziareromania.ro\/Consiliul-pentru-Combaterea-Discrimin--rii-a-deschis-o-anchet-----mpotriva-lui-George-Simion--pentru-modul---n-care-a-vorbit-despre-Nicu--or-Dan--Ce-sanc--iune-poate-primi-liderul-AUR\/bef5356b080f84b9e9\/400\/225\/2\/100\/Consiliul-pentru-Combaterea-Discrimin--rii-a-deschis-o-anchet-----mpotriva-lui-George-Simion--pentru-modul---n-care-a-vorbit-despre-Nicu--or-Dan--Ce-sanc--iune-poate-primi-liderul-AUR.jpg\" alt=\"Consiliul pentru Combaterea Discrimin\u0103rii a deschis o anchet\u0103 \u00eempotriva lui George Simion, pentru modul \u00een care a vorbit despre Nicu\u0219or Dan. Ce sanc\u021biune poate primi liderul AUR\" title=\"Consiliul pentru Combaterea Discrimin\u0103rii a deschis o anchet\u0103 \u00eempotriva lui George Simion, pentru modul \u00een care a vorbit despre Nicu\u0219or Dan. Ce sanc\u021biune poate primi liderul AUR\" class=\"img-responsive\"><\/a><\/p>\n<div class=\"news__caption\">Liderul AUR, George Simion &#8211; FOTO Hepta<\/div>\n<\/div>\n<\/div>\n<div class=\"news__content descriere_main article__marker\">\n<p>Consiliul Na\u021bional pentru Combaterea Discrimin\u0103rii (CNCD) \u00eel cerceteaz\u0103 pe liderul <a href=\"https:\/\/ziare.com\/politica\/aur\/\" title=\"AUR\">AUR<\/a>, <a href=\"https:\/\/ziare.com\/george-simion\/\" title=\"George Simion\">George Simion<\/a>, ca urmare a unei sesiz\u0103ri primite vineri, 24 aprilie 2026.<\/p>\n<p>George Simion este acuzat c\u0103 a utilizat \u00een sens peiorativ termenul \u201eparaplegic\u201d, <a href=\"https:\/\/ziare.com\/nicusor-dan\/raspuns-george-simion-paraplegic-2008648\" target=\"_blank\" rel=\"nofollow\">referindu-se la pre\u0219edintele Nicu\u0219or Dan<\/a>, \u00eentr-un discurs \u021binut la o \u00eent\u00e2lnire la Azomure\u0219, \u00een ziua de joi, 23 aprilie.<\/p>\n<p>\u201eDin p\u0103cate, Rom\u00e2nia nu este guvernat\u0103 \u00een acest moment. Avem un individ pus la Cotroceni, paraplegic, care, \u00een loc s\u0103 se preocupe de criza de la Azomure\u0219, are o problem\u0103 cu AUR \u0219i singura lui preocupare este c\u0103 AUR nu trebuie chemat la consult\u0103ri \u0219i c\u0103 AUR nu trebuie s\u0103 discute cu celelalte partide. De el promit c\u0103 m\u0103 ocup m\u00e2ine (vineri, 24 aprilie &#8211; n.r) \u00eentr-o reac\u021bie public\u0103\u201d, a declarat Simion \u00een fa\u021ba audien\u021bei, apari\u021bie publicat\u0103 \u0219i pe re\u021belele sociale.<\/p>\n<p>Vicepre\u0219edintele interimar al CNCD, C\u0103t\u0103lin Raiu, a declarat c\u0103 institu\u021bia lui a primit o sesizare referitoare la declara\u021biile lui George Simion \u00een care se arat\u0103 c\u0103, prin afirma\u021biile f\u0103cute, a stigmatizat o anumit\u0103 categorie de persoane, care au nevoie de \u00eengrijiri medicale, cauz\u00e2nd prejudicii de imagine celor care sufer\u0103 de aceast\u0103 boal\u0103.<\/p>\n<p>Conform procedurii, CNCD are obliga\u021bia de a analiza cererea \u0219i de a da un verdict dac\u0103 a fost vorba despre o form\u0103 de discriminare.<\/p>\n<\/div>\n<p>Amenda pe care o risc\u0103 liderul AUR este cuprins\u0103 \u00eentre 2.000 de lei \u0219i 50 de mii de lei.<\/p>\n<p>Raiu a precizat c\u0103 institu\u021bia CNCD va da p\u0103r\u021bilor posibilitatea de a-\u0219i preg\u0103ti acuzarea, respectiv ap\u0103rarea \u0219i c\u0103 estimeaz\u0103 c\u0103 aceast\u0103 etap\u0103 va dura aproximativ o lun\u0103 \u0219i jum\u0103tate. Din lips\u0103 de personal, finalizarea procedurii de sanc\u021bionare se poate \u00eentinde chiar p\u00e2n\u0103 la doi ani, a mai spus Raiu.<\/p>\n<p>Afirma\u021biile lui Simion apar \u00eentr-un context de tensiuni politice \u00eentre putere \u0219i opozi\u021bie, liderul AUR critic\u00e2nd activitatea \u0219efului statului \u0219i modul \u00een care acesta gestioneaz\u0103 dialogul politic.<\/p>\n<p>Nu este primul episod de acest tip. \u00cen trecut, liderul AUR a mai fost criticat public pentru declara\u021bii similare, inclusiv pentru folosirea unor etichete ofensatoare la adresa lui Nicu\u0219or Dan \u00een timpul campaniei electorale \u0219i ulterior, st\u00e2rnind reac\u021bii din partea societ\u0103\u021bii civile \u0219i a institu\u021biilor publice.<\/p>\n","protected":false},"excerpt":{"rendered":"<p>[analyse_image type=&#8221;featured&#8221; src=&#8221;https:\/\/s1.ziareromania.ro\/?mmid=bef5356b080f84b9e9&#8243;] Consiliul pentru Combaterea Discrimin\u0103rii a deschis o anchet\u0103 \u00eempotriva lui George Simion, pentru modul \u00een care a vorbit despre Nicu\u0219or Dan. Ce sanc\u021biune poate primi liderul AUR Autor: Mihai Diac Vineri, 24 Aprilie 2026, ora 18:36 1729 citiri Liderul AUR, George Simion &#8211; FOTO Hepta Consiliul Na\u021bional pentru Combaterea Discrimin\u0103rii (CNCD) \u00eel [&hellip;]<\/p>\n","protected":false},"author":1,"featured_media":0,"comment_status":"open","ping_status":"","sticky":false,"template":"","format":"standard","meta":{"footnotes":""},"categories":[89],"tags":[226,22],"class_list":["post-1901534","post","type-post","status-publish","format-standard","hentry","category-romania","tag-crawlmanager","tag-ziare-com"],"_links":{"self":[{"href":"https:\/\/analyse.optim.biz\/index.php?rest_route=\/wp\/v2\/posts\/1901534","targetHints":{"allow":["GET"]}}],"collection":[{"href":"https:\/\/analyse.optim.biz\/index.php?rest_route=\/wp\/v2\/posts"}],"about":[{"href":"https:\/\/analyse.optim.biz\/index.php?rest_route=\/wp\/v2\/types\/post"}],"author":[{"embeddable":true,"href":"https:\/\/analyse.optim.biz\/index.php?rest_route=\/wp\/v2\/users\/1"}],"replies":[{"embeddable":true,"href":"https:\/\/analyse.optim.biz\/index.php?rest_route=%2Fwp%2Fv2%2Fcomments&post=1901534"}],"version-history":[{"count":0,"href":"https:\/\/analyse.optim.biz\/index.php?rest_route=\/wp\/v2\/posts\/1901534\/revisions"}],"wp:attachment":[{"href":"https:\/\/analyse.optim.biz\/index.php?rest_route=%2Fwp%2Fv2%2Fmedia&parent=1901534"}],"wp:term":[{"taxonomy":"category","embeddable":true,"href":"https:\/\/analyse.optim.biz\/index.php?rest_route=%2Fwp%2Fv2%2Fcategories&post=1901534"},{"taxonomy":"post_tag","embeddable":true,"href":"https:\/\/analyse.optim.biz\/index.php?rest_route=%2Fwp%2Fv2%2Ftags&post=1901534"}],"curies":[{"name":"wp","href":"https:\/\/api.w.org\/{rel}","templated":true}]}}