{"id":1901524,"date":"2026-04-25T00:45:37","date_gmt":"2026-04-24T21:45:37","guid":{"rendered":"https:\/\/analyse.optim.biz\/?p=1901524"},"modified":"2026-04-25T00:45:37","modified_gmt":"2026-04-24T21:45:37","slug":"sindicatele-din-educatie-resping-proiectul-noii-legi-a-salarizarii-acuzatii-de-incalcare-a-legislatiei-in-vigoare","status":"publish","type":"post","link":"https:\/\/analyse.optim.biz\/?p=1901524","title":{"rendered":"Sindicatele din educa\u021bie resping proiectul noii legi a salariz\u0103rii. Acuza\u021bii de \u00eenc\u0103lcare a legisla\u021biei \u00een vigoare"},"content":{"rendered":"<p>[analyse_image type=&#8221;featured&#8221; src=&#8221;https:\/\/s1.ziareromania.ro\/?mmid=c963b56adc1509ba80&#8243;]<\/p>\n<div id=\"article__container\" class=\"news__container news__image__container\">\n<h1 class=\"news__title\" title=\"Sindicatele din educa\u021bie resping proiectul noii legi a salariz\u0103rii. Acuza\u021bii de \u00eenc\u0103lcare a legisla\u021biei \u00een vigoare\">Sindicatele din educa\u021bie resping proiectul noii legi a salariz\u0103rii. Acuza\u021bii de \u00eenc\u0103lcare a legisla\u021biei \u00een vigoare<\/h1>\n<\/div>\n<div class=\"news__info__content d-flex\">\n<div class=\"d-flex \">\n<div class=\"news__author mar10r\"> Autor: <span><a href=\"https:\/\/ziare.com\/autor\/andreea-deaconescu\"> Andreea Deaconescu <\/a><\/span><\/div>\n<div class=\"news__publish\">Vineri, 24 Aprilie 2026, ora 17:48<\/div>\n<\/div>\n<div class=\"news__views\">2232 citiri<\/div>\n<\/div>\n<div class=\"stanga_stire news__image fleft article__marker\">\n<div class=\"news-image__content news__image__item\"><a class=\"news__image\" data-href=\"https:\/\/s1.ziareromania.ro\/?mmid=c963b56adc1509ba80\" data-size=\"1024x1024\" title=\"Sindicatele din educa\u021bie resping proiectul noii legi a salariz\u0103rii. Acuza\u021bii de \u00eenc\u0103lcare a legisla\u021biei \u00een vigoare\"><img decoding=\"async\" src=\"https:\/\/tb.ziareromania.ro\/Sindicatele-din-educa--ie-resping-proiectul-noii-legi-a-salariz--rii--Acuza--ii-de---nc--lcare-a-legisla--iei---n-vigoare\/c963b56adc1509ba80\/400\/225\/2\/100\/Sindicatele-din-educa--ie-resping-proiectul-noii-legi-a-salariz--rii--Acuza--ii-de---nc--lcare-a-legisla--iei---n-vigoare.jpg\" alt=\"Sindicatele din educa\u021bie resping proiectul noii legi a salariz\u0103rii. Acuza\u021bii de \u00eenc\u0103lcare a legisla\u021biei \u00een vigoare\" title=\"Sindicatele din educa\u021bie resping proiectul noii legi a salariz\u0103rii. Acuza\u021bii de \u00eenc\u0103lcare a legisla\u021biei \u00een vigoare\" class=\"img-responsive\"><\/a><\/p>\n<div class=\"news__caption\">Sal\u0103 de clas\u0103 FOTO Pixabay<\/div>\n<\/div>\n<\/div>\n<div class=\"news__content descriere_main article__marker\">\n<p>Varianta de proiect a noii legi a salariz\u0103rii unitare reprezint\u0103 o \u00eenc\u0103lcare flagrant\u0103 a legisla\u021biei \u00een vigoare, o sfidare a angajamentelor asumate fa\u021b\u0103 de organiza\u021biile sindicale \u0219i o dovad\u0103 incontestabil\u0103 c\u0103 Guvernul, Pre\u0219edintele Rom\u00e2niei \u0219i partidele politice \u00eengroap\u0103 educa\u021bia, \u00een loc s\u0103 o trateze ca pe fundamentul pe care se construie\u0219te viitorul unei na\u021biuni, afirm\u0103 Federa\u021bia Sindicatelor Libere din \u00cenv\u0103\u021b\u0103m\u00e2nt (FSLI) \u0219i Federa\u021bia Sindicatelor din Educa\u021bie &#8220;Spiru Haret&#8221;, potrivit unui comunicat transmis, vineri, 24 aprilie.<\/p>\n<p>Cele dou\u0103 federa\u021bii sindicale sunt de p\u0103rere c\u0103 <a href=\"https:\/\/ziare.com\/grile-salarizare-educatie\/noi-rectorii-pot-primi-23788-lei-profesori-preuniversitar-peste-10000-lei-2008556\" target=\"_blank\" rel=\"nofollow\">draftul<\/a> ignor\u0103 prevederile OUG nr. 57\/2023, act normativ care stabile\u0219te f\u0103r\u0103 echivoc baza de calcul pentru salarizarea din \u00eenv\u0103\u021b\u0103m\u00e2nt, raportat\u0103 la salariul mediu brut pe economie pentru profesorul debutant.<\/p>\n<p>&#8220;Este revolt\u0103tor c\u0103, dup\u0103 ce s-a clamat public de c\u0103tre cei afla\u021bi la putere faptul c\u0103 noua lege de salarizare va fi una echitabil\u0103 \u0219i c\u0103 vor fi \u00eenl\u0103turate anomaliile din Legea 152\/2017, Guvernul Bolojan propune ca salariul maxim al unui profesor din \u00eenv\u0103\u021b\u0103m\u00e2ntul <a href=\"https:\/\/ziare.com\/scoala\/preuniversitar\/\" title=\"preuniversitar\">preuniversitar<\/a> s\u0103 nu ating\u0103 coeficientul 3, pe o scar\u0103 de la 1 la 8! De asemenea, nu s-a mai \u021binut cont de ceea ce s-a agreat \u00een anul 2024 cu conducerea Ministerului Muncii \u0219i cu reprezentan\u021bii B\u0103ncii Mondiale: salariul maxim al unui profesor din \u00eenv\u0103\u021b\u0103m\u00e2ntul preuniversitar s\u0103 fie egal cu cel al medicului specialist. Prin acest proiect de lege diferen\u021ba este de aproximativ 4.300 de lei \u00een defavoarea profesorului din preuniversitar&#8221;, se arat\u0103 \u00een comunicat.<\/p>\n<\/div>\n<h2>Decizia ar ignora consecin\u021bele pe termen lung<\/h2>\n<p>Sindicatele consider\u0103 c\u0103 &#8220;Guvernul Bolojan \u00ee\u0219i asum\u0103, prin acest proiect, o decizie care ignor\u0103 consecin\u021bele pe termen lung \u0219i trateaz\u0103 educa\u021bia cu o iresponsabilitate care nu mai poate fi justificat\u0103&#8221;.<\/p>\n<p>&#8220;Pre\u0219edintele Rom\u00e2niei, Nicu\u0219or Dan, votat pentru a veghea la respectarea Constitu\u021biei \u0219i a drepturilor fundamentale ale cet\u0103\u021benilor, a ales t\u0103cerea complice \u00een fa\u021ba unui sistem educa\u021bional \u00een colaps avansat. \u00cen condi\u021biile \u00een care sistemul de \u00eenv\u0103\u021b\u0103m\u00e2nt este distrus prin decizii politice iresponsabile, Pre\u0219edintele Rom\u00e2niei \u00eenc\u0103 nu a g\u0103sit timp pentru profesorii acestei \u021b\u0103ri. T\u0103cerea Pre\u0219edintelui Rom\u00e2niei \u00een fa\u021ba distrugerii educa\u021biei publice este ea \u00eens\u0103\u0219i o declara\u021bie politic\u0103: c\u0103 \u00een ierarhia priorit\u0103\u021bilor acestui stat, copiii \u0219i profesorii nu se afl\u0103 pe agenda real\u0103 a puterii&#8221;, se mai arat\u0103 \u00een document.<\/p>\n<p>Cele dou\u0103 federa\u021bii avertizeaz\u0103 c\u0103 men\u021binerea acestei direc\u021bii va accentua dezechilibrele din sistem \u0219i va transfera costurile asupra genera\u021biilor viitoare.<\/p>\n","protected":false},"excerpt":{"rendered":"<p>[analyse_image type=&#8221;featured&#8221; src=&#8221;https:\/\/s1.ziareromania.ro\/?mmid=c963b56adc1509ba80&#8243;] Sindicatele din educa\u021bie resping proiectul noii legi a salariz\u0103rii. Acuza\u021bii de \u00eenc\u0103lcare a legisla\u021biei \u00een vigoare Autor: Andreea Deaconescu Vineri, 24 Aprilie 2026, ora 17:48 2232 citiri Sal\u0103 de clas\u0103 FOTO Pixabay Varianta de proiect a noii legi a salariz\u0103rii unitare reprezint\u0103 o \u00eenc\u0103lcare flagrant\u0103 a legisla\u021biei \u00een vigoare, o sfidare a [&hellip;]<\/p>\n","protected":false},"author":1,"featured_media":0,"comment_status":"open","ping_status":"","sticky":false,"template":"","format":"standard","meta":{"footnotes":""},"categories":[89],"tags":[226,22],"class_list":["post-1901524","post","type-post","status-publish","format-standard","hentry","category-romania","tag-crawlmanager","tag-ziare-com"],"_links":{"self":[{"href":"https:\/\/analyse.optim.biz\/index.php?rest_route=\/wp\/v2\/posts\/1901524","targetHints":{"allow":["GET"]}}],"collection":[{"href":"https:\/\/analyse.optim.biz\/index.php?rest_route=\/wp\/v2\/posts"}],"about":[{"href":"https:\/\/analyse.optim.biz\/index.php?rest_route=\/wp\/v2\/types\/post"}],"author":[{"embeddable":true,"href":"https:\/\/analyse.optim.biz\/index.php?rest_route=\/wp\/v2\/users\/1"}],"replies":[{"embeddable":true,"href":"https:\/\/analyse.optim.biz\/index.php?rest_route=%2Fwp%2Fv2%2Fcomments&post=1901524"}],"version-history":[{"count":0,"href":"https:\/\/analyse.optim.biz\/index.php?rest_route=\/wp\/v2\/posts\/1901524\/revisions"}],"wp:attachment":[{"href":"https:\/\/analyse.optim.biz\/index.php?rest_route=%2Fwp%2Fv2%2Fmedia&parent=1901524"}],"wp:term":[{"taxonomy":"category","embeddable":true,"href":"https:\/\/analyse.optim.biz\/index.php?rest_route=%2Fwp%2Fv2%2Fcategories&post=1901524"},{"taxonomy":"post_tag","embeddable":true,"href":"https:\/\/analyse.optim.biz\/index.php?rest_route=%2Fwp%2Fv2%2Ftags&post=1901524"}],"curies":[{"name":"wp","href":"https:\/\/api.w.org\/{rel}","templated":true}]}}