{"id":1901517,"date":"2026-04-25T00:47:34","date_gmt":"2026-04-24T21:47:34","guid":{"rendered":"https:\/\/analyse.optim.biz\/?p=1901517"},"modified":"2026-04-25T00:47:34","modified_gmt":"2026-04-24T21:47:34","slug":"bolojan-anunta-masuri-pentru-reducerea-pretului-la-energie-oprim-speculatorii-si-deblocam-accesul-la-retele","status":"publish","type":"post","link":"https:\/\/analyse.optim.biz\/?p=1901517","title":{"rendered":"Bolojan anun\u021b\u0103 m\u0103suri pentru reducerea pre\u021bului la energie: \u201dOprim speculatorii \u0219i debloc\u0103m accesul la re\u021bele\u201d"},"content":{"rendered":"<p>[analyse_image type=&#8221;featured&#8221; src=&#8221;https:\/\/s1.ziareromania.ro\/?mmid=5008d56b085c003a6d&#8221;]<\/p>\n<div id=\"article__container\" class=\"news__container news__image__container\">\n<h1 class=\"news__title\" title=\"Bolojan anun\u021b\u0103 m\u0103suri pentru reducerea pre\u021bului la energie: \u201dOprim speculatorii \u0219i debloc\u0103m accesul la re\u021bele\u201d\">Bolojan anun\u021b\u0103 m\u0103suri pentru reducerea pre\u021bului la energie: \u201dOprim speculatorii \u0219i debloc\u0103m accesul la re\u021bele\u201d<\/h1>\n<\/div>\n<div class=\"news__info__content d-flex\">\n<div class=\"d-flex \">\n<div class=\"news__author mar10r\"> Autor: <span><a href=\"https:\/\/ziare.com\/autor\/catalina-sirbu\"> Catalina Sirbu <\/a><\/span><\/div>\n<div class=\"news__publish\">Vineri, 24 Aprilie 2026, ora 17:13<\/div>\n<\/div>\n<div class=\"news__views\">1122 citiri<\/div>\n<\/div>\n<div class=\"stanga_stire news__image fleft article__marker\">\n<div class=\"news-image__content news__image__item\"><a class=\"news__image\" data-href=\"https:\/\/s1.ziareromania.ro\/?mmid=5008d56b085c003a6d\" data-size=\"1024x683\" title=\"Bolojan anun\u021b\u0103 m\u0103suri pentru reducerea pre\u021bului la energie: \u201dOprim speculatorii \u0219i debloc\u0103m accesul la re\u021bele\u201d\"><img decoding=\"async\" src=\"https:\/\/tb.ziareromania.ro\/Bolojan-anun-----m--suri-pentru-reducerea-pre--ului-la-energie-----Oprim-speculatorii---i-debloc--m-accesul-la-re--ele---\/5008d56b085c003a6d\/400\/225\/2\/100\/Bolojan-anun-----m--suri-pentru-reducerea-pre--ului-la-energie-----Oprim-speculatorii---i-debloc--m-accesul-la-re--ele---.jpg\" alt=\"Bolojan anun\u021b\u0103 m\u0103suri pentru reducerea pre\u021bului la energie: \u201dOprim speculatorii \u0219i debloc\u0103m accesul la re\u021bele\u201d\" title=\"Bolojan anun\u021b\u0103 m\u0103suri pentru reducerea pre\u021bului la energie: \u201dOprim speculatorii \u0219i debloc\u0103m accesul la re\u021bele\u201d\" class=\"img-responsive\"><\/a><\/p>\n<div class=\"news__caption\">Contor lumin\u0103 FOTO Facebook\/ ANRE<\/div>\n<\/div>\n<\/div>\n<div class=\"news__content descriere_main article__marker\">\n<p>Premierul <a href=\"https:\/\/ziare.com\/ilie-bolojan\/\" title=\"Ilie Bolojan\">Ilie Bolojan<\/a> a anun\u021bat vineri, 24 aprilie, dup\u0103 \u00eent\u00e2lnirea cu pre\u0219edintele <a href=\"https:\/\/ziare.com\/anre\/\" title=\"ANRE\">ANRE<\/a>, oprirea speculatorilor \u0219i deblocarea accesului produc\u0103torilor de <a href=\"https:\/\/ziare.com\/economie\/energie\/\" title=\"energie\">energie<\/a> la re\u021bele electrice. El a precizat c\u0103 luni vor fi publicate \u00een dezbatere public\u0103 dou\u0103 regulamente privind racordarea \u0219i ob\u021binerea autoriza\u021biei de \u00eenfiin\u021bare.<\/p>\n<p>\u201dOprim speculatorii \u0219i debloc\u0103m accesul produc\u0103torilor de energie la re\u021belele electrice\u201d, a scris premierul pe <a href=\"https:\/\/ziare.com\/facebook\/\" title=\"Facebook\">Facebook<\/a>.<\/p>\n<p>\u0218eful guvernului a precizat c\u0103, \u201dpentru a reduce pre\u021bul energiei, avem nevoie de mai mult\u0103 capacitate de stocare, de cre\u0219terea produc\u021biei, at\u00e2t \u00een band\u0103, prin finalizarea investi\u021biilor aflate \u00een curs, c\u00e2t \u0219i prin permiterea accesului pe pia\u021b\u0103 al noilor produc\u0103tori pe fotovoltaic \u0219i eolian, care s\u0103 investeasc\u0103 \u0219i s\u0103 injecteze energie \u00een sistem \u0219i astfel, printr-o ofert\u0103 mai mare, pre\u021burile pot sc\u0103dea\u201d.<\/p>\n<p>\u201dDin p\u0103cate, \u00een ultimii ani accesul la re\u021bele a fost blocat \u0219i scumpit prin emiterea unui num\u0103r prea mare de autoriza\u021bii tehnice de racordare (ATR), ce dep\u0103\u0219esc cu mult necesit\u0103\u021bile economiei noastre. Astfel, s-au emis ATR-uri de peste 80.000 MW, fa\u021b\u0103 de circa 9.000 MW necesari, la care se adaug\u0103 \u00eenc\u0103 30.000 MW afla\u021bi \u00een procesare. F\u0103r\u0103 deblocarea accesului la re\u021bele, toate discu\u021biile legate de reducerea pre\u021burilor la energie nu au niciun fundament. Vom \u00eendrepta lucrurile\u201d, a subliniat prim-ministrul.<\/p>\n<\/div>\n<p>Ilie Bolojan a anun\u021bat c\u0103 a avut o \u00eent\u00e2lnire cu George Niculescu, pre\u0219edintele Autorit\u0103\u021bii de Reglementare \u00een Energie, \u00een cadrul c\u0103reia au convenit m\u0103surile ce vor fi puse \u00een practic\u0103 \u00een perioada urm\u0103toare.<\/p>\n<p>\u201dLuni vor fi publicate \u00een dezbatere public\u0103 dou\u0103 regulamente, unul privind racordarea \u0219i cel\u0103lalt privind ob\u021binerea autoriza\u021biei de \u00eenfiin\u021bare. Acestea urm\u0103resc s\u0103 creasc\u0103 garan\u021biile pentru ob\u021binerea ATR-urilor, s\u0103 introduc\u0103 o garan\u021bie de 30 euro\/kW instalat pentru ob\u021binerea autoriza\u021biei de \u00eenfiin\u021bare \u0219i s\u0103 stabileasc\u0103 termene clare. Astfel, proiectele care au finan\u021bare, respect\u0103 termenele \u0219i sunt serioase vor putea fi realizate, iar proiectele speculative \u00ee\u0219i vor pierde autoriza\u021biile. \u00cen acest mod, investi\u021biile reale vor avea acces mai u\u0219or la re\u021bele, contribuind la sc\u0103derea pre\u021bului energiei\u201d, a transmis \u0219eful Executivului.<\/p>\n<p>\u00cen paralel, Guvernul preg\u0103te\u0219te o ordonan\u021b\u0103 de modificare a legisla\u021biei primare, a mai afirmat premierul.<\/p>\n<p>Dup\u0103 perioada de dezbatere public\u0103 de 10 zile, \u00een prima jum\u0103tate a lunii mai, regulamentele \u0219i actele normative ar putea fi adoptate.<\/p>\n<p>\u201dRegulile clare \u0219i sus\u021binerea proiectelor serioase sunt condi\u021biile de baz\u0103 pentru a cur\u0103\u021ba pia\u021ba de proiectele speculative\u201d, a men\u021bionat Ilie Bolojan.<\/p>\n","protected":false},"excerpt":{"rendered":"<p>[analyse_image type=&#8221;featured&#8221; src=&#8221;https:\/\/s1.ziareromania.ro\/?mmid=5008d56b085c003a6d&#8221;] Bolojan anun\u021b\u0103 m\u0103suri pentru reducerea pre\u021bului la energie: \u201dOprim speculatorii \u0219i debloc\u0103m accesul la re\u021bele\u201d Autor: Catalina Sirbu Vineri, 24 Aprilie 2026, ora 17:13 1122 citiri Contor lumin\u0103 FOTO Facebook\/ ANRE Premierul Ilie Bolojan a anun\u021bat vineri, 24 aprilie, dup\u0103 \u00eent\u00e2lnirea cu pre\u0219edintele ANRE, oprirea speculatorilor \u0219i deblocarea accesului produc\u0103torilor de energie [&hellip;]<\/p>\n","protected":false},"author":1,"featured_media":0,"comment_status":"open","ping_status":"","sticky":false,"template":"","format":"standard","meta":{"footnotes":""},"categories":[89],"tags":[226,22],"class_list":["post-1901517","post","type-post","status-publish","format-standard","hentry","category-romania","tag-crawlmanager","tag-ziare-com"],"_links":{"self":[{"href":"https:\/\/analyse.optim.biz\/index.php?rest_route=\/wp\/v2\/posts\/1901517","targetHints":{"allow":["GET"]}}],"collection":[{"href":"https:\/\/analyse.optim.biz\/index.php?rest_route=\/wp\/v2\/posts"}],"about":[{"href":"https:\/\/analyse.optim.biz\/index.php?rest_route=\/wp\/v2\/types\/post"}],"author":[{"embeddable":true,"href":"https:\/\/analyse.optim.biz\/index.php?rest_route=\/wp\/v2\/users\/1"}],"replies":[{"embeddable":true,"href":"https:\/\/analyse.optim.biz\/index.php?rest_route=%2Fwp%2Fv2%2Fcomments&post=1901517"}],"version-history":[{"count":0,"href":"https:\/\/analyse.optim.biz\/index.php?rest_route=\/wp\/v2\/posts\/1901517\/revisions"}],"wp:attachment":[{"href":"https:\/\/analyse.optim.biz\/index.php?rest_route=%2Fwp%2Fv2%2Fmedia&parent=1901517"}],"wp:term":[{"taxonomy":"category","embeddable":true,"href":"https:\/\/analyse.optim.biz\/index.php?rest_route=%2Fwp%2Fv2%2Fcategories&post=1901517"},{"taxonomy":"post_tag","embeddable":true,"href":"https:\/\/analyse.optim.biz\/index.php?rest_route=%2Fwp%2Fv2%2Ftags&post=1901517"}],"curies":[{"name":"wp","href":"https:\/\/api.w.org\/{rel}","templated":true}]}}