{"id":1901423,"date":"2026-04-24T23:21:18","date_gmt":"2026-04-24T20:21:18","guid":{"rendered":"https:\/\/analyse.optim.biz\/?p=1901423"},"modified":"2026-04-24T23:21:18","modified_gmt":"2026-04-24T20:21:18","slug":"iulian-fota-a-facut-circ-langa-autospeciala-de-politie-fostul-consilier-prezidential-acuzat-de-sindicatul-europol-ca-a-incercat-sa-intimideze-ofiterii-video","status":"publish","type":"post","link":"https:\/\/analyse.optim.biz\/?p=1901423","title":{"rendered":"\u201dIulian Fota a f\u0103cut circ l\u00e2ng\u0103 autospeciala de poli\u021bie\u201d. Fostul consilier preziden\u021bial, acuzat de sindicatul Europol c\u0103 a \u00eencercat s\u0103 intimideze ofi\u021berii VIDEO"},"content":{"rendered":"<p>[analyse_image type=&#8221;featured&#8221; src=&#8221;https:\/\/s2.ziareromania.ro\/?mmid=f022c56a91338e084e&#8221;]<\/p>\n<div id=\"article__container\" class=\"news__container news__image__container\">\n<h1 class=\"news__title\" title=\"\u201dIulian Fota a f\u0103cut circ l\u00e2ng\u0103 autospeciala de poli\u021bie\u201d. Fostul consilier preziden\u021bial, acuzat de sindicatul Europol c\u0103 a \u00eencercat s\u0103 intimideze ofi\u021berii VIDEO\">\u201dIulian Fota a f\u0103cut circ l\u00e2ng\u0103 autospeciala de poli\u021bie\u201d. Fostul consilier preziden\u021bial, acuzat de sindicatul Europol c\u0103 a \u00eencercat s\u0103 intimideze ofi\u021berii <b><font color=\"red\">VIDEO<\/font><\/b><\/h1>\n<\/div>\n<div class=\"news__info__content d-flex\">\n<div class=\"d-flex \">\n<div class=\"news__author mar10r\"> Autor: <span><a href=\"https:\/\/ziare.com\/autor\/aniela-manolea\"> Aniela Manolea <\/a><\/span><\/div>\n<div class=\"news__publish\">Vineri, 24 Aprilie 2026, ora 12:06<\/div>\n<\/div>\n<div class=\"news__views\">2867 citiri<\/div>\n<\/div>\n<div class=\"stanga_stire news__image fleft article__marker\">\n<div class=\"news-image__content news__image__item\"><a class=\"news__image\" data-href=\"https:\/\/s1.ziareromania.ro\/?mmid=f022c56a91338e084e\" data-size=\"797x557\" title=\"\u201dIulian Fota a f\u0103cut circ l\u00e2ng\u0103 autospeciala de poli\u021bie\u201d. Fostul consilier preziden\u021bial, acuzat de sindicatul Europol c\u0103 a \u00eencercat s\u0103 intimideze ofi\u021berii VIDEO\"><img decoding=\"async\" src=\"https:\/\/tb.ziareromania.ro\/---Iulian-Fota-a-f--cut-circ-l--ng---autospeciala-de-poli--ie-----Fostul-consilier-preziden--ial--acuzat-de-sindicatul-Europol-c---a---ncercat-s---intimideze-ofi--erii--b--font-color--red--VIDEO--font---b-\/f022c56a91338e084e\/400\/225\/2\/100\/---Iulian-Fota-a-f--cut-circ-l--ng---autospeciala-de-poli--ie-----Fostul-consilier-preziden--ial--acuzat-de-sindicatul-Europol-c---a---ncercat-s---intimideze-ofi--erii--b--font-color--red--VIDEO--font---b-.jpg\" alt=\"\u201dIulian Fota a f\u0103cut circ l\u00e2ng\u0103 autospeciala de poli\u021bie\u201d. Fostul consilier preziden\u021bial, acuzat de sindicatul Europol c\u0103 a \u00eencercat s\u0103 intimideze ofi\u021berii VIDEO\" title=\"\u201dIulian Fota a f\u0103cut circ l\u00e2ng\u0103 autospeciala de poli\u021bie\u201d. Fostul consilier preziden\u021bial, acuzat de sindicatul Europol c\u0103 a \u00eencercat s\u0103 intimideze ofi\u021berii VIDEO\" class=\"img-responsive\"><\/a><\/p>\n<div class=\"news__caption\">Fostul consilier preziden\u021bial Iulian Fota FOTO Captur\u0103 video stirileprotv.ro<\/div>\n<\/div>\n<\/div>\n<div class=\"news__content descriere_main article__marker\">\n<p>Fostul consilier preziden\u021bial Iulian Fota a fost amendat \u0219i a pierdut dreptul de a conduce pentru 30 de zile, dup\u0103 ce a adresat injurii unui poli\u021bist rutier, sus\u021bine sindicatul Europol, care a publicat joi, 23 aprilie, \u0219i o \u00eenregistrare video a incidentului.<\/p>\n<p>\u201eDac\u0103 ai fost consilier al pre\u0219edintelui Rom\u00e2niei \u0219i secretar de stat \u00een Ministerul de Externe, nu \u00eenseamn\u0103 c\u0103 e\u0219ti \u00eendrept\u0103\u021bit s\u0103 aduci injurii poli\u021bistului rutier pentru c\u0103 aplic\u0103 legea. Iulian Fota a f\u0103cut circ l\u00e2ng\u0103 autospeciala de poli\u021bie, \u00een timp ce poli\u021bistul rutier \u00eei aplica amenda pentru c\u0103 a parcat neregulamentar autoturismul pe trecerea de pietoni, \u00een plin centrul Bucure\u0219tiului\u201d, au transmis reprezentan\u021bii sindicatului Europol.<\/p>\n<p>\u00cen imaginile publicate pe <a href=\"https:\/\/ziare.com\/facebook\/\" title=\"Facebook\">Facebook<\/a>, fostul consilier al pre\u0219edintelui Traian B\u0103sescu ridic\u0103 tonul la poli\u021bistul care \u00eei aplic\u0103 amenda rutier\u0103.<\/p>\n<p>\u201eProfita\u021bi de faptul c\u0103 ave\u021bi uniforma statului pe dumneavoastr\u0103, abuza\u021bi de privilegiile \u0219i de prerogativele pe care statul vi le-a dat. Deci, sunt dispus s\u0103 pl\u0103tesc pentru dreptul meu de a-mi spune punctul de vedere. Nu e normal ce face poli\u021bia\u201d, spune Iulian Fota \u00een \u00eenregistrarea video.<\/p>\n<p>Sindicatul poli\u021bi\u0219tilor \u00eel ironizeaz\u0103 pe fostul consilier preziden\u021bial, care a fost amendat pentru c\u0103 nu a respectat indica\u021bia poli\u021bistului rutier de a r\u0103m\u00e2ne \u00een ma\u0219in\u0103.<\/p>\n<p>\u201eAre dreptate \u0219i Fota: nesim\u021bi\u021bii de poli\u021bi\u0219ti rutieri chiar nu mai \u021bin cont nici de statutul social \u0219i nici de personalit\u0103\u021bile pe care le au \u00een fa\u021b\u0103 \u0219i aplic\u0103 legea la fel ca pentru orice alt cet\u0103\u021bean. Inadmisibil!\u201d, se arat\u0103 \u00een mesajul sindicatului Europol.<\/p>\n<\/div>\n<p>\u00cen urma incidentului, Iulian Fota a fost amendat cu 1.000 de lei \u0219i a r\u0103mas f\u0103r\u0103 permisul auto timp de 30 de zile pentru parcarea neregulamentar\u0103 pe trecerea de pietoni.<\/p>\n<iframe loading=\"lazy\" src=\"https:\/\/www.facebook.com\/plugins\/video.php?height=340&amp;href=https%3A%2F%2Fwww.facebook.com%2Freel%2F4300189866918582%2F&amp;show_text=false&amp;width=535&amp;t=0\" width=\"535\" height=\"340\" scrolling=\"no\" frameborder allowfullscreen=\"true\" allow=\"autoplay; clipboard-write; encrypted-media; picture-in-picture; web-share\"><\/iframe>\n","protected":false},"excerpt":{"rendered":"<p>[analyse_image type=&#8221;featured&#8221; src=&#8221;https:\/\/s2.ziareromania.ro\/?mmid=f022c56a91338e084e&#8221;] \u201dIulian Fota a f\u0103cut circ l\u00e2ng\u0103 autospeciala de poli\u021bie\u201d. Fostul consilier preziden\u021bial, acuzat de sindicatul Europol c\u0103 a \u00eencercat s\u0103 intimideze ofi\u021berii VIDEO Autor: Aniela Manolea Vineri, 24 Aprilie 2026, ora 12:06 2867 citiri Fostul consilier preziden\u021bial Iulian Fota FOTO Captur\u0103 video stirileprotv.ro Fostul consilier preziden\u021bial Iulian Fota a fost amendat \u0219i [&hellip;]<\/p>\n","protected":false},"author":1,"featured_media":0,"comment_status":"open","ping_status":"","sticky":false,"template":"","format":"standard","meta":{"footnotes":""},"categories":[89],"tags":[226,22],"class_list":["post-1901423","post","type-post","status-publish","format-standard","hentry","category-romania","tag-crawlmanager","tag-ziare-com"],"_links":{"self":[{"href":"https:\/\/analyse.optim.biz\/index.php?rest_route=\/wp\/v2\/posts\/1901423","targetHints":{"allow":["GET"]}}],"collection":[{"href":"https:\/\/analyse.optim.biz\/index.php?rest_route=\/wp\/v2\/posts"}],"about":[{"href":"https:\/\/analyse.optim.biz\/index.php?rest_route=\/wp\/v2\/types\/post"}],"author":[{"embeddable":true,"href":"https:\/\/analyse.optim.biz\/index.php?rest_route=\/wp\/v2\/users\/1"}],"replies":[{"embeddable":true,"href":"https:\/\/analyse.optim.biz\/index.php?rest_route=%2Fwp%2Fv2%2Fcomments&post=1901423"}],"version-history":[{"count":0,"href":"https:\/\/analyse.optim.biz\/index.php?rest_route=\/wp\/v2\/posts\/1901423\/revisions"}],"wp:attachment":[{"href":"https:\/\/analyse.optim.biz\/index.php?rest_route=%2Fwp%2Fv2%2Fmedia&parent=1901423"}],"wp:term":[{"taxonomy":"category","embeddable":true,"href":"https:\/\/analyse.optim.biz\/index.php?rest_route=%2Fwp%2Fv2%2Fcategories&post=1901423"},{"taxonomy":"post_tag","embeddable":true,"href":"https:\/\/analyse.optim.biz\/index.php?rest_route=%2Fwp%2Fv2%2Ftags&post=1901423"}],"curies":[{"name":"wp","href":"https:\/\/api.w.org\/{rel}","templated":true}]}}