{"id":1901415,"date":"2026-04-24T23:24:53","date_gmt":"2026-04-24T20:24:53","guid":{"rendered":"https:\/\/analyse.optim.biz\/?p=1901415"},"modified":"2026-04-24T23:24:53","modified_gmt":"2026-04-24T20:24:53","slug":"aproape-jumatate-dintre-unitatile-fiscale-vor-fi-desfiintate-nazare-anunta-reorganizarea-anaf-si-promite-ca-nu-vor-fi-concedieri","status":"publish","type":"post","link":"https:\/\/analyse.optim.biz\/?p=1901415","title":{"rendered":"Aproape jum\u0103tate dintre unit\u0103\u021bile fiscale vor fi desfiin\u021bate. Nazare anun\u021b\u0103 reorganizarea ANAF \u0219i promite c\u0103 nu vor fi concedieri"},"content":{"rendered":"<p>[analyse_image type=&#8221;featured&#8221; src=&#8221;https:\/\/s1.ziareromania.ro\/?mmid=b3f0256b06328a8c34&#8243;]<\/p>\n<div id=\"article__container\" class=\"news__container news__image__container\">\n<h1 class=\"news__title\" title=\"Aproape jum\u0103tate dintre unit\u0103\u021bile fiscale vor fi desfiin\u021bate. Nazare anun\u021b\u0103 reorganizarea ANAF \u0219i promite c\u0103 nu vor fi concedieri\">Aproape jum\u0103tate dintre unit\u0103\u021bile fiscale vor fi desfiin\u021bate. Nazare anun\u021b\u0103 reorganizarea ANAF \u0219i promite c\u0103 nu vor fi concedieri<\/h1>\n<\/div>\n<div class=\"news__info__content d-flex\">\n<div class=\"d-flex \">\n<div class=\"news__author mar10r\"> Autor: <span><a href=\"https:\/\/ziare.com\/autor\/eugen-porojan\"> Eugen Porojan <\/a><\/span><\/div>\n<div class=\"news__publish\">Vineri, 24 Aprilie 2026, ora 11:35<\/div>\n<\/div>\n<div class=\"news__views\">1664 citiri<\/div>\n<\/div>\n<div class=\"stanga_stire news__image fleft article__marker\">\n<div class=\"news-image__content news__image__item\"><a class=\"news__image\" data-href=\"https:\/\/s1.ziareromania.ro\/?mmid=b3f0256b06328a8c34\" data-size=\"1024x682\" title=\"Aproape jum\u0103tate dintre unit\u0103\u021bile fiscale vor fi desfiin\u021bate. Nazare anun\u021b\u0103 reorganizarea ANAF \u0219i promite c\u0103 nu vor fi concedieri\"><img decoding=\"async\" src=\"https:\/\/tb.ziareromania.ro\/Aproape-jum--tate-dintre-unit----ile-fiscale-vor-fi-desfiin--ate--Nazare-anun-----reorganizarea-ANAF---i-promite-c---nu-vor-fi-concedieri\/b3f0256b06328a8c34\/400\/225\/2\/100\/Aproape-jum--tate-dintre-unit----ile-fiscale-vor-fi-desfiin--ate--Nazare-anun-----reorganizarea-ANAF---i-promite-c---nu-vor-fi-concedieri.jpg\" alt=\"Aproape jum\u0103tate dintre unit\u0103\u021bile fiscale vor fi desfiin\u021bate. Nazare anun\u021b\u0103 reorganizarea ANAF \u0219i promite c\u0103 nu vor fi concedieri\" title=\"Aproape jum\u0103tate dintre unit\u0103\u021bile fiscale vor fi desfiin\u021bate. Nazare anun\u021b\u0103 reorganizarea ANAF \u0219i promite c\u0103 nu vor fi concedieri\" class=\"img-responsive\"><\/a><\/p>\n<div class=\"news__caption\">Ministrul Finan\u021belor Alexandru Nazare FOTO Facebook \/Alexandru Nazare\ufeff<\/div>\n<\/div>\n<\/div>\n<div class=\"news__content descriere_main article__marker\">\n<p>Ministrul Finan\u021belor <a href=\"https:\/\/ziare.com\/alexandru-nazare\/\" title=\"Alexandru Nazare\">Alexandru Nazare<\/a> a oferit vineri, 24 aprilie, detalii despre reorganizarea <a href=\"https:\/\/ziare.com\/stiri\/anaf\/\" title=\"ANAF\">ANAF<\/a>, care include \u00eenchiderea a aproape jum\u0103tate din unit\u0103\u021bile fiscale din \u021bar\u0103. Procesul care va dura dou\u0103 luni include relocarea echipelor ANAF c\u0103tre zonele cu risc ridicat de evaziune.<\/p>\n<p>\u201eANAF nu putea r\u0103m\u00e2ne o institu\u021bie ineficient\u0103 la nesf\u00e2r\u0219it. Am demarat reorganizarea teritorial\u0103 a administra\u021biei fiscale &#8211; pentru c\u0103 viitorul fiscalit\u0103\u021bii \u00een Rom\u00e2nia trebuie s\u0103 fie unul digitalizat, performant, care sus\u021bine bugetul public mai mult dec\u00e2t consum\u0103.<\/p>\n<p>Am \u00eenceput, ireversibil, \u00eempreun\u0103 cu pre\u0219edintele ANAF, Adrian Nica, un <a href=\"https:\/\/ziare.com\/stiri\/proces\/\" title=\"proces\">proces<\/a> amplu de transformare al acestei institu\u021bii &#8211; care vizeaz\u0103 modul \u00een care statul \u00ee\u0219i colecteaz\u0103 veniturile \u0219i, mai ales, modul \u00een care \u00ee\u0219i respect\u0103 contribuabilii. Este o nou\u0103 interven\u021bie necesar\u0103, construit\u0103 pe analize de eficien\u021b\u0103 \u0219i pe date concrete din teren, iar implementarea \u00eencepe \u00een perioada urm\u0103toare \u0219i se va derula etapizat, pe parcursul a aproximativ dou\u0103 luni\u201d, a transmis ministrul Finan\u021belor Alexandru Nazare pe <a href=\"https:\/\/ziare.com\/facebook\/\" title=\"Facebook\">Facebook<\/a>.<\/p>\n<p><a href=\"https:\/\/ziare.com\/restructurare-anaf\/jumatate-unitati-fiscale-desfiintate-adrian-nica-2008168\" target=\"_blank\" rel=\"nofollow\">Desfiin\u021barea<\/a> unit\u0103\u021bilor fiscale cu activitate sc\u0103zut\u0103, 76 din totalul de 161, nu implic\u0103 \u00eens\u0103 concedieri.<\/p>\n<\/div>\n<p>\u201eConcret, procesul de reorganizare va \u00eensemna desfiin\u021barea unui num\u0103r important de sedii fiscale fizice \u2014 municipale, or\u0103\u0219ene\u0219ti \u0219i comunale. Nu l\u0103s\u0103m comunit\u0103\u021bi f\u0103r\u0103 servicii, ci reg\u00e2ndim modul \u00een care acestea sunt oferite: mai pu\u021bin prin ghi\u0219ee fizice ineficiente \u0219i mai mult prin digitalizare \u0219i servicii adaptate anului 2026. \u00cen paralel, echipele ANAF din aceste sedii nu vor fi concediate, ci relocate acolo unde este cu adev\u0103rat nevoie \u2014 \u00een zonele cu risc ridicat de evaziune, pentru a \u00eent\u0103ri capacitatea de control\u201d, a declarat ministrul.<\/p>\n<p>Serviciile ANAF vor fi asigurate prin deplasarea echipelor teritoriale ANAF, a clarificat Nazare.<\/p>\n<p>\u201e\u00cen acela\u0219i timp, nu l\u0103s\u0103m nicio localitate f\u0103r\u0103 asisten\u021b\u0103 pentru contribuabili &#8211; dimpotriv\u0103. \u00cen locul unor sedii fizice costisitoare (care presupun costuri cu chirii, utilit\u0103\u021bi, \u00eentre\u021binere \u0219.a.) echipele teritoriale ANAF se vor deplasa direct \u00een comunit\u0103\u021bi pentru a oferi sprijin ori de c\u00e2te ori este nevoie, prin colaborare cu prim\u0103riile. De fiecare dat\u0103 c\u00e2nd un primar va solicita asisten\u021b\u0103, echipele ANAF vor veni mai aproape de contribuabil, \u00een orice comun\u0103, ori de c\u00e2te ori este necesar. Este o schimbare de logic\u0103: de la prezen\u021b\u0103 birocratic\u0103 dispersat\u0103, la eficien\u021b\u0103 opera\u021bional\u0103 \u0219i rezultate m\u0103surabile\u201d, a transmis Alexandru Nazare.<\/p>\n","protected":false},"excerpt":{"rendered":"<p>[analyse_image type=&#8221;featured&#8221; src=&#8221;https:\/\/s1.ziareromania.ro\/?mmid=b3f0256b06328a8c34&#8243;] Aproape jum\u0103tate dintre unit\u0103\u021bile fiscale vor fi desfiin\u021bate. Nazare anun\u021b\u0103 reorganizarea ANAF \u0219i promite c\u0103 nu vor fi concedieri Autor: Eugen Porojan Vineri, 24 Aprilie 2026, ora 11:35 1664 citiri Ministrul Finan\u021belor Alexandru Nazare FOTO Facebook \/Alexandru Nazare\ufeff Ministrul Finan\u021belor Alexandru Nazare a oferit vineri, 24 aprilie, detalii despre reorganizarea ANAF, care [&hellip;]<\/p>\n","protected":false},"author":1,"featured_media":0,"comment_status":"open","ping_status":"","sticky":false,"template":"","format":"standard","meta":{"footnotes":""},"categories":[89],"tags":[226,22],"class_list":["post-1901415","post","type-post","status-publish","format-standard","hentry","category-romania","tag-crawlmanager","tag-ziare-com"],"_links":{"self":[{"href":"https:\/\/analyse.optim.biz\/index.php?rest_route=\/wp\/v2\/posts\/1901415","targetHints":{"allow":["GET"]}}],"collection":[{"href":"https:\/\/analyse.optim.biz\/index.php?rest_route=\/wp\/v2\/posts"}],"about":[{"href":"https:\/\/analyse.optim.biz\/index.php?rest_route=\/wp\/v2\/types\/post"}],"author":[{"embeddable":true,"href":"https:\/\/analyse.optim.biz\/index.php?rest_route=\/wp\/v2\/users\/1"}],"replies":[{"embeddable":true,"href":"https:\/\/analyse.optim.biz\/index.php?rest_route=%2Fwp%2Fv2%2Fcomments&post=1901415"}],"version-history":[{"count":0,"href":"https:\/\/analyse.optim.biz\/index.php?rest_route=\/wp\/v2\/posts\/1901415\/revisions"}],"wp:attachment":[{"href":"https:\/\/analyse.optim.biz\/index.php?rest_route=%2Fwp%2Fv2%2Fmedia&parent=1901415"}],"wp:term":[{"taxonomy":"category","embeddable":true,"href":"https:\/\/analyse.optim.biz\/index.php?rest_route=%2Fwp%2Fv2%2Fcategories&post=1901415"},{"taxonomy":"post_tag","embeddable":true,"href":"https:\/\/analyse.optim.biz\/index.php?rest_route=%2Fwp%2Fv2%2Ftags&post=1901415"}],"curies":[{"name":"wp","href":"https:\/\/api.w.org\/{rel}","templated":true}]}}