{"id":1901404,"date":"2026-04-24T23:35:22","date_gmt":"2026-04-24T20:35:22","guid":{"rendered":"https:\/\/analyse.optim.biz\/?p=1901404"},"modified":"2026-04-24T23:35:22","modified_gmt":"2026-04-24T20:35:22","slug":"politico-despre-criza-politica-din-romania-destramarea-coalitiei-centriste-ii-deschide-nationalistului-george-simion-o-posibila-cale-alternativa-catre-putere","status":"publish","type":"post","link":"https:\/\/analyse.optim.biz\/?p=1901404","title":{"rendered":"Politico, despre criza politic\u0103 din Rom\u00e2nia: Destr\u0103marea coali\u021biei centriste \u00eei deschide na\u021bionalistului George Simion o posibil\u0103 cale alternativ\u0103 c\u0103tre putere"},"content":{"rendered":"<p>[analyse_image type=&#8221;featured&#8221; src=&#8221;https:\/\/s2.ziareromania.ro\/?mmid=c3b5656afc3d8fd99a&#8221;]<\/p>\n<div id=\"article__container\" class=\"news__container news__image__container\">\n<h1 class=\"news__title\" title=\"Politico, despre criza politic\u0103 din Rom\u00e2nia: Destr\u0103marea coali\u021biei centriste \u00eei deschide na\u021bionalistului George Simion o posibil\u0103 cale alternativ\u0103 c\u0103tre putere\">Politico, despre criza politic\u0103 din Rom\u00e2nia: Destr\u0103marea coali\u021biei centriste \u00eei deschide na\u021bionalistului George Simion o posibil\u0103 cale alternativ\u0103 c\u0103tre putere<\/h1>\n<\/div>\n<div class=\"news__info__content d-flex\">\n<div class=\"d-flex \">\n<div class=\"news__author mar10r\"> Autor: <span><a href=\"https:\/\/ziare.com\/autor\/veronica-andrei\"> Veronica Andrei <\/a><\/span><\/div>\n<div class=\"news__publish\">Vineri, 24 Aprilie 2026, ora 10:54<\/div>\n<\/div>\n<div class=\"news__views\">1083 citiri<\/div>\n<\/div>\n<div class=\"stanga_stire news__image fleft article__marker\">\n<div class=\"news-image__content news__image__item\"><a class=\"news__image\" data-href=\"https:\/\/s2.ziareromania.ro\/?mmid=c3b5656afc3d8fd99a\" data-size=\"872x577\" title=\"Politico, despre criza politic\u0103 din Rom\u00e2nia: Destr\u0103marea coali\u021biei centriste \u00eei deschide na\u021bionalistului George Simion o posibil\u0103 cale alternativ\u0103 c\u0103tre putere\"><img decoding=\"async\" src=\"https:\/\/tb.ziareromania.ro\/Politico--despre-criza-politic---din-Rom--nia--Destr--marea-coali--iei-centriste---i-deschide-na--ionalistului-George-Simion-o-posibil---cale-alternativ---c--tre-putere\/c3b5656afc3d8fd99a\/400\/225\/2\/100\/Politico--despre-criza-politic---din-Rom--nia--Destr--marea-coali--iei-centriste---i-deschide-na--ionalistului-George-Simion-o-posibil---cale-alternativ---c--tre-putere.jpg\" alt=\"Politico, despre criza politic\u0103 din Rom\u00e2nia: Destr\u0103marea coali\u021biei centriste \u00eei deschide na\u021bionalistului George Simion o posibil\u0103 cale alternativ\u0103 c\u0103tre putere\" title=\"Politico, despre criza politic\u0103 din Rom\u00e2nia: Destr\u0103marea coali\u021biei centriste \u00eei deschide na\u021bionalistului George Simion o posibil\u0103 cale alternativ\u0103 c\u0103tre putere\" class=\"img-responsive\"><\/a><\/p>\n<div class=\"news__caption\">George Simion, liderul AUR FOTO Hepta<\/div>\n<\/div>\n<\/div>\n<div class=\"news__content descriere_main article__marker\">\n<p>Coali\u021bia aflat\u0103 la guvernare \u00een Rom\u00e2nia caut\u0103 cu disperare o solu\u021bie pentru a \u00eempiedica partidul na\u021bionalist <a href=\"https:\/\/ziare.com\/politica\/aur\/\" title=\"AUR\">AUR<\/a> s\u0103 ajung\u0103 la putere, scrie politico.eu.<\/p>\n<p>Liderul de extrem\u0103 dreapta <a href=\"https:\/\/ziare.com\/george-simion\/\" title=\"George Simion\">George Simion<\/a> a pierdut cursa preziden\u021bial\u0103 de anul trecut, \u00eens\u0103 pr\u0103bu\u0219irea actualei coali\u021bii centriste \u00eei deschide o posibil\u0103 cale alternativ\u0103 c\u0103tre putere.<\/p>\n<p>Partidele tradi\u021bionale pro-europene \u00eencearc\u0103 s\u0103 \u00eel men\u021bin\u0103 pe margine pe Simion \u2014 un politician ultrana\u021bionalist \u0219i eurosceptic \u2014 \u00een timp ce negociaz\u0103 solu\u021bii pentru dep\u0103\u0219irea crizei politice.<\/p>\n<p>Totu\u0219i, politicianul aliniat curentului MAGA conduce deta\u0219at \u00een sondajele na\u021bionale \u0219i sus\u021bine c\u0103 a venit momentul ca forma\u021biunea sa s\u0103 guverneze Rom\u00e2nia, a \u0219asea cea mai populat\u0103 \u021bar\u0103 din Uniunea European\u0103 \u0219i viitorul amplasament al celei mai mari baze aeriene NATO de la Marea Neagr\u0103.<\/p>\n<p>Un guvern condus de Simion ar putea deveni un partener mai dificil \u0219i imprevizibil pentru Bruxelles. Acesta respinge interven\u021bia Comisiei Europene \u00een politica de cheltuieli publice, ar opri finan\u021barea pentru Ucraina \u0219i s-ar opune politicii comune de migra\u021bie a UE.<\/p>\n<p>\u201eSperan\u021ba mea este s\u0103 avem o schimbare de putere\u2026 democra\u021bia \u00eenseamn\u0103 alternan\u021b\u0103 la guvernare, a\u0219a c\u0103 trebuie s\u0103 fac\u0103 lucrul democratic \u0219i s\u0103 ne lase s\u0103 guvern\u0103m\u2026 s\u0103 asculte votul oamenilor\u201d, a declarat el.<\/p>\n<\/div>\n<p>Criza actual\u0103 din Rom\u00e2nia este legat\u0103 de necesitatea adopt\u0103rii unor m\u0103suri severe de austeritate pentru reducerea deficitului bugetar. Ruptura principal\u0103 din coali\u021bie a ap\u0103rut dup\u0103 ce Partidul Social Democrat (<a href=\"https:\/\/ziare.com\/psd\/\" title=\"PSD\">PSD<\/a>) \u0219i-a retras sprijinul pentru premierul <a href=\"https:\/\/ziare.com\/ilie-bolojan\/\" title=\"Ilie Bolojan\">Ilie Bolojan<\/a>, din Partidul Na\u021bional Liberal (<a href=\"https:\/\/ziare.com\/pnl\/\" title=\"PNL\">PNL<\/a>), \u00een urma disputelor privind amploarea t\u0103ierilor de cheltuieli, scrie Politico.<\/p>\n<p>Simion a descris actuala coali\u021bie drept o \u201ealian\u021b\u0103 nenatural\u0103\u201d \u00eentre patru partide \u2014 <a href=\"https:\/\/ziare.com\/politica\/psd\/\" title=\"PSD\">PSD<\/a>, <a href=\"https:\/\/ziare.com\/politica\/pnl\/\" title=\"PNL\">PNL<\/a>, <a href=\"https:\/\/ziare.com\/usr\/\" title=\"USR\">USR<\/a> \u0219i <a href=\"https:\/\/ziare.com\/udmr\/\" title=\"UDMR\">UDMR<\/a> \u2014 subliniind c\u0103 PSD \u0219i PNL au alternat la putere \u00eenc\u0103 de la c\u0103derea comunismului, \u00een 1989.<\/p>\n<p>Cu toate acestea, liderul AUR afirm\u0103 c\u0103 este dispus s\u0103 negocieze: \u201eSuntem gata s\u0103 discut\u0103m cu toat\u0103 lumea pentru a forma un guvern.\u201d<\/p>\n","protected":false},"excerpt":{"rendered":"<p>[analyse_image type=&#8221;featured&#8221; src=&#8221;https:\/\/s2.ziareromania.ro\/?mmid=c3b5656afc3d8fd99a&#8221;] Politico, despre criza politic\u0103 din Rom\u00e2nia: Destr\u0103marea coali\u021biei centriste \u00eei deschide na\u021bionalistului George Simion o posibil\u0103 cale alternativ\u0103 c\u0103tre putere Autor: Veronica Andrei Vineri, 24 Aprilie 2026, ora 10:54 1083 citiri George Simion, liderul AUR FOTO Hepta Coali\u021bia aflat\u0103 la guvernare \u00een Rom\u00e2nia caut\u0103 cu disperare o solu\u021bie pentru a \u00eempiedica partidul [&hellip;]<\/p>\n","protected":false},"author":1,"featured_media":0,"comment_status":"open","ping_status":"","sticky":false,"template":"","format":"standard","meta":{"footnotes":""},"categories":[89],"tags":[226,22],"class_list":["post-1901404","post","type-post","status-publish","format-standard","hentry","category-romania","tag-crawlmanager","tag-ziare-com"],"_links":{"self":[{"href":"https:\/\/analyse.optim.biz\/index.php?rest_route=\/wp\/v2\/posts\/1901404","targetHints":{"allow":["GET"]}}],"collection":[{"href":"https:\/\/analyse.optim.biz\/index.php?rest_route=\/wp\/v2\/posts"}],"about":[{"href":"https:\/\/analyse.optim.biz\/index.php?rest_route=\/wp\/v2\/types\/post"}],"author":[{"embeddable":true,"href":"https:\/\/analyse.optim.biz\/index.php?rest_route=\/wp\/v2\/users\/1"}],"replies":[{"embeddable":true,"href":"https:\/\/analyse.optim.biz\/index.php?rest_route=%2Fwp%2Fv2%2Fcomments&post=1901404"}],"version-history":[{"count":0,"href":"https:\/\/analyse.optim.biz\/index.php?rest_route=\/wp\/v2\/posts\/1901404\/revisions"}],"wp:attachment":[{"href":"https:\/\/analyse.optim.biz\/index.php?rest_route=%2Fwp%2Fv2%2Fmedia&parent=1901404"}],"wp:term":[{"taxonomy":"category","embeddable":true,"href":"https:\/\/analyse.optim.biz\/index.php?rest_route=%2Fwp%2Fv2%2Fcategories&post=1901404"},{"taxonomy":"post_tag","embeddable":true,"href":"https:\/\/analyse.optim.biz\/index.php?rest_route=%2Fwp%2Fv2%2Ftags&post=1901404"}],"curies":[{"name":"wp","href":"https:\/\/api.w.org\/{rel}","templated":true}]}}