{"id":1901401,"date":"2026-04-24T23:33:32","date_gmt":"2026-04-24T20:33:32","guid":{"rendered":"https:\/\/analyse.optim.biz\/?p=1901401"},"modified":"2026-04-24T23:33:32","modified_gmt":"2026-04-24T20:33:32","slug":"analiza-de-ce-ameninta-soigu-republica-moldova","status":"publish","type":"post","link":"https:\/\/analyse.optim.biz\/?p=1901401","title":{"rendered":"Analiz\u0103: De ce amenin\u021b\u0103 \u0218oigu Republica Moldova?"},"content":{"rendered":"<p>[analyse_image type=&#8221;featured&#8221; src=&#8221;https:\/\/s2.ziareromania.ro\/?mmid=a5703567cd5f81d7eb&#8221;]<\/p>\n<div id=\"article__container\" class=\"news__container news__image__container\">\n<h1 class=\"news__title\" title=\"Analiz\u0103: De ce amenin\u021b\u0103 \u0218oigu Republica Moldova?\">Analiz\u0103: De ce amenin\u021b\u0103 \u0218oigu Republica Moldova?<\/h1>\n<\/div>\n<div class=\"news__info__content d-flex\">\n<div class=\"d-flex d-flex-column \">\n<div class=\"news__author mar10r\"> Autor: <span><a href=\"https:\/\/ziare.com\/invitati\/vitalie-calugareanu-dw\/\" title=\"Vitalie Calugareanu (DW)\"> Vitalie Calugareanu (DW) <\/a>&#8211; jurnalist Deutsche Welle <\/span><\/div>\n<div class=\"news__publish\">Vineri, 24 Aprilie 2026, ora 10:46<\/div>\n<\/div>\n<div class=\"news__views\">1346 citiri<\/div>\n<\/div>\n<div class=\"stanga_stire news__image fleft article__marker\">\n<div class=\"news-image__content news__image__item\"><a class=\"news__image\" data-href=\"https:\/\/s1.ziareromania.ro\/?mmid=a5703567cd5f81d7eb\" data-size=\"279x230\" title=\"Analiz\u0103: De ce amenin\u021b\u0103 \u0218oigu Republica Moldova?\"><img decoding=\"async\" src=\"https:\/\/tb.ziareromania.ro\/Analiz----De-ce-amenin-------oigu-Republica-Moldova-\/a5703567cd5f81d7eb\/400\/225\/2\/100\/Analiz----De-ce-amenin-------oigu-Republica-Moldova-.jpg\" alt=\"Analiz\u0103: De ce amenin\u021b\u0103 \u0218oigu Republica Moldova?\" title=\"Analiz\u0103: De ce amenin\u021b\u0103 \u0218oigu Republica Moldova?\" class=\"img-responsive\"><\/a><\/p>\n<div>\n<div class=\"invitatii-banda-imagine-articol box__container box__container__bordered\"><a href=\"https:\/\/ziare.com\/invitati\/vitalie-calugareanu-dw\/\" title=\"Vitalie Calugareanu (DW)\">Invitat <span class=\"brand__red\">Ziare<\/span><span class=\"brand__blue\">.com<\/span><\/a><\/div>\n<\/div>\n<\/div>\n<\/div>\n<div class=\"news__content descriere_main article__marker\">\n<p>Rusia \u00eencearc\u0103, prin amenin\u021b\u0103ri alarmiste, s\u0103 determine Chi\u0219in\u0103ul s\u0103 renun\u021be la planul s\u0103u de readucere a Transnistriei \u00een c\u00e2mpul constitu\u021bional al Republicii Moldova.<\/p>\n<p>Secretarul Consiliului de Securitate al Rusiei, Serghei \u0218oigu, a declarat \u00eentr-un interviu pentru cotidianul rusesc \u00abKomsomolskaia Pravda\u00bb, c\u0103 Rusia va \u00eentreprinde \u201etoate m\u0103surile necesare \u0219i va recurge la toate metodele disponibile pentru a-\u0219i ap\u0103ra cet\u0103\u021benii s\u0103i\u201d din regiunea transnistrean\u0103 a Republicii Moldova. Mai mult, el a spus c\u0103 retorica autorit\u0103\u021bilor moldovene cu privire la regiunea transnistrean\u0103 \u201eseam\u0103n\u0103 din ce \u00een ce mai mult cu declara\u021biile autorit\u0103\u021bilor ucrainene despre Donbas \u00een 2014\u201d &#8211; anul \u00een care Rusia a anexat Crimeea. \u0218oigu a spus c\u0103 \u00een Transnistria ar locui peste 220 de mii de ru\u0219i \u0219i c\u0103 \u201einteresele \u0219i securitatea lor\u201d ar fi \u00een pericol. Asta de\u0219i 98% din cei aproximativ 300 de mii de locuitori ai regiunii transnistrene posed\u0103 acte moldovene\u0219ti de identitate.<\/p>\n<p>Nu a uitat s\u0103 repete nara\u021biunea preferat\u0103 a ministrului rus de Externe, Serghei Lavrov, despre faptul c\u0103 guvernarea pro-european\u0103 de la Chi\u0219in\u0103u ar fi dirijat\u0103 din exterior \u0219i c\u0103 ar \u00eencerca, cu sprijin occidental, s\u0103 elimine prezen\u021ba militar\u0103 rus\u0103 din Transnistria. \u0218i f\u0103r\u0103 s\u0103 fie \u00eentrebat, \u0218oigu a \u021binut s\u0103 men\u021bioneze neap\u0103rat c\u0103 un incident la uria\u0219ele depozite de armament vechi (de pe vremea URSS) de la Cobasna (localitate din regiunea transnistrean\u0103 aflat\u0103 la numai 2 kilometri de frontiera cu Ucraina) s-ar solda cu moartea multor oameni \u0219i cu o catastrof\u0103 ecologic\u0103 regional\u0103.<\/p>\n<\/div>\n<h2>Chi\u0219in\u0103ul tace \u0219i face<\/h2>\n<p>Declara\u021biile lui \u0218oigu vin dup\u0103 ce Chi\u0219in\u0103ul a dezv\u0103luit o parte a planului s\u0103u de reintegrare economic\u0103 a Transnistriei p\u00e2n\u0103 \u00een 2030 cu introducerea administr\u0103rii provizorii a regiunii separatiste de c\u0103tre UE \u0219i dup\u0103 ce Guvernul moldovean i-a declarat indezirabili pe to\u021bi \u0219efii comandamentului armatei ruse dislocate ilegal \u00een regiunea transnistrean\u0103. \u201eEste clar c\u0103 autorit\u0103\u021bile Republicii Moldova, cu sprijinul Uniunii Europene, \u00eencearc\u0103 s\u0103 alunge trupele ruse din Transnistria. Chi\u0219in\u0103ul a privat efectiv conducerea GOTR de dreptul de a circula \u00een afara regiunii transnistrene\u201d, s-a plans \u0218oigu.<\/p>\n<p>De asemenea, Maia Sandu a lipsit de cet\u0103\u021benia Republicii Moldova mai mul\u021bi indivizi de la Tiraspol, care deservesc Rusia \u0219i se implic\u0103 \u00een ac\u021biuni de subminare a suveranit\u0103\u021bii \u0219i integrit\u0103\u021bii teritoriale a Republicii Moldova.<\/p>\n<p>Chi\u0219in\u0103ul a reac\u021bionat la ultimele declara\u021bii ale lui \u0218oigu. Vicepremierul moldovean pentru Reintegrare, Valeriu Chiveri, i-a reamintit oficialului rus c\u0103 prezen\u021ba militar\u0103 a Rusiei \u00een Republica Moldova este ilegal\u0103: \u201ePozi\u021bia noastr\u0103 este foarte clar\u0103 \u2013 identificarea unei solu\u021bii pa\u0219nice pentru reintegrarea statului, \u00een baza respect\u0103rii suveranit\u0103\u021bii \u0219i integrit\u0103\u021bii teritoriale \u00een limitele frontierelor recunoscute interna\u021bional\u201d, a men\u021bionat Chiveri. El a reiterat c\u0103 Republica Moldova solicit\u0103 constant retragerea trupelor ruse, amintind de angajamentele asumate de Rusia \u00een acest sens la summitul OSCE de la Istanbul din 1999, care nu au fost respectate p\u00e2n\u0103 \u00een prezent.<\/p>\n","protected":false},"excerpt":{"rendered":"<p>[analyse_image type=&#8221;featured&#8221; src=&#8221;https:\/\/s2.ziareromania.ro\/?mmid=a5703567cd5f81d7eb&#8221;] Analiz\u0103: De ce amenin\u021b\u0103 \u0218oigu Republica Moldova? Autor: Vitalie Calugareanu (DW) &#8211; jurnalist Deutsche Welle Vineri, 24 Aprilie 2026, ora 10:46 1346 citiri Invitat Ziare.com Rusia \u00eencearc\u0103, prin amenin\u021b\u0103ri alarmiste, s\u0103 determine Chi\u0219in\u0103ul s\u0103 renun\u021be la planul s\u0103u de readucere a Transnistriei \u00een c\u00e2mpul constitu\u021bional al Republicii Moldova. Secretarul Consiliului de Securitate [&hellip;]<\/p>\n","protected":false},"author":1,"featured_media":0,"comment_status":"open","ping_status":"","sticky":false,"template":"","format":"standard","meta":{"footnotes":""},"categories":[89],"tags":[226,22],"class_list":["post-1901401","post","type-post","status-publish","format-standard","hentry","category-romania","tag-crawlmanager","tag-ziare-com"],"_links":{"self":[{"href":"https:\/\/analyse.optim.biz\/index.php?rest_route=\/wp\/v2\/posts\/1901401","targetHints":{"allow":["GET"]}}],"collection":[{"href":"https:\/\/analyse.optim.biz\/index.php?rest_route=\/wp\/v2\/posts"}],"about":[{"href":"https:\/\/analyse.optim.biz\/index.php?rest_route=\/wp\/v2\/types\/post"}],"author":[{"embeddable":true,"href":"https:\/\/analyse.optim.biz\/index.php?rest_route=\/wp\/v2\/users\/1"}],"replies":[{"embeddable":true,"href":"https:\/\/analyse.optim.biz\/index.php?rest_route=%2Fwp%2Fv2%2Fcomments&post=1901401"}],"version-history":[{"count":0,"href":"https:\/\/analyse.optim.biz\/index.php?rest_route=\/wp\/v2\/posts\/1901401\/revisions"}],"wp:attachment":[{"href":"https:\/\/analyse.optim.biz\/index.php?rest_route=%2Fwp%2Fv2%2Fmedia&parent=1901401"}],"wp:term":[{"taxonomy":"category","embeddable":true,"href":"https:\/\/analyse.optim.biz\/index.php?rest_route=%2Fwp%2Fv2%2Fcategories&post=1901401"},{"taxonomy":"post_tag","embeddable":true,"href":"https:\/\/analyse.optim.biz\/index.php?rest_route=%2Fwp%2Fv2%2Ftags&post=1901401"}],"curies":[{"name":"wp","href":"https:\/\/api.w.org\/{rel}","templated":true}]}}