{"id":1901390,"date":"2026-04-24T23:30:57","date_gmt":"2026-04-24T20:30:57","guid":{"rendered":"https:\/\/analyse.optim.biz\/?p=1901390"},"modified":"2026-04-24T23:30:57","modified_gmt":"2026-04-24T20:30:57","slug":"o-noua-medalie-pentru-romania-la-campionatul-european-bilantul-tricolorilor","status":"publish","type":"post","link":"https:\/\/analyse.optim.biz\/?p=1901390","title":{"rendered":"O nou\u0103 medalie pentru Rom\u00e2nia la Campionatul European. Bilan\u021bul tricolorilor"},"content":{"rendered":"<p>[analyse_image type=&#8221;featured&#8221; src=&#8221;https:\/\/s1.ziareromania.ro\/?mmid=4802256a910105975b&#8221;]<\/p>\n<div id=\"article__container\" class=\"news__container news__image__container\">\n<h1 class=\"news__title\" title=\"O nou\u0103 medalie pentru Rom\u00e2nia la Campionatul European. Bilan\u021bul tricolorilor\">O nou\u0103 medalie pentru Rom\u00e2nia la Campionatul European. Bilan\u021bul tricolorilor<\/h1>\n<\/div>\n<div class=\"news__info__content d-flex\">\n<div class=\"d-flex \">\n<div class=\"news__author mar10r\"> Autor: <span><a href=\"https:\/\/ziare.com\/autor\/teodor-serban\"> Teodor Serban <\/a><\/span><\/div>\n<div class=\"news__publish\">Vineri, 24 Aprilie 2026, ora 09:55<\/div>\n<\/div>\n<div class=\"news__views\">818 citiri<\/div>\n<\/div>\n<div class=\"stanga_stire news__image fleft article__marker\">\n<div class=\"news-image__content news__image__item\"><a class=\"news__image\" data-href=\"https:\/\/s2.ziareromania.ro\/?mmid=4802256a910105975b\" data-size=\"561x304\" title=\"O nou\u0103 medalie pentru Rom\u00e2nia la Campionatul European. Bilan\u021bul tricolorilor\"><img decoding=\"async\" src=\"https:\/\/tb.ziareromania.ro\/O-nou---medalie-pentru-Rom--nia-la-Campionatul-European--Bilan--ul-tricolorilor\/4802256a910105975b\/400\/225\/2\/100\/O-nou---medalie-pentru-Rom--nia-la-Campionatul-European--Bilan--ul-tricolorilor.jpg\" alt=\"O nou\u0103 medalie pentru Rom\u00e2nia la Campionatul European. Bilan\u021bul tricolorilor\" title=\"O nou\u0103 medalie pentru Rom\u00e2nia la Campionatul European. Bilan\u021bul tricolorilor\" class=\"img-responsive\"><\/a><\/p>\n<div class=\"news__caption\">Alexandra Anghel. Foto: Facebook \/ Alexandra Anghel<\/div>\n<\/div>\n<\/div>\n<div class=\"news__content descriere_main article__marker\">\n<p>Sportiva rom\u00e2n\u0103 Alexandra Nicoleta Anghel a c\u00e2\u0219tigat medalia de argint la cat. 76 kg, joi seara, la Campionatele Europene de <a href=\"https:\/\/ziare.com\/sporturi\/lupte\/\" title=\"lupte\">lupte<\/a> de la Tirana (Albania), dup\u0103 ce a fost \u00eenvins\u0103 \u00een final\u0103 de ucraineanca Anastasia Alpieeva, principala favorit\u0103.<\/p>\n<p>Miercuri, Anghel a intrat direct \u00een sferturile de final\u0103, cu o victorie \u00een fa\u021ba fran\u021buzoaicei Kendra Augustine Jocelyne Dacher, iar \u00een semifinale a \u00eenvins-o pe italianca Enrica Rinaldi.<\/p>\n<p>Anghel (28 ani) r\u0103m\u00e2ne cu un singur titlu european, ob\u021binut \u00een 2023, dar palmaresul s\u0103u mai cuprinde o medalie de argint la Europene (2024) \u0219i dou\u0103 de bronz (2018, 2025), precum \u0219i un bronz mondial (2022).<\/p>\n<p>Rom\u00e2nia a ob\u021binut patru medalii la Europenele de la Tirana, toate la feminin, aur prin Andreea Beatrice Ana (cat. 55 kg), argint prin Alexandra Nicoleta Anghel (cat. 76 kg) \u0219i bronz prin <a href=\"https:\/\/ziare.com\/alina-vuc\/\" title=\"Alina Vuc\">Alina Vuc<\/a> (cat. 50 kg) \u0219i Kateryna Zelenykh (cat. 68 kg).<\/p>\n<p>Tot joi, la cat. 53 kg, Beatrice Ionela Feren\u021b a \u00eenvins-o \u00een preliminarii pe Vestina Daniseviciute (Lituania), dar a pierdut meciul din sferturi contra polonezei Roksana Marta Zasina.<\/p>\n<p>La cat. 62 kg, Amina Roxana Capezan a fost \u00eenvins\u0103 \u00een preliminarii de suedeza Johanna Lindborg.<\/p>\n<p>\u00cen limitele cat. 65 kg, Kriszta Tunde Incze a fost \u00eentrecut\u0103 \u00een sferturi de azera Birgul Soltanova.<\/p>\n<p>Rom\u00e2nia particip\u0103 \u00een total cu 14 sportivi la competi\u021bie.<\/p>\n<p>La edi\u021bia 2025 a Campionatelor Europene, desf\u0103\u0219urat\u0103 la Bratislava (Slovacia), Rom\u00e2nia a c\u00e2\u0219tigat trei medalii, toate la feminin: dou\u0103 de argint prin Andreea Beatrice Ana (cat. 53 kg) \u0219i Kateryna Zelenykh (cat. 68 kg) \u0219i una de bronz prin Alexandra Anghel (cat. 72 kg).<\/p>\n<\/div>\n","protected":false},"excerpt":{"rendered":"<p>[analyse_image type=&#8221;featured&#8221; src=&#8221;https:\/\/s1.ziareromania.ro\/?mmid=4802256a910105975b&#8221;] O nou\u0103 medalie pentru Rom\u00e2nia la Campionatul European. Bilan\u021bul tricolorilor Autor: Teodor Serban Vineri, 24 Aprilie 2026, ora 09:55 818 citiri Alexandra Anghel. Foto: Facebook \/ Alexandra Anghel Sportiva rom\u00e2n\u0103 Alexandra Nicoleta Anghel a c\u00e2\u0219tigat medalia de argint la cat. 76 kg, joi seara, la Campionatele Europene de lupte de la Tirana [&hellip;]<\/p>\n","protected":false},"author":1,"featured_media":0,"comment_status":"open","ping_status":"","sticky":false,"template":"","format":"standard","meta":{"footnotes":""},"categories":[89],"tags":[226,22],"class_list":["post-1901390","post","type-post","status-publish","format-standard","hentry","category-romania","tag-crawlmanager","tag-ziare-com"],"_links":{"self":[{"href":"https:\/\/analyse.optim.biz\/index.php?rest_route=\/wp\/v2\/posts\/1901390","targetHints":{"allow":["GET"]}}],"collection":[{"href":"https:\/\/analyse.optim.biz\/index.php?rest_route=\/wp\/v2\/posts"}],"about":[{"href":"https:\/\/analyse.optim.biz\/index.php?rest_route=\/wp\/v2\/types\/post"}],"author":[{"embeddable":true,"href":"https:\/\/analyse.optim.biz\/index.php?rest_route=\/wp\/v2\/users\/1"}],"replies":[{"embeddable":true,"href":"https:\/\/analyse.optim.biz\/index.php?rest_route=%2Fwp%2Fv2%2Fcomments&post=1901390"}],"version-history":[{"count":0,"href":"https:\/\/analyse.optim.biz\/index.php?rest_route=\/wp\/v2\/posts\/1901390\/revisions"}],"wp:attachment":[{"href":"https:\/\/analyse.optim.biz\/index.php?rest_route=%2Fwp%2Fv2%2Fmedia&parent=1901390"}],"wp:term":[{"taxonomy":"category","embeddable":true,"href":"https:\/\/analyse.optim.biz\/index.php?rest_route=%2Fwp%2Fv2%2Fcategories&post=1901390"},{"taxonomy":"post_tag","embeddable":true,"href":"https:\/\/analyse.optim.biz\/index.php?rest_route=%2Fwp%2Fv2%2Ftags&post=1901390"}],"curies":[{"name":"wp","href":"https:\/\/api.w.org\/{rel}","templated":true}]}}