{"id":1901375,"date":"2026-04-24T23:29:04","date_gmt":"2026-04-24T20:29:04","guid":{"rendered":"https:\/\/analyse.optim.biz\/?p=1901375"},"modified":"2026-04-24T23:29:04","modified_gmt":"2026-04-24T20:29:04","slug":"se-intoarce-vremea-rece-in-urmatoarele-zile-cum-vor-fi-temperaturile-in-minivacanta-de-1-mai","status":"publish","type":"post","link":"https:\/\/analyse.optim.biz\/?p=1901375","title":{"rendered":"Se \u00eentoarce vremea rece \u00een urm\u0103toarele zile. Cum vor fi temperaturile \u00een minivacan\u021ba de 1 mai"},"content":{"rendered":"<p>[analyse_image type=&#8221;featured&#8221; src=&#8221;https:\/\/s1.ziareromania.ro\/?mmid=a4b4e56b0e580b50e5&#8243;]<\/p>\n<div id=\"article__container\" class=\"news__container news__image__container\">\n<h1 class=\"news__title\" title=\"Se \u00eentoarce vremea rece \u00een urm\u0103toarele zile. Cum vor fi temperaturile \u00een minivacan\u021ba de 1 mai\">Se \u00eentoarce vremea rece \u00een urm\u0103toarele zile. Cum vor fi temperaturile \u00een minivacan\u021ba de 1 mai<\/h1>\n<\/div>\n<div class=\"news__info__content d-flex\">\n<div class=\"d-flex \">\n<div class=\"news__author mar10r\"> Autor: <span><a href=\"https:\/\/ziare.com\/autor\/maria-mora\"> Maria Mora <\/a><\/span><\/div>\n<div class=\"news__publish\">Vineri, 24 Aprilie 2026, ora 08:30<\/div>\n<\/div>\n<div class=\"news__views\">7994 citiri<\/div>\n<\/div>\n<div class=\"stanga_stire news__image fleft article__marker\">\n<div class=\"news-image__content news__image__item\"><a class=\"news__image\" data-href=\"https:\/\/s1.ziareromania.ro\/?mmid=a4b4e56b0e580b50e5\" data-size=\"1024x683\" title=\"Se \u00eentoarce vremea rece \u00een urm\u0103toarele zile. Cum vor fi temperaturile \u00een minivacan\u021ba de 1 mai\"><img decoding=\"async\" src=\"https:\/\/tb.ziareromania.ro\/Se---ntoarce-vremea-rece---n-urm--toarele-zile--Cum-vor-fi-temperaturile---n-minivacan--a-de-1-mai\/a4b4e56b0e580b50e5\/400\/225\/2\/100\/Se---ntoarce-vremea-rece---n-urm--toarele-zile--Cum-vor-fi-temperaturile---n-minivacan--a-de-1-mai.jpg\" alt=\"Se \u00eentoarce vremea rece \u00een urm\u0103toarele zile. Cum vor fi temperaturile \u00een minivacan\u021ba de 1 mai\" title=\"Se \u00eentoarce vremea rece \u00een urm\u0103toarele zile. Cum vor fi temperaturile \u00een minivacan\u021ba de 1 mai\" class=\"img-responsive\"><\/a><\/p>\n<div class=\"news__caption\">Temperaturile vor fi mai sc\u0103zute \u00een urm\u0103toarele zile FOTO Pexels<\/div>\n<\/div>\n<\/div>\n<div class=\"news__content descriere_main article__marker\">\n<p>Temperaturile vor fi mult sub cele normale s\u0103pt\u0103m\u00e2na viitoare, inclusiv \u00een minivacan\u021ba de <a href=\"https:\/\/ziare.com\/social\/1-mai\/\" title=\"1 Mai\">1 Mai<\/a>, urmate de o stabilizare treptat\u0103 a vremii p\u00e2n\u0103 spre sf\u00e2r\u0219itul lunii mai, anun\u021b\u0103 meteorologii.<\/p>\n<p>Prima s\u0103pt\u0103m\u00e2n\u0103 a intervalului de prognoz\u0103, 27 aprilie \u2013 4 mai, aduce abateri termice semnificative fa\u021b\u0103 de normalul perioadei. Temperaturile vor fi cu 3,5 p\u00e2n\u0103 la 5,5 grade Celsius sub mediile climatologice ale intervalului, cu cele mai mari deficite \u00eenregistrate \u00een zona Moldovei \u0219i a Carpa\u021bilor Orientali.<\/p>\n<p>\u00cen ceea ce prive\u0219te precipita\u021biile, regiunile sudice, estice \u0219i centrale vor \u00eenregistra cantit\u0103\u021bi excedentare fa\u021b\u0103 de norm\u0103, \u00een timp ce restul \u021b\u0103rii se va \u00eencadra \u00een limite normale.<\/p>\n<p>S\u0103pt\u0103m\u00e2na 4\u201311 mai marcheaz\u0103 o ameliorare, temperaturile urm\u00e2nd s\u0103 se apropie de valorile specifice perioadei \u00een cea mai mare parte a \u021b\u0103rii. Precipita\u021biile vor fi u\u0219or deficitare \u00een regiunile sud-vestice, iar \u00een rest normale.<\/p>\n<p>Tendin\u021ba de stabilizare se men\u021bine \u0219i \u00een intervalul 11\u201318 mai, c\u00e2nd at\u00e2t regimul termic, c\u00e2t \u0219i cel pluviometric se vor situa \u00een parametrii normali pentru aceast\u0103 perioad\u0103 a anului, \u00een majoritatea regiunilor.<\/p>\n<p>\u00cen ultima s\u0103pt\u0103m\u00e2n\u0103 a intervalului pentru care a fost emis\u0103 prognoza, 18\u201325 mai, temperaturile r\u0103m\u00e2n \u00een general \u00een limite climatologice normale la nivelul \u00eentregii \u021b\u0103ri. Precipita\u021biile vor fi u\u0219or excedentare \u00een est \u0219i sud, u\u0219or deficitare \u00een vest.<\/p>\n<\/div>\n","protected":false},"excerpt":{"rendered":"<p>[analyse_image type=&#8221;featured&#8221; src=&#8221;https:\/\/s1.ziareromania.ro\/?mmid=a4b4e56b0e580b50e5&#8243;] Se \u00eentoarce vremea rece \u00een urm\u0103toarele zile. Cum vor fi temperaturile \u00een minivacan\u021ba de 1 mai Autor: Maria Mora Vineri, 24 Aprilie 2026, ora 08:30 7994 citiri Temperaturile vor fi mai sc\u0103zute \u00een urm\u0103toarele zile FOTO Pexels Temperaturile vor fi mult sub cele normale s\u0103pt\u0103m\u00e2na viitoare, inclusiv \u00een minivacan\u021ba de 1 Mai, [&hellip;]<\/p>\n","protected":false},"author":1,"featured_media":0,"comment_status":"open","ping_status":"","sticky":false,"template":"","format":"standard","meta":{"footnotes":""},"categories":[89],"tags":[226,22],"class_list":["post-1901375","post","type-post","status-publish","format-standard","hentry","category-romania","tag-crawlmanager","tag-ziare-com"],"_links":{"self":[{"href":"https:\/\/analyse.optim.biz\/index.php?rest_route=\/wp\/v2\/posts\/1901375","targetHints":{"allow":["GET"]}}],"collection":[{"href":"https:\/\/analyse.optim.biz\/index.php?rest_route=\/wp\/v2\/posts"}],"about":[{"href":"https:\/\/analyse.optim.biz\/index.php?rest_route=\/wp\/v2\/types\/post"}],"author":[{"embeddable":true,"href":"https:\/\/analyse.optim.biz\/index.php?rest_route=\/wp\/v2\/users\/1"}],"replies":[{"embeddable":true,"href":"https:\/\/analyse.optim.biz\/index.php?rest_route=%2Fwp%2Fv2%2Fcomments&post=1901375"}],"version-history":[{"count":0,"href":"https:\/\/analyse.optim.biz\/index.php?rest_route=\/wp\/v2\/posts\/1901375\/revisions"}],"wp:attachment":[{"href":"https:\/\/analyse.optim.biz\/index.php?rest_route=%2Fwp%2Fv2%2Fmedia&parent=1901375"}],"wp:term":[{"taxonomy":"category","embeddable":true,"href":"https:\/\/analyse.optim.biz\/index.php?rest_route=%2Fwp%2Fv2%2Fcategories&post=1901375"},{"taxonomy":"post_tag","embeddable":true,"href":"https:\/\/analyse.optim.biz\/index.php?rest_route=%2Fwp%2Fv2%2Ftags&post=1901375"}],"curies":[{"name":"wp","href":"https:\/\/api.w.org\/{rel}","templated":true}]}}