{"id":1901342,"date":"2026-04-23T03:55:40","date_gmt":"2026-04-23T00:55:40","guid":{"rendered":"https:\/\/analyse.optim.biz\/?p=1901342"},"modified":"2026-04-23T03:55:40","modified_gmt":"2026-04-23T00:55:40","slug":"autoturism-cazut-de-pe-pod-la-sadau-soferul-de-23-de-ani-transportat-la-spital","status":"publish","type":"post","link":"https:\/\/analyse.optim.biz\/?p=1901342","title":{"rendered":"Autoturism c\u0103zut de pe pod la Sad\u0103u. \u0218oferul de 23 de ani, transportat la spital"},"content":{"rendered":"<p>[analyse_image type=&#8221;featured&#8221; src=&#8221;https:\/\/www.newsbucovina.ro\/wp-content\/uploads\/2026\/04\/WhatsApp-Image-2026-04-22-at-23.13.34-1.jpeghttps:\/\/cdn.newsbucovina.ro\/wp-content\/uploads\/2026\/04\/WhatsApp-Image-2026-04-22-at-23.13.34-1.jpeg&#8221;]<\/p>\n<div class=\"td-post-content tagdiv-type\">\n<div class=\"td-a-rec td-a-rec-id-content_top  tdi_3 td_block_template_1\"><strong>Intr\u0103 acum \u0219i \u00een grupul de <\/p>\n<div class=\"wp-block-button\"><a class=\"wp-block-button__link wp-element-button\" href=\"https:\/\/t.me\/+TH8wcfnp8fw5NWI0\">Telegram News Bucovina<\/a><\/div>\n<p><\/strong><\/div>\n<p>Un autoturism a ie\u0219it \u00een afara p\u0103r\u021bii carosabile miercuri sear\u0103, 22 aprilie, pe raza satului Sad\u0103u din comuna Brodina.<\/p>\n<figure class=\"wp-block-image size-large\"><a href=\"https:\/\/cdn.newsbucovina.ro\/wp-content\/uploads\/2026\/04\/WhatsApp-Image-2026-04-22-at-23.13.34.jpeg\"><img loading=\"lazy\" decoding=\"async\" width=\"1024\" height=\"768\" src=\"https:\/\/cdn.newsbucovina.ro\/wp-content\/uploads\/2026\/04\/WhatsApp-Image-2026-04-22-at-23.13.34-1024x768.jpeg\" alt class=\"wp-image-436796\"><\/a><\/figure>\n<p>Potrivit slt. Radu Gabriel din cadrul ISU Suceava la fa\u021ba locului au intervenit pompierii militari din cadrul G\u0103rzii de Interven\u021bie Vicovu de Sus, din cadrul Inspectoratului pentru Situa\u021bii de Urgen\u021b\u0103 \u201eBucovina\u201d al jude\u021bului Suceava. Echipajele au ac\u021bionat cu o autospecial\u0103 de stingere dotat\u0103 cu modul pentru descarcerare \u0219i o ambulan\u021b\u0103 SMURD tip B2, av\u00e2nd sprijinul unui echipaj al Serviciului de Ambulan\u021b\u0103 Jude\u021bean (SAJ) Suceava.<\/p>\n<p>\u00cen accident a fost implicat un singur vehicul, condus de un t\u00e2n\u0103r \u00een v\u00e2rst\u0103 de 23 de ani. \u0218oferul se afla \u00een stare con\u0219tient\u0103 \u0219i cooperant\u0103 la sosirea salvatorilor. Pompierii l-au extras din autoturism \u0219i l-au predat imediat echipajului medical SAJ aflat la fa\u021ba locului.<\/p>\n<p>Dup\u0103 acordarea primului ajutor calificat la locul interven\u021biei, victima a fost transportat\u0103 la o unitate spitaliceasc\u0103 pentru investiga\u021bii medicale suplimentare \u0219i evaluare de specialitate.<\/p>\n<figure class=\"wp-block-embed is-type-video is-provider-youtube wp-block-embed-youtube wp-embed-aspect-16-9 wp-has-aspect-ratio\">\n<div class=\"wp-block-embed__wrapper\">\n<div class=\"youtube-embed\" data-video_id=\"cQP6CLkQ0sQ\"><iframe loading=\"lazy\" title=\"Aripioare la Co\u0219arc\u0103, Bere p\u00e2n\u0103 la refuz - Distrac\u021bie Adev\u0103rat\u0103 Made in Suceava!! O nebunie va fi...\" width=\"696\" height=\"392\" src=\"https:\/\/www.youtube.com\/embed\/cQP6CLkQ0sQ?feature=oembed&amp;enablejsapi=1\" frameborder allow=\"accelerometer; autoplay; clipboard-write; encrypted-media; gyroscope; picture-in-picture; web-share\" referrerpolicy=\"strict-origin-when-cross-origin\" allowfullscreen><\/iframe><\/div>\n<\/div>\n<\/figure>\n<div class=\"td-a-rec td-a-rec-id-content_bottom  tdi_4 td_block_template_1\"><strong>Intr\u0103 acum \u0219i \u00een grupul de <\/p>\n<div class=\"wp-block-button\"><a class=\"wp-block-button__link wp-element-button\" href=\"https:\/\/t.me\/+TH8wcfnp8fw5NWI0\">Telegram News Bucovina<\/a><\/div>\n<p><\/strong><\/div>\n<\/div>\n<div class=\"td-post-content tagdiv-type\">\n<div class=\"td-a-rec td-a-rec-id-content_top  tdi_3 td_block_template_1\"><strong>Intr\u0103 acum \u0219i \u00een grupul de <\/p>\n<div class=\"wp-block-button\"><a class=\"wp-block-button__link wp-element-button\" href=\"https:\/\/t.me\/+TH8wcfnp8fw5NWI0\">Telegram News Bucovina<\/a><\/div>\n<p><\/strong><\/div>\n<p>Un autoturism a ie\u0219it \u00een afara p\u0103r\u021bii carosabile miercuri sear\u0103, 22 aprilie, pe raza satului Sad\u0103u din comuna Brodina.<\/p>\n<figure class=\"wp-block-image size-large\"><a href=\"https:\/\/cdn.newsbucovina.ro\/wp-content\/uploads\/2026\/04\/WhatsApp-Image-2026-04-22-at-23.13.34.jpeg\"><img loading=\"lazy\" decoding=\"async\" width=\"1024\" height=\"768\" src=\"https:\/\/cdn.newsbucovina.ro\/wp-content\/uploads\/2026\/04\/WhatsApp-Image-2026-04-22-at-23.13.34-1024x768.jpeg\" alt class=\"wp-image-436796\"><\/a><\/figure>\n<p>Potrivit slt. Radu Gabriel din cadrul ISU Suceava la fa\u021ba locului au intervenit pompierii militari din cadrul G\u0103rzii de Interven\u021bie Vicovu de Sus, din cadrul Inspectoratului pentru Situa\u021bii de Urgen\u021b\u0103 \u201eBucovina\u201d al jude\u021bului Suceava. Echipajele au ac\u021bionat cu o autospecial\u0103 de stingere dotat\u0103 cu modul pentru descarcerare \u0219i o ambulan\u021b\u0103 SMURD tip B2, av\u00e2nd sprijinul unui echipaj al Serviciului de Ambulan\u021b\u0103 Jude\u021bean (SAJ) Suceava.<\/p>\n<p>\u00cen accident a fost implicat un singur vehicul, condus de un t\u00e2n\u0103r \u00een v\u00e2rst\u0103 de 23 de ani. \u0218oferul se afla \u00een stare con\u0219tient\u0103 \u0219i cooperant\u0103 la sosirea salvatorilor. Pompierii l-au extras din autoturism \u0219i l-au predat imediat echipajului medical SAJ aflat la fa\u021ba locului.<\/p>\n<p>Dup\u0103 acordarea primului ajutor calificat la locul interven\u021biei, victima a fost transportat\u0103 la o unitate spitaliceasc\u0103 pentru investiga\u021bii medicale suplimentare \u0219i evaluare de specialitate.<\/p>\n<figure class=\"wp-block-embed is-type-video is-provider-youtube wp-block-embed-youtube wp-embed-aspect-16-9 wp-has-aspect-ratio\">\n<div class=\"wp-block-embed__wrapper\">\n<div class=\"youtube-embed\" data-video_id=\"cQP6CLkQ0sQ\"><iframe loading=\"lazy\" title=\"Aripioare la Co\u0219arc\u0103, Bere p\u00e2n\u0103 la refuz - Distrac\u021bie Adev\u0103rat\u0103 Made in Suceava!! O nebunie va fi...\" width=\"696\" height=\"392\" src=\"https:\/\/www.youtube.com\/embed\/cQP6CLkQ0sQ?feature=oembed&amp;enablejsapi=1\" frameborder allow=\"accelerometer; autoplay; clipboard-write; encrypted-media; gyroscope; picture-in-picture; web-share\" referrerpolicy=\"strict-origin-when-cross-origin\" allowfullscreen><\/iframe><\/div>\n<\/div>\n<\/figure>\n<div class=\"td-a-rec td-a-rec-id-content_bottom  tdi_4 td_block_template_1\"><strong>Intr\u0103 acum \u0219i \u00een grupul de <\/p>\n<div class=\"wp-block-button\"><a class=\"wp-block-button__link wp-element-button\" href=\"https:\/\/t.me\/+TH8wcfnp8fw5NWI0\">Telegram News Bucovina<\/a><\/div>\n<p><\/strong><\/div>\n<\/div>\n<p>[analyse_source url=&#8221;https:\/\/www.newsbucovina.ro\/actualitate\/436795\/autoturism-cazut-de-pe-pod-la-sadau-soferul-de-23-de-ani-transportat-la-spital&#8221;]<\/p>\n","protected":false},"excerpt":{"rendered":"<p>[analyse_image type=&#8221;featured&#8221; src=&#8221;https:\/\/www.newsbucovina.ro\/wp-content\/uploads\/2026\/04\/WhatsApp-Image-2026-04-22-at-23.13.34-1.jpeghttps:\/\/cdn.newsbucovina.ro\/wp-content\/uploads\/2026\/04\/WhatsApp-Image-2026-04-22-at-23.13.34-1.jpeg&#8221;] Intr\u0103 acum \u0219i \u00een grupul de Telegram News Bucovina Un autoturism a ie\u0219it \u00een afara p\u0103r\u021bii carosabile miercuri sear\u0103, 22 aprilie, pe raza satului Sad\u0103u din comuna Brodina. Potrivit slt. Radu Gabriel din cadrul ISU Suceava la fa\u021ba locului au intervenit pompierii militari din cadrul G\u0103rzii de Interven\u021bie Vicovu de Sus, din [&hellip;]<\/p>\n","protected":false},"author":1,"featured_media":0,"comment_status":"open","ping_status":"","sticky":false,"template":"","format":"standard","meta":{"footnotes":""},"categories":[89],"tags":[226,165],"class_list":["post-1901342","post","type-post","status-publish","format-standard","hentry","category-romania","tag-crawlmanager","tag-newsbucovina-ro"],"_links":{"self":[{"href":"https:\/\/analyse.optim.biz\/index.php?rest_route=\/wp\/v2\/posts\/1901342","targetHints":{"allow":["GET"]}}],"collection":[{"href":"https:\/\/analyse.optim.biz\/index.php?rest_route=\/wp\/v2\/posts"}],"about":[{"href":"https:\/\/analyse.optim.biz\/index.php?rest_route=\/wp\/v2\/types\/post"}],"author":[{"embeddable":true,"href":"https:\/\/analyse.optim.biz\/index.php?rest_route=\/wp\/v2\/users\/1"}],"replies":[{"embeddable":true,"href":"https:\/\/analyse.optim.biz\/index.php?rest_route=%2Fwp%2Fv2%2Fcomments&post=1901342"}],"version-history":[{"count":0,"href":"https:\/\/analyse.optim.biz\/index.php?rest_route=\/wp\/v2\/posts\/1901342\/revisions"}],"wp:attachment":[{"href":"https:\/\/analyse.optim.biz\/index.php?rest_route=%2Fwp%2Fv2%2Fmedia&parent=1901342"}],"wp:term":[{"taxonomy":"category","embeddable":true,"href":"https:\/\/analyse.optim.biz\/index.php?rest_route=%2Fwp%2Fv2%2Fcategories&post=1901342"},{"taxonomy":"post_tag","embeddable":true,"href":"https:\/\/analyse.optim.biz\/index.php?rest_route=%2Fwp%2Fv2%2Ftags&post=1901342"}],"curies":[{"name":"wp","href":"https:\/\/api.w.org\/{rel}","templated":true}]}}