{"id":1901341,"date":"2026-04-23T04:12:26","date_gmt":"2026-04-23T01:12:26","guid":{"rendered":"https:\/\/analyse.optim.biz\/?p=1901341"},"modified":"2026-04-23T04:12:26","modified_gmt":"2026-04-23T01:12:26","slug":"intalnire-de-lucru-la-frontiera-intre-guvernatorul-militar-al-regiunii-cernauti-si-presedintele-cj-suceava-discutii-concrete-despre-modernizarea-punctelor-de-trecere-si-securitate-energetica","status":"publish","type":"post","link":"https:\/\/analyse.optim.biz\/?p=1901341","title":{"rendered":"\u00cent\u00e2lnire de lucru la frontier\u0103 \u00eentre guvernatorul militar al regiunii Cern\u0103u\u021bi \u0219i pre\u0219edintele CJ Suceava: discu\u021bii concrete despre modernizarea punctelor de trecere \u0219i securitate energetic\u0103"},"content":{"rendered":"<p>[analyse_image type=&#8221;featured&#8221; src=&#8221;https:\/\/www.newsbucovina.ro\/wp-content\/uploads\/2026\/04\/675787494_122125057353210458_551418722025476468_n.jpghttps:\/\/cdn.newsbucovina.ro\/wp-content\/uploads\/2026\/04\/675787494_122125057353210458_551418722025476468_n.jpg&#8221;]<\/p>\n<div class=\"td-post-content tagdiv-type\">\n<div class=\"td-a-rec td-a-rec-id-content_top  tdi_3 td_block_template_1\"><strong>Intr\u0103 acum \u0219i \u00een grupul de <\/p>\n<div class=\"wp-block-button\"><a class=\"wp-block-button__link wp-element-button\" href=\"https:\/\/t.me\/+TH8wcfnp8fw5NWI0\">Telegram News Bucovina<\/a><\/div>\n<p><\/strong><\/div>\n<p>Guvernatorul militar al regiunii Cern\u0103u\u021bi, Ruslan Osipenko, \u0219i pre\u0219edintele Consiliului Jude\u021bean Suceava, Gheorghe \u0218oldan, au avut miercuri prima \u00eent\u00e2lnire de lucru la punctul interna\u021bional de trecere a frontierei \u201ePorubne\u2013Siret\u201d. Discu\u021biile s-au concentrat pe dezvoltarea infrastructurii de frontier\u0103 \u0219i pe proiecte comune de cooperare transfrontalier\u0103.<\/p>\n<figure class=\"wp-block-gallery has-nested-images columns-default is-cropped wp-block-gallery-1 is-layout-flex wp-block-gallery-is-layout-flex\">\n<figure class=\"wp-block-image size-large\"><a href=\"https:\/\/cdn.newsbucovina.ro\/wp-content\/uploads\/2026\/04\/674038158_122125057209210458_5535832868163565322_n.jpg\"><img loading=\"lazy\" decoding=\"async\" width=\"1024\" height=\"683\" data-id=\"436803\" src=\"https:\/\/cdn.newsbucovina.ro\/wp-content\/uploads\/2026\/04\/674038158_122125057209210458_5535832868163565322_n-1024x683.jpg\" alt class=\"wp-image-436803\"><\/a><\/figure>\n<figure class=\"wp-block-image size-large\"><a href=\"https:\/\/cdn.newsbucovina.ro\/wp-content\/uploads\/2026\/04\/674601533_122125057143210458_4516167286389983502_n.jpg\"><img loading=\"lazy\" decoding=\"async\" width=\"1024\" height=\"683\" data-id=\"436805\" src=\"https:\/\/cdn.newsbucovina.ro\/wp-content\/uploads\/2026\/04\/674601533_122125057143210458_4516167286389983502_n-1024x683.jpg\" alt class=\"wp-image-436805\"><\/a><\/figure>\n<figure class=\"wp-block-image size-large\"><a href=\"https:\/\/cdn.newsbucovina.ro\/wp-content\/uploads\/2026\/04\/675787494_122125057353210458_551418722025476468_n.jpg\"><img loading=\"lazy\" decoding=\"async\" width=\"1024\" height=\"683\" data-id=\"436801\" src=\"https:\/\/cdn.newsbucovina.ro\/wp-content\/uploads\/2026\/04\/675787494_122125057353210458_551418722025476468_n-1024x683.jpg\" alt class=\"wp-image-436801\"><\/a><\/figure>\n<figure class=\"wp-block-image size-large\"><a href=\"https:\/\/cdn.newsbucovina.ro\/wp-content\/uploads\/2026\/04\/676473373_122125057263210458_8823366668953499047_n.jpg\"><img decoding=\"async\" loading=\"lazy\" width=\"1024\" height=\"683\" data-id=\"436800\" src=\"https:\/\/cdn.newsbucovina.ro\/wp-content\/uploads\/2026\/04\/676473373_122125057263210458_8823366668953499047_n-1024x683.jpg\" alt class=\"wp-image-436800\"><\/a><\/figure>\n<figure class=\"wp-block-image size-large\"><a href=\"https:\/\/cdn.newsbucovina.ro\/wp-content\/uploads\/2026\/04\/676506610_122125057155210458_8496878311025271072_n.jpg\"><img decoding=\"async\" loading=\"lazy\" width=\"1024\" height=\"683\" data-id=\"436802\" src=\"https:\/\/cdn.newsbucovina.ro\/wp-content\/uploads\/2026\/04\/676506610_122125057155210458_8496878311025271072_n-1024x683.jpg\" alt class=\"wp-image-436802\"><\/a><\/figure>\n<figure class=\"wp-block-image size-large\"><a href=\"https:\/\/cdn.newsbucovina.ro\/wp-content\/uploads\/2026\/04\/679705706_122125057089210458_1982101267619936615_n.jpg\"><img decoding=\"async\" loading=\"lazy\" width=\"1024\" height=\"683\" data-id=\"436804\" src=\"https:\/\/cdn.newsbucovina.ro\/wp-content\/uploads\/2026\/04\/679705706_122125057089210458_1982101267619936615_n-1024x683.jpg\" alt class=\"wp-image-436804\"><\/a><\/figure>\n<\/figure>\n<p>La invita\u021bia guvernatorului Osipenko, la \u00eent\u00e2lnire au participat consulul general al Rom\u00e2niei la Cern\u0103u\u021bi, Irina-Loredana St\u0103nculescu, viceguvernatorii Vitalii Bondar \u0219i Roman Grebea, precum \u0219i \u0219eful Serviciului de Restaurare \u0219i Dezvoltare a Infrastructurii din regiunea Cern\u0103u\u021bi, Evghen P\u00eesanko. Partea rom\u00e2n\u0103 a fost reprezentat\u0103 corespunz\u0103tor, ceea ce a permis un dialog concret \u0219i substan\u021bial.<\/p>\n<p>Principalul obiectiv al \u00eent\u00e2lnirii a fost stabilirea unor ac\u021biuni concrete pentru finalizarea moderniz\u0103rii punctului de trecere \u201ePorubne\u2013Siret\u201d \u0219i extinderea func\u021bion\u0103rii punctului \u201eKrasnoilsk\u2013Vicovu de Sus\u201d. De asemenea, au fost discutate posibilit\u0103\u021bile de amenajare a trei noi puncte de trecere \u00een regim interna\u021bional: \u201eF\u00e2nt\u00e2na Alb\u0103\u2013Clim\u0103u\u021bi\u201d, \u201e\u0218epit\u2013Izvoarele Sucevei\u201d \u0219i \u201eRuska\u2013Ulma\u201d.<\/p>\n<p>Un alt subiect important a vizat refacerea liniei aeriene interstatale de \u00eenalt\u0103 tensiune de 110 kV \u00eentre Porubne \u0219i sta\u021bia Siret, proiect considerat strategic pentru securitatea energetic\u0103 \u0219i stabilitatea zonelor de frontier\u0103.<\/p>\n<p>Guvernatorul Ruslan Osipenko a subliniat c\u0103 \u201epoten\u021bialul de frontier\u0103 al regiunii Cern\u0103u\u021bi poate fi valorificat pe deplin doar printr-o str\u00e2ns\u0103 cooperare cu vecinii no\u0219tri\u201d, eviden\u021biind leg\u0103turile speciale cu jude\u021bul Suceava, bazate pe frontiera comun\u0103, interese de dezvoltare, securitate \u0219i integrare european\u0103.<\/p>\n<p>Pre\u0219edintele Gheorghe \u0218oldan a asigurat partea ucrainean\u0103 de sprijinul deplin al Consiliului Jude\u021bean Suceava pentru aceste demersuri, inclusiv prin sus\u021binere \u00een fa\u021ba Comisiei Europene pentru atragerea de finan\u021bare suplimentar\u0103 din fonduri UE. La finalul \u00eent\u00e2lnirii, Osipenko a propus crearea unui grup de lucru comun care s\u0103 asigure o comunicare operativ\u0103 \u0219i stabilirea unor termene clare pentru implementarea proiectelor discutate.<\/p>\n<p>Guvernatorul militar al regiunii Cern\u0103u\u021bi a mul\u021bumit public pre\u0219edintelui Gheorghe \u0218oldan, consulului Irina-Loredana St\u0103nculescu \u0219i tuturor participan\u021bilor pentru dialogul constructiv \u0219i viziunea comun\u0103. De asemenea, a adresat \u201eo mul\u021bumire aparte \u0219i special\u0103 poporului rom\u00e2n pentru sprijinul constant acordat Ucrainei \u00een r\u0103zboiul pentru independen\u021ba sa\u201d.<\/p>\n<figure class=\"wp-block-embed is-type-video is-provider-youtube wp-block-embed-youtube wp-embed-aspect-16-9 wp-has-aspect-ratio\">\n<div class=\"wp-block-embed__wrapper\">\n<div class=\"youtube-embed\" data-video_id=\"cQP6CLkQ0sQ\"><iframe loading=\"lazy\" title=\"Aripioare la Co\u0219arc\u0103, Bere p\u00e2n\u0103 la refuz - Distrac\u021bie Adev\u0103rat\u0103 Made in Suceava!! O nebunie va fi...\" width=\"696\" height=\"392\" src=\"https:\/\/www.youtube.com\/embed\/cQP6CLkQ0sQ?feature=oembed&amp;enablejsapi=1\" frameborder allow=\"accelerometer; autoplay; clipboard-write; encrypted-media; gyroscope; picture-in-picture; web-share\" referrerpolicy=\"strict-origin-when-cross-origin\" allowfullscreen><\/iframe><\/div>\n<\/div>\n<\/figure>\n<div class=\"td-a-rec td-a-rec-id-content_bottom  tdi_4 td_block_template_1\"><strong>Intr\u0103 acum \u0219i \u00een grupul de <\/p>\n<div class=\"wp-block-button\"><a class=\"wp-block-button__link wp-element-button\" href=\"https:\/\/t.me\/+TH8wcfnp8fw5NWI0\">Telegram News Bucovina<\/a><\/div>\n<p><\/strong><\/div>\n<\/div>\n<div class=\"td-post-content tagdiv-type\">\n<div class=\"td-a-rec td-a-rec-id-content_top  tdi_3 td_block_template_1\"><strong>Intr\u0103 acum \u0219i \u00een grupul de <\/p>\n<div class=\"wp-block-button\"><a class=\"wp-block-button__link wp-element-button\" href=\"https:\/\/t.me\/+TH8wcfnp8fw5NWI0\">Telegram News Bucovina<\/a><\/div>\n<p><\/strong><\/div>\n<p>Guvernatorul militar al regiunii Cern\u0103u\u021bi, Ruslan Osipenko, \u0219i pre\u0219edintele Consiliului Jude\u021bean Suceava, Gheorghe \u0218oldan, au avut miercuri prima \u00eent\u00e2lnire de lucru la punctul interna\u021bional de trecere a frontierei \u201ePorubne\u2013Siret\u201d. Discu\u021biile s-au concentrat pe dezvoltarea infrastructurii de frontier\u0103 \u0219i pe proiecte comune de cooperare transfrontalier\u0103.<\/p>\n<figure class=\"wp-block-gallery has-nested-images columns-default is-cropped wp-block-gallery-1 is-layout-flex wp-block-gallery-is-layout-flex\">\n<figure class=\"wp-block-image size-large\"><a href=\"https:\/\/cdn.newsbucovina.ro\/wp-content\/uploads\/2026\/04\/674038158_122125057209210458_5535832868163565322_n.jpg\"><img loading=\"lazy\" decoding=\"async\" width=\"1024\" height=\"683\" data-id=\"436803\" src=\"https:\/\/cdn.newsbucovina.ro\/wp-content\/uploads\/2026\/04\/674038158_122125057209210458_5535832868163565322_n-1024x683.jpg\" alt class=\"wp-image-436803\"><\/a><\/figure>\n<figure class=\"wp-block-image size-large\"><a href=\"https:\/\/cdn.newsbucovina.ro\/wp-content\/uploads\/2026\/04\/674601533_122125057143210458_4516167286389983502_n.jpg\"><img loading=\"lazy\" decoding=\"async\" width=\"1024\" height=\"683\" data-id=\"436805\" src=\"https:\/\/cdn.newsbucovina.ro\/wp-content\/uploads\/2026\/04\/674601533_122125057143210458_4516167286389983502_n-1024x683.jpg\" alt class=\"wp-image-436805\"><\/a><\/figure>\n<figure class=\"wp-block-image size-large\"><a href=\"https:\/\/cdn.newsbucovina.ro\/wp-content\/uploads\/2026\/04\/675787494_122125057353210458_551418722025476468_n.jpg\"><img loading=\"lazy\" decoding=\"async\" width=\"1024\" height=\"683\" data-id=\"436801\" src=\"https:\/\/cdn.newsbucovina.ro\/wp-content\/uploads\/2026\/04\/675787494_122125057353210458_551418722025476468_n-1024x683.jpg\" alt class=\"wp-image-436801\"><\/a><\/figure>\n<figure class=\"wp-block-image size-large\"><a href=\"https:\/\/cdn.newsbucovina.ro\/wp-content\/uploads\/2026\/04\/676473373_122125057263210458_8823366668953499047_n.jpg\"><img decoding=\"async\" loading=\"lazy\" width=\"1024\" height=\"683\" data-id=\"436800\" src=\"https:\/\/cdn.newsbucovina.ro\/wp-content\/uploads\/2026\/04\/676473373_122125057263210458_8823366668953499047_n-1024x683.jpg\" alt class=\"wp-image-436800\"><\/a><\/figure>\n<figure class=\"wp-block-image size-large\"><a href=\"https:\/\/cdn.newsbucovina.ro\/wp-content\/uploads\/2026\/04\/676506610_122125057155210458_8496878311025271072_n.jpg\"><img decoding=\"async\" loading=\"lazy\" width=\"1024\" height=\"683\" data-id=\"436802\" src=\"https:\/\/cdn.newsbucovina.ro\/wp-content\/uploads\/2026\/04\/676506610_122125057155210458_8496878311025271072_n-1024x683.jpg\" alt class=\"wp-image-436802\"><\/a><\/figure>\n<figure class=\"wp-block-image size-large\"><a href=\"https:\/\/cdn.newsbucovina.ro\/wp-content\/uploads\/2026\/04\/679705706_122125057089210458_1982101267619936615_n.jpg\"><img decoding=\"async\" loading=\"lazy\" width=\"1024\" height=\"683\" data-id=\"436804\" src=\"https:\/\/cdn.newsbucovina.ro\/wp-content\/uploads\/2026\/04\/679705706_122125057089210458_1982101267619936615_n-1024x683.jpg\" alt class=\"wp-image-436804\"><\/a><\/figure>\n<\/figure>\n<p>La invita\u021bia guvernatorului Osipenko, la \u00eent\u00e2lnire au participat consulul general al Rom\u00e2niei la Cern\u0103u\u021bi, Irina-Loredana St\u0103nculescu, viceguvernatorii Vitalii Bondar \u0219i Roman Grebea, precum \u0219i \u0219eful Serviciului de Restaurare \u0219i Dezvoltare a Infrastructurii din regiunea Cern\u0103u\u021bi, Evghen P\u00eesanko. Partea rom\u00e2n\u0103 a fost reprezentat\u0103 corespunz\u0103tor, ceea ce a permis un dialog concret \u0219i substan\u021bial.<\/p>\n<p>Principalul obiectiv al \u00eent\u00e2lnirii a fost stabilirea unor ac\u021biuni concrete pentru finalizarea moderniz\u0103rii punctului de trecere \u201ePorubne\u2013Siret\u201d \u0219i extinderea func\u021bion\u0103rii punctului \u201eKrasnoilsk\u2013Vicovu de Sus\u201d. De asemenea, au fost discutate posibilit\u0103\u021bile de amenajare a trei noi puncte de trecere \u00een regim interna\u021bional: \u201eF\u00e2nt\u00e2na Alb\u0103\u2013Clim\u0103u\u021bi\u201d, \u201e\u0218epit\u2013Izvoarele Sucevei\u201d \u0219i \u201eRuska\u2013Ulma\u201d.<\/p>\n<p>Un alt subiect important a vizat refacerea liniei aeriene interstatale de \u00eenalt\u0103 tensiune de 110 kV \u00eentre Porubne \u0219i sta\u021bia Siret, proiect considerat strategic pentru securitatea energetic\u0103 \u0219i stabilitatea zonelor de frontier\u0103.<\/p>\n<p>Guvernatorul Ruslan Osipenko a subliniat c\u0103 \u201epoten\u021bialul de frontier\u0103 al regiunii Cern\u0103u\u021bi poate fi valorificat pe deplin doar printr-o str\u00e2ns\u0103 cooperare cu vecinii no\u0219tri\u201d, eviden\u021biind leg\u0103turile speciale cu jude\u021bul Suceava, bazate pe frontiera comun\u0103, interese de dezvoltare, securitate \u0219i integrare european\u0103.<\/p>\n<p>Pre\u0219edintele Gheorghe \u0218oldan a asigurat partea ucrainean\u0103 de sprijinul deplin al Consiliului Jude\u021bean Suceava pentru aceste demersuri, inclusiv prin sus\u021binere \u00een fa\u021ba Comisiei Europene pentru atragerea de finan\u021bare suplimentar\u0103 din fonduri UE. La finalul \u00eent\u00e2lnirii, Osipenko a propus crearea unui grup de lucru comun care s\u0103 asigure o comunicare operativ\u0103 \u0219i stabilirea unor termene clare pentru implementarea proiectelor discutate.<\/p>\n<p>Guvernatorul militar al regiunii Cern\u0103u\u021bi a mul\u021bumit public pre\u0219edintelui Gheorghe \u0218oldan, consulului Irina-Loredana St\u0103nculescu \u0219i tuturor participan\u021bilor pentru dialogul constructiv \u0219i viziunea comun\u0103. De asemenea, a adresat \u201eo mul\u021bumire aparte \u0219i special\u0103 poporului rom\u00e2n pentru sprijinul constant acordat Ucrainei \u00een r\u0103zboiul pentru independen\u021ba sa\u201d.<\/p>\n<figure class=\"wp-block-embed is-type-video is-provider-youtube wp-block-embed-youtube wp-embed-aspect-16-9 wp-has-aspect-ratio\">\n<div class=\"wp-block-embed__wrapper\">\n<div class=\"youtube-embed\" data-video_id=\"cQP6CLkQ0sQ\"><iframe loading=\"lazy\" title=\"Aripioare la Co\u0219arc\u0103, Bere p\u00e2n\u0103 la refuz - Distrac\u021bie Adev\u0103rat\u0103 Made in Suceava!! O nebunie va fi...\" width=\"696\" height=\"392\" src=\"https:\/\/www.youtube.com\/embed\/cQP6CLkQ0sQ?feature=oembed&amp;enablejsapi=1\" frameborder allow=\"accelerometer; autoplay; clipboard-write; encrypted-media; gyroscope; picture-in-picture; web-share\" referrerpolicy=\"strict-origin-when-cross-origin\" allowfullscreen><\/iframe><\/div>\n<\/div>\n<\/figure>\n<div class=\"td-a-rec td-a-rec-id-content_bottom  tdi_4 td_block_template_1\"><strong>Intr\u0103 acum \u0219i \u00een grupul de <\/p>\n<div class=\"wp-block-button\"><a class=\"wp-block-button__link wp-element-button\" href=\"https:\/\/t.me\/+TH8wcfnp8fw5NWI0\">Telegram News Bucovina<\/a><\/div>\n<p><\/strong><\/div>\n<\/div>\n<p>[analyse_source url=&#8221;https:\/\/www.newsbucovina.ro\/actualitate\/436799\/intalnire-de-lucru-la-frontiera-intre-guvernatorul-militar-al-regiunii-cernauti-si-presedintele-cj-suceava-discutii-concrete-despre-modernizarea-punctelor-de-trecere-si-securitate-energetica&#8221;]<\/p>\n","protected":false},"excerpt":{"rendered":"<p>[analyse_image type=&#8221;featured&#8221; src=&#8221;https:\/\/www.newsbucovina.ro\/wp-content\/uploads\/2026\/04\/675787494_122125057353210458_551418722025476468_n.jpghttps:\/\/cdn.newsbucovina.ro\/wp-content\/uploads\/2026\/04\/675787494_122125057353210458_551418722025476468_n.jpg&#8221;] Intr\u0103 acum \u0219i \u00een grupul de Telegram News Bucovina Guvernatorul militar al regiunii Cern\u0103u\u021bi, Ruslan Osipenko, \u0219i pre\u0219edintele Consiliului Jude\u021bean Suceava, Gheorghe \u0218oldan, au avut miercuri prima \u00eent\u00e2lnire de lucru la punctul interna\u021bional de trecere a frontierei \u201ePorubne\u2013Siret\u201d. Discu\u021biile s-au concentrat pe dezvoltarea infrastructurii de frontier\u0103 \u0219i pe proiecte comune de cooperare [&hellip;]<\/p>\n","protected":false},"author":1,"featured_media":0,"comment_status":"open","ping_status":"","sticky":false,"template":"","format":"standard","meta":{"footnotes":""},"categories":[89],"tags":[226,165],"class_list":["post-1901341","post","type-post","status-publish","format-standard","hentry","category-romania","tag-crawlmanager","tag-newsbucovina-ro"],"_links":{"self":[{"href":"https:\/\/analyse.optim.biz\/index.php?rest_route=\/wp\/v2\/posts\/1901341","targetHints":{"allow":["GET"]}}],"collection":[{"href":"https:\/\/analyse.optim.biz\/index.php?rest_route=\/wp\/v2\/posts"}],"about":[{"href":"https:\/\/analyse.optim.biz\/index.php?rest_route=\/wp\/v2\/types\/post"}],"author":[{"embeddable":true,"href":"https:\/\/analyse.optim.biz\/index.php?rest_route=\/wp\/v2\/users\/1"}],"replies":[{"embeddable":true,"href":"https:\/\/analyse.optim.biz\/index.php?rest_route=%2Fwp%2Fv2%2Fcomments&post=1901341"}],"version-history":[{"count":0,"href":"https:\/\/analyse.optim.biz\/index.php?rest_route=\/wp\/v2\/posts\/1901341\/revisions"}],"wp:attachment":[{"href":"https:\/\/analyse.optim.biz\/index.php?rest_route=%2Fwp%2Fv2%2Fmedia&parent=1901341"}],"wp:term":[{"taxonomy":"category","embeddable":true,"href":"https:\/\/analyse.optim.biz\/index.php?rest_route=%2Fwp%2Fv2%2Fcategories&post=1901341"},{"taxonomy":"post_tag","embeddable":true,"href":"https:\/\/analyse.optim.biz\/index.php?rest_route=%2Fwp%2Fv2%2Ftags&post=1901341"}],"curies":[{"name":"wp","href":"https:\/\/api.w.org\/{rel}","templated":true}]}}