{"id":1901057,"date":"2026-04-24T16:43:09","date_gmt":"2026-04-24T13:43:09","guid":{"rendered":"https:\/\/analyse.optim.biz\/?p=1901057"},"modified":"2026-04-24T16:43:09","modified_gmt":"2026-04-24T13:43:09","slug":"incendiu-violent-la-o-casa-de-locuit-in-localitatea-moara","status":"publish","type":"post","link":"https:\/\/analyse.optim.biz\/?p=1901057","title":{"rendered":"Incendiu violent la o cas\u0103 de locuit \u00een localitatea Moara"},"content":{"rendered":"<p>[analyse_image type=&#8221;featured&#8221; src=&#8221;https:\/\/www.newsbucovina.ro\/wp-content\/uploads\/2026\/04\/IMG-20260424-WA0041.jpghttps:\/\/cdn.newsbucovina.ro\/wp-content\/uploads\/2026\/04\/IMG-20260424-WA0041.jpg&#8221;]<\/p>\n<div class=\"td-post-content tagdiv-type\">\n<div class=\"td-a-rec td-a-rec-id-content_top  tdi_3 td_block_template_1\"><strong>Intr\u0103 acum \u0219i \u00een grupul de <\/p>\n<div class=\"wp-block-button\"><a class=\"wp-block-button__link wp-element-button\" href=\"https:\/\/t.me\/+TH8wcfnp8fw5NWI0\">Telegram News Bucovina<\/a><\/div>\n<p><\/strong><\/div>\n<p>Un incendiu puternic a izbucnit vineri sear\u0103 la o cas\u0103 de locuit din localitatea Moara, anun\u021b\u0103 sublocotenent Radu Gabriel din cadrul ISU Suceava. <\/p>\n<figure class=\"wp-block-image size-large\"><a href=\"https:\/\/cdn.newsbucovina.ro\/wp-content\/uploads\/2026\/04\/IMG-20260424-WA0041.jpg\"><img loading=\"lazy\" decoding=\"async\" width=\"1024\" height=\"768\" src=\"https:\/\/cdn.newsbucovina.ro\/wp-content\/uploads\/2026\/04\/IMG-20260424-WA0041-1024x768.jpg\" alt class=\"wp-image-437016\"><\/a><\/figure>\n<p>Pompierii militari din cadrul Detasamentului Suceava au ajuns la fa\u021ba locului cu trei autospeciale de stingere \u0219i o ambulan\u021b\u0103 SMURD B2. <\/p>\n<p>La sosire, incendiul se manifesta generalizat la nivelul acoperi\u0219ului casei de locuit \u0219i cuprinsese \u0219i trei autoturisme parcate \u00een apropiere. <\/p>\n<p>Exista pericol de propagare la construc\u021biile \u00eenvecinate.<\/p>\n<p>Pompierii au ac\u021bionat prompt pentru localizarea fl\u0103c\u0103rilor. Potrivit ultimelor informa\u021bii, incendiul a fost localizat, iar \u00een prezent se lucreaz\u0103 la lichidarea complet\u0103 a focului.<\/p>\n<p>Nu au fost anun\u021bate victime \u00een acest moment. Cauza incendiului  urmeaz\u0103 s\u0103 fie stabilit\u0103 de speciali\u0219ti dup\u0103 finalizarea interven\u021biei.<\/p>\n<figure class=\"wp-block-embed is-type-video is-provider-youtube wp-block-embed-youtube wp-embed-aspect-16-9 wp-has-aspect-ratio\">\n<div class=\"wp-block-embed__wrapper\">\n<div class=\"youtube-embed\" data-video_id=\"WQLXcNbbIqs\"><iframe loading=\"lazy\" title=\"De la Furc\u0103 p\u00e2n\u0103 la Furculi\u021b\u0103 la cap\u0103t de Schengen - Familia care a pariat totul pe VITA rom\u00e2neasc\u0103\" width=\"696\" height=\"392\" src=\"https:\/\/www.youtube.com\/embed\/WQLXcNbbIqs?feature=oembed&amp;enablejsapi=1\" frameborder allow=\"accelerometer; autoplay; clipboard-write; encrypted-media; gyroscope; picture-in-picture; web-share\" referrerpolicy=\"strict-origin-when-cross-origin\" allowfullscreen><\/iframe><\/div>\n<\/div>\n<\/figure>\n<p>9<\/p>\n<div class=\"td-a-rec td-a-rec-id-content_bottom  tdi_4 td_block_template_1\"><strong>Intr\u0103 acum \u0219i \u00een grupul de <\/p>\n<div class=\"wp-block-button\"><a class=\"wp-block-button__link wp-element-button\" href=\"https:\/\/t.me\/+TH8wcfnp8fw5NWI0\">Telegram News Bucovina<\/a><\/div>\n<p><\/strong><\/div>\n<\/div>\n<div class=\"td-post-content tagdiv-type\">\n<div class=\"td-a-rec td-a-rec-id-content_top  tdi_3 td_block_template_1\"><strong>Intr\u0103 acum \u0219i \u00een grupul de <\/p>\n<div class=\"wp-block-button\"><a class=\"wp-block-button__link wp-element-button\" href=\"https:\/\/t.me\/+TH8wcfnp8fw5NWI0\">Telegram News Bucovina<\/a><\/div>\n<p><\/strong><\/div>\n<p>Un incendiu puternic a izbucnit vineri sear\u0103 la o cas\u0103 de locuit din localitatea Moara, anun\u021b\u0103 sublocotenent Radu Gabriel din cadrul ISU Suceava. <\/p>\n<figure class=\"wp-block-image size-large\"><a href=\"https:\/\/cdn.newsbucovina.ro\/wp-content\/uploads\/2026\/04\/IMG-20260424-WA0041.jpg\"><img loading=\"lazy\" decoding=\"async\" width=\"1024\" height=\"768\" src=\"https:\/\/cdn.newsbucovina.ro\/wp-content\/uploads\/2026\/04\/IMG-20260424-WA0041-1024x768.jpg\" alt class=\"wp-image-437016\"><\/a><\/figure>\n<p>Pompierii militari din cadrul Detasamentului Suceava au ajuns la fa\u021ba locului cu trei autospeciale de stingere \u0219i o ambulan\u021b\u0103 SMURD B2. <\/p>\n<p>La sosire, incendiul se manifesta generalizat la nivelul acoperi\u0219ului casei de locuit \u0219i cuprinsese \u0219i trei autoturisme parcate \u00een apropiere. <\/p>\n<p>Exista pericol de propagare la construc\u021biile \u00eenvecinate.<\/p>\n<p>Pompierii au ac\u021bionat prompt pentru localizarea fl\u0103c\u0103rilor. Potrivit ultimelor informa\u021bii, incendiul a fost localizat, iar \u00een prezent se lucreaz\u0103 la lichidarea complet\u0103 a focului.<\/p>\n<p>Nu au fost anun\u021bate victime \u00een acest moment. Cauza incendiului  urmeaz\u0103 s\u0103 fie stabilit\u0103 de speciali\u0219ti dup\u0103 finalizarea interven\u021biei.<\/p>\n<figure class=\"wp-block-embed is-type-video is-provider-youtube wp-block-embed-youtube wp-embed-aspect-16-9 wp-has-aspect-ratio\">\n<div class=\"wp-block-embed__wrapper\">\n<div class=\"youtube-embed\" data-video_id=\"WQLXcNbbIqs\"><iframe loading=\"lazy\" title=\"De la Furc\u0103 p\u00e2n\u0103 la Furculi\u021b\u0103 la cap\u0103t de Schengen - Familia care a pariat totul pe VITA rom\u00e2neasc\u0103\" width=\"696\" height=\"392\" src=\"https:\/\/www.youtube.com\/embed\/WQLXcNbbIqs?feature=oembed&amp;enablejsapi=1\" frameborder allow=\"accelerometer; autoplay; clipboard-write; encrypted-media; gyroscope; picture-in-picture; web-share\" referrerpolicy=\"strict-origin-when-cross-origin\" allowfullscreen><\/iframe><\/div>\n<\/div>\n<\/figure>\n<p>9<\/p>\n<div class=\"td-a-rec td-a-rec-id-content_bottom  tdi_4 td_block_template_1\"><strong>Intr\u0103 acum \u0219i \u00een grupul de <\/p>\n<div class=\"wp-block-button\"><a class=\"wp-block-button__link wp-element-button\" href=\"https:\/\/t.me\/+TH8wcfnp8fw5NWI0\">Telegram News Bucovina<\/a><\/div>\n<p><\/strong><\/div>\n<\/div>\n<p>[analyse_source url=&#8221;https:\/\/www.newsbucovina.ro\/actualitate\/437011\/incendiu-violent-la-o-casa-de-locuit-in-localitatea-moara&#8221;]<\/p>\n","protected":false},"excerpt":{"rendered":"<p>[analyse_image type=&#8221;featured&#8221; src=&#8221;https:\/\/www.newsbucovina.ro\/wp-content\/uploads\/2026\/04\/IMG-20260424-WA0041.jpghttps:\/\/cdn.newsbucovina.ro\/wp-content\/uploads\/2026\/04\/IMG-20260424-WA0041.jpg&#8221;] Intr\u0103 acum \u0219i \u00een grupul de Telegram News Bucovina Un incendiu puternic a izbucnit vineri sear\u0103 la o cas\u0103 de locuit din localitatea Moara, anun\u021b\u0103 sublocotenent Radu Gabriel din cadrul ISU Suceava. Pompierii militari din cadrul Detasamentului Suceava au ajuns la fa\u021ba locului cu trei autospeciale de stingere \u0219i o ambulan\u021b\u0103 SMURD [&hellip;]<\/p>\n","protected":false},"author":1,"featured_media":0,"comment_status":"open","ping_status":"","sticky":false,"template":"","format":"standard","meta":{"footnotes":""},"categories":[89],"tags":[226,165],"class_list":["post-1901057","post","type-post","status-publish","format-standard","hentry","category-romania","tag-crawlmanager","tag-newsbucovina-ro"],"_links":{"self":[{"href":"https:\/\/analyse.optim.biz\/index.php?rest_route=\/wp\/v2\/posts\/1901057","targetHints":{"allow":["GET"]}}],"collection":[{"href":"https:\/\/analyse.optim.biz\/index.php?rest_route=\/wp\/v2\/posts"}],"about":[{"href":"https:\/\/analyse.optim.biz\/index.php?rest_route=\/wp\/v2\/types\/post"}],"author":[{"embeddable":true,"href":"https:\/\/analyse.optim.biz\/index.php?rest_route=\/wp\/v2\/users\/1"}],"replies":[{"embeddable":true,"href":"https:\/\/analyse.optim.biz\/index.php?rest_route=%2Fwp%2Fv2%2Fcomments&post=1901057"}],"version-history":[{"count":0,"href":"https:\/\/analyse.optim.biz\/index.php?rest_route=\/wp\/v2\/posts\/1901057\/revisions"}],"wp:attachment":[{"href":"https:\/\/analyse.optim.biz\/index.php?rest_route=%2Fwp%2Fv2%2Fmedia&parent=1901057"}],"wp:term":[{"taxonomy":"category","embeddable":true,"href":"https:\/\/analyse.optim.biz\/index.php?rest_route=%2Fwp%2Fv2%2Fcategories&post=1901057"},{"taxonomy":"post_tag","embeddable":true,"href":"https:\/\/analyse.optim.biz\/index.php?rest_route=%2Fwp%2Fv2%2Ftags&post=1901057"}],"curies":[{"name":"wp","href":"https:\/\/api.w.org\/{rel}","templated":true}]}}