{"id":1901055,"date":"2026-04-24T07:12:01","date_gmt":"2026-04-24T04:12:01","guid":{"rendered":"https:\/\/analyse.optim.biz\/?p=1901055"},"modified":"2026-04-24T07:12:01","modified_gmt":"2026-04-24T04:12:01","slug":"actiune-ampla-de-prevenire-a-accidentelor-rutiere-pe-dn2-politistii-suceveni-in-actiune-vineri-intre-orele-1300-1700","status":"publish","type":"post","link":"https:\/\/analyse.optim.biz\/?p=1901055","title":{"rendered":"Ac\u021biune ampl\u0103 de prevenire a accidentelor rutiere pe DN2: Poli\u021bi\u0219tii suceveni, \u00een ac\u021biune vineri \u00eentre orele 13:00 \u2013 17:00"},"content":{"rendered":"<p>[analyse_image type=&#8221;featured&#8221; src=&#8221;https:\/\/www.newsbucovina.ro\/wp-content\/uploads\/2026\/02\/politie-viteza-radar-alcool-10.jpeghttps:\/\/cdn.newsbucovina.ro\/wp-content\/uploads\/2026\/02\/politie-viteza-radar-alcool-10.jpeg&#8221;]<\/p>\n<div class=\"td-post-content tagdiv-type\">\n<div class=\"td-a-rec td-a-rec-id-content_top  tdi_3 td_block_template_1\"><strong>Intr\u0103 acum \u0219i \u00een grupul de <\/p>\n<div class=\"wp-block-button\"><a class=\"wp-block-button__link wp-element-button\" href=\"https:\/\/t.me\/+TH8wcfnp8fw5NWI0\">Telegram News Bucovina<\/a><\/div>\n<p><\/strong><\/div>\n<p>Pentru prevenirea accidentelor rutiere \u0219i cre\u0219terea gradului de siguran\u021b\u0103 \u00een trafic, poli\u021bi\u0219tii rutieri din jude\u021bul Suceava, \u00eempreun\u0103 cu colegii din compartimentul de prevenire \u0219i partenerii institu\u021bionali, organizeaz\u0103 vineri, <strong>24 aprilie 2026<\/strong>, \u00eentre orele <strong>13:00 \u2013 17:00<\/strong>, o ac\u021biune preventiv\u0103 pe DN2.<\/p>\n<div class=\"wp-block-image\">\n<figure class=\"aligncenter size-large\"><a href=\"https:\/\/cdn.newsbucovina.ro\/wp-content\/uploads\/2026\/04\/ACTIUNE-RELEU.jpeg\"><img loading=\"lazy\" decoding=\"async\" width=\"684\" height=\"1024\" src=\"https:\/\/cdn.newsbucovina.ro\/wp-content\/uploads\/2026\/04\/ACTIUNE-RELEU-684x1024.jpeg\" alt class=\"wp-image-436933\"><\/a><\/figure>\n<\/div>\n<p>Ac\u021biunea se va desf\u0103\u0219ura \u00een sistem <strong>RELEU<\/strong>, la nivel na\u021bional, cu participarea poli\u021bi\u0219tilor din toate jude\u021bele tranzitate de una dintre cele mai circulate artere rutiere din estul \u021b\u0103rii. Scopul este asigurarea unei abord\u0103ri unitare la nivel regional \u0219i reducerea comportamentelor riscante \u00een trafic.<\/p>\n<p>Pe durata ac\u021biunii, poli\u021bi\u0219tii vor folosi echipamente moderne de monitorizare a traficului, inclusiv radare montate pe autospeciale aflate \u00een mi\u0219care. Verific\u0103rile vor viza \u00een principal:<\/p>\n<ul class=\"wp-block-list\">\n<li>Respectarea limitelor legale de vitez\u0103<\/li>\n<li>Folosirea corect\u0103 a centurii de siguran\u021b\u0103<\/li>\n<li>Utilizarea telefonului mobil la volan<\/li>\n<li>Comportamentul preventiv general \u00een trafic<\/li>\n<\/ul>\n<p>Demersul are un puternic caracter preventiv. Pe l\u00e2ng\u0103 controale, poli\u021bi\u0219tii vor oferi recomand\u0103ri conduc\u0103torilor auto \u0219i vor desf\u0103\u0219ura activit\u0103\u021bi de informare \u0219i con\u0219tientizare a riscurilor la care se expun participan\u021bii la trafic.<\/p>\n<p><strong>Recomand\u0103rile poli\u021bi\u0219tilor pentru participan\u021bii la trafic:<\/strong><\/p>\n<ul class=\"wp-block-list\">\n<li>Respecta\u021bi limitele legale de vitez\u0103 \u0219i semnifica\u021bia indicatoarelor rutiere<\/li>\n<li>Nu conduce\u021bi sub influen\u021ba alcoolului sau a substan\u021belor psihoactive<\/li>\n<li>Folosi\u021bi centura de siguran\u021b\u0103 \u0219i asigura\u021bi transportul corespunz\u0103tor al copiilor<\/li>\n<li>Adopta\u021bi un comportament preventiv, responsabil \u0219i calm la volan<\/li>\n<\/ul>\n<p>\u201ePrevenim accidentele rutiere, protej\u0103m vie\u021bi!\u201d este mesajul central al acestei campanii, care face parte dintr-o strategie mai ampl\u0103 derulat\u0103 la nivel jude\u021bean \u0219i na\u021bional pentru cre\u0219terea siguran\u021bei rutiere.<\/p>\n<figure class=\"wp-block-embed is-type-video is-provider-youtube wp-block-embed-youtube wp-embed-aspect-16-9 wp-has-aspect-ratio\">\n<div class=\"wp-block-embed__wrapper\">\n<div class=\"youtube-embed\" data-video_id=\"WQLXcNbbIqs\"><iframe loading=\"lazy\" title=\"De la Furc\u0103 p\u00e2n\u0103 la Furculi\u021b\u0103 la cap\u0103t de Schengen - Familia care a pariat totul pe VITA rom\u00e2neasc\u0103\" width=\"696\" height=\"392\" src=\"https:\/\/www.youtube.com\/embed\/WQLXcNbbIqs?feature=oembed&amp;enablejsapi=1\" frameborder allow=\"accelerometer; autoplay; clipboard-write; encrypted-media; gyroscope; picture-in-picture; web-share\" referrerpolicy=\"strict-origin-when-cross-origin\" allowfullscreen><\/iframe><\/div>\n<\/div>\n<\/figure>\n<div class=\"td-a-rec td-a-rec-id-content_bottom  tdi_4 td_block_template_1\"><strong>Intr\u0103 acum \u0219i \u00een grupul de <\/p>\n<div class=\"wp-block-button\"><a class=\"wp-block-button__link wp-element-button\" href=\"https:\/\/t.me\/+TH8wcfnp8fw5NWI0\">Telegram News Bucovina<\/a><\/div>\n<p><\/strong><\/div>\n<\/div>\n<div class=\"td-post-content tagdiv-type\">\n<div class=\"td-a-rec td-a-rec-id-content_top  tdi_3 td_block_template_1\"><strong>Intr\u0103 acum \u0219i \u00een grupul de <\/p>\n<div class=\"wp-block-button\"><a class=\"wp-block-button__link wp-element-button\" href=\"https:\/\/t.me\/+TH8wcfnp8fw5NWI0\">Telegram News Bucovina<\/a><\/div>\n<p><\/strong><\/div>\n<p>Pentru prevenirea accidentelor rutiere \u0219i cre\u0219terea gradului de siguran\u021b\u0103 \u00een trafic, poli\u021bi\u0219tii rutieri din jude\u021bul Suceava, \u00eempreun\u0103 cu colegii din compartimentul de prevenire \u0219i partenerii institu\u021bionali, organizeaz\u0103 vineri, <strong>24 aprilie 2026<\/strong>, \u00eentre orele <strong>13:00 \u2013 17:00<\/strong>, o ac\u021biune preventiv\u0103 pe DN2.<\/p>\n<div class=\"wp-block-image\">\n<figure class=\"aligncenter size-large\"><a href=\"https:\/\/cdn.newsbucovina.ro\/wp-content\/uploads\/2026\/04\/ACTIUNE-RELEU.jpeg\"><img loading=\"lazy\" decoding=\"async\" width=\"684\" height=\"1024\" src=\"https:\/\/cdn.newsbucovina.ro\/wp-content\/uploads\/2026\/04\/ACTIUNE-RELEU-684x1024.jpeg\" alt class=\"wp-image-436933\"><\/a><\/figure>\n<\/div>\n<p>Ac\u021biunea se va desf\u0103\u0219ura \u00een sistem <strong>RELEU<\/strong>, la nivel na\u021bional, cu participarea poli\u021bi\u0219tilor din toate jude\u021bele tranzitate de una dintre cele mai circulate artere rutiere din estul \u021b\u0103rii. Scopul este asigurarea unei abord\u0103ri unitare la nivel regional \u0219i reducerea comportamentelor riscante \u00een trafic.<\/p>\n<p>Pe durata ac\u021biunii, poli\u021bi\u0219tii vor folosi echipamente moderne de monitorizare a traficului, inclusiv radare montate pe autospeciale aflate \u00een mi\u0219care. Verific\u0103rile vor viza \u00een principal:<\/p>\n<ul class=\"wp-block-list\">\n<li>Respectarea limitelor legale de vitez\u0103<\/li>\n<li>Folosirea corect\u0103 a centurii de siguran\u021b\u0103<\/li>\n<li>Utilizarea telefonului mobil la volan<\/li>\n<li>Comportamentul preventiv general \u00een trafic<\/li>\n<\/ul>\n<p>Demersul are un puternic caracter preventiv. Pe l\u00e2ng\u0103 controale, poli\u021bi\u0219tii vor oferi recomand\u0103ri conduc\u0103torilor auto \u0219i vor desf\u0103\u0219ura activit\u0103\u021bi de informare \u0219i con\u0219tientizare a riscurilor la care se expun participan\u021bii la trafic.<\/p>\n<p><strong>Recomand\u0103rile poli\u021bi\u0219tilor pentru participan\u021bii la trafic:<\/strong><\/p>\n<ul class=\"wp-block-list\">\n<li>Respecta\u021bi limitele legale de vitez\u0103 \u0219i semnifica\u021bia indicatoarelor rutiere<\/li>\n<li>Nu conduce\u021bi sub influen\u021ba alcoolului sau a substan\u021belor psihoactive<\/li>\n<li>Folosi\u021bi centura de siguran\u021b\u0103 \u0219i asigura\u021bi transportul corespunz\u0103tor al copiilor<\/li>\n<li>Adopta\u021bi un comportament preventiv, responsabil \u0219i calm la volan<\/li>\n<\/ul>\n<p>\u201ePrevenim accidentele rutiere, protej\u0103m vie\u021bi!\u201d este mesajul central al acestei campanii, care face parte dintr-o strategie mai ampl\u0103 derulat\u0103 la nivel jude\u021bean \u0219i na\u021bional pentru cre\u0219terea siguran\u021bei rutiere.<\/p>\n<figure class=\"wp-block-embed is-type-video is-provider-youtube wp-block-embed-youtube wp-embed-aspect-16-9 wp-has-aspect-ratio\">\n<div class=\"wp-block-embed__wrapper\">\n<div class=\"youtube-embed\" data-video_id=\"WQLXcNbbIqs\"><iframe loading=\"lazy\" title=\"De la Furc\u0103 p\u00e2n\u0103 la Furculi\u021b\u0103 la cap\u0103t de Schengen - Familia care a pariat totul pe VITA rom\u00e2neasc\u0103\" width=\"696\" height=\"392\" src=\"https:\/\/www.youtube.com\/embed\/WQLXcNbbIqs?feature=oembed&amp;enablejsapi=1\" frameborder allow=\"accelerometer; autoplay; clipboard-write; encrypted-media; gyroscope; picture-in-picture; web-share\" referrerpolicy=\"strict-origin-when-cross-origin\" allowfullscreen><\/iframe><\/div>\n<\/div>\n<\/figure>\n<div class=\"td-a-rec td-a-rec-id-content_bottom  tdi_4 td_block_template_1\"><strong>Intr\u0103 acum \u0219i \u00een grupul de <\/p>\n<div class=\"wp-block-button\"><a class=\"wp-block-button__link wp-element-button\" href=\"https:\/\/t.me\/+TH8wcfnp8fw5NWI0\">Telegram News Bucovina<\/a><\/div>\n<p><\/strong><\/div>\n<\/div>\n<p>[analyse_source url=&#8221;https:\/\/www.newsbucovina.ro\/actualitate\/436932\/actiune-ampla-de-prevenire-a-accidentelor-rutiere-pe-dn2-politistii-suceveni-in-actiune-vineri-intre-orele-1300-1700&#8243;]<\/p>\n","protected":false},"excerpt":{"rendered":"<p>[analyse_image type=&#8221;featured&#8221; src=&#8221;https:\/\/www.newsbucovina.ro\/wp-content\/uploads\/2026\/02\/politie-viteza-radar-alcool-10.jpeghttps:\/\/cdn.newsbucovina.ro\/wp-content\/uploads\/2026\/02\/politie-viteza-radar-alcool-10.jpeg&#8221;] Intr\u0103 acum \u0219i \u00een grupul de Telegram News Bucovina Pentru prevenirea accidentelor rutiere \u0219i cre\u0219terea gradului de siguran\u021b\u0103 \u00een trafic, poli\u021bi\u0219tii rutieri din jude\u021bul Suceava, \u00eempreun\u0103 cu colegii din compartimentul de prevenire \u0219i partenerii institu\u021bionali, organizeaz\u0103 vineri, 24 aprilie 2026, \u00eentre orele 13:00 \u2013 17:00, o ac\u021biune preventiv\u0103 pe DN2. Ac\u021biunea se [&hellip;]<\/p>\n","protected":false},"author":1,"featured_media":0,"comment_status":"open","ping_status":"","sticky":false,"template":"","format":"standard","meta":{"footnotes":""},"categories":[89],"tags":[226,165],"class_list":["post-1901055","post","type-post","status-publish","format-standard","hentry","category-romania","tag-crawlmanager","tag-newsbucovina-ro"],"_links":{"self":[{"href":"https:\/\/analyse.optim.biz\/index.php?rest_route=\/wp\/v2\/posts\/1901055","targetHints":{"allow":["GET"]}}],"collection":[{"href":"https:\/\/analyse.optim.biz\/index.php?rest_route=\/wp\/v2\/posts"}],"about":[{"href":"https:\/\/analyse.optim.biz\/index.php?rest_route=\/wp\/v2\/types\/post"}],"author":[{"embeddable":true,"href":"https:\/\/analyse.optim.biz\/index.php?rest_route=\/wp\/v2\/users\/1"}],"replies":[{"embeddable":true,"href":"https:\/\/analyse.optim.biz\/index.php?rest_route=%2Fwp%2Fv2%2Fcomments&post=1901055"}],"version-history":[{"count":0,"href":"https:\/\/analyse.optim.biz\/index.php?rest_route=\/wp\/v2\/posts\/1901055\/revisions"}],"wp:attachment":[{"href":"https:\/\/analyse.optim.biz\/index.php?rest_route=%2Fwp%2Fv2%2Fmedia&parent=1901055"}],"wp:term":[{"taxonomy":"category","embeddable":true,"href":"https:\/\/analyse.optim.biz\/index.php?rest_route=%2Fwp%2Fv2%2Fcategories&post=1901055"},{"taxonomy":"post_tag","embeddable":true,"href":"https:\/\/analyse.optim.biz\/index.php?rest_route=%2Fwp%2Fv2%2Ftags&post=1901055"}],"curies":[{"name":"wp","href":"https:\/\/api.w.org\/{rel}","templated":true}]}}