{"id":1901053,"date":"2026-04-24T04:13:48","date_gmt":"2026-04-24T01:13:48","guid":{"rendered":"https:\/\/analyse.optim.biz\/?p=1901053"},"modified":"2026-04-24T04:13:48","modified_gmt":"2026-04-24T01:13:48","slug":"performante-ale-elevilor-suceveni-la-olimpiada-nationala-de-biologie-un-premiu-i-si-doua-calificari-in-lotul-national-largit","status":"publish","type":"post","link":"https:\/\/analyse.optim.biz\/?p=1901053","title":{"rendered":"Performan\u021be ale elevilor suceveni la Olimpiada Na\u021bional\u0103 de Biologie: un Premiu I \u0219i dou\u0103 calific\u0103ri \u00een lotul na\u021bional l\u0103rgit"},"content":{"rendered":"<p>[analyse_image type=&#8221;featured&#8221; src=&#8221;https:\/\/www.newsbucovina.ro\/wp-content\/uploads\/2026\/04\/WhatsApp-Image-2026-04-24-at-07.02.06.jpeghttps:\/\/cdn.newsbucovina.ro\/wp-content\/uploads\/2026\/04\/WhatsApp-Image-2026-04-24-at-07.02.06.jpeg&#8221;]<\/p>\n<div class=\"td-post-content tagdiv-type\">\n<div class=\"td-a-rec td-a-rec-id-content_top  tdi_3 td_block_template_1\"><strong>Intr\u0103 acum \u0219i \u00een grupul de <\/p>\n<div class=\"wp-block-button\"><a class=\"wp-block-button__link wp-element-button\" href=\"https:\/\/t.me\/+TH8wcfnp8fw5NWI0\">Telegram News Bucovina<\/a><\/div>\n<p><\/strong><\/div>\n<p>Elevii jude\u021bului Suceava au ob\u021binut rezultate de excep\u021bie la Olimpiada Na\u021bional\u0103 de Biologie, desf\u0103\u0219urat\u0103 \u00een perioada 20-24 aprilie 2026 la Drobeta-Turnu Severin. Din cei 7 elevi califica\u021bi din etapa jude\u021bean\u0103, delega\u021bia sucevean\u0103 a revenit cu un <strong>Premiu I<\/strong>, dou\u0103 <strong>men\u021biuni<\/strong> \u00eenso\u021bite de calificarea \u00een lotul na\u021bional l\u0103rgit \u0219i punctaje foarte bune la probele teoretic\u0103 \u0219i practic\u0103.<\/p>\n<figure class=\"wp-block-image size-large\"><a href=\"https:\/\/cdn.newsbucovina.ro\/wp-content\/uploads\/2026\/04\/WhatsApp-Image-2026-04-24-at-07.02.06.jpeg\"><img loading=\"lazy\" decoding=\"async\" width=\"1024\" height=\"654\" src=\"https:\/\/cdn.newsbucovina.ro\/wp-content\/uploads\/2026\/04\/WhatsApp-Image-2026-04-24-at-07.02.06-1024x654.jpeg\" alt class=\"wp-image-436909\"><\/a><\/figure>\n<p><strong>Premiul I<\/strong> a fost c\u00e2\u0219tigat de:<\/p>\n<ul class=\"wp-block-list\">\n<li><strong>Bruja Maria<\/strong>, clasa a X-a, Colegiul Na\u021bional \u201eDrago\u0219 Vod\u0103\u201d C\u00e2mpulung Moldovenesc, profesor \u00eendrum\u0103tor <strong>Zancu Daniela<\/strong>.<\/li>\n<\/ul>\n<p><strong>Men\u021biuni + calificare \u00een lotul na\u021bional l\u0103rgit<\/strong> (din care se va selecta echipa pentru Olimpiada Interna\u021bional\u0103 de Biologie):<\/p>\n<ul class=\"wp-block-list\">\n<li><strong>Gale\u0219 Alexia-Ioana<\/strong>, clasa a IX-a, Colegiul Na\u021bional \u201eEudoxiu Hurmuzachi\u201d R\u0103d\u0103u\u021bi, profesor \u00eendrum\u0103tor <strong>B\u0103e\u0219u Aspazia<\/strong>;<\/li>\n<li><strong>Ungurean Rebeca-Lidia<\/strong>, clasa a X-a, Colegiul Na\u021bional \u201e\u0218tefan cel Mare\u201d Suceava, profesor \u00eendrum\u0103tor <strong>Scutaru Gabriela<\/strong>.<\/li>\n<\/ul>\n<p>Lotul jude\u021bului Suceava a fost format din urm\u0103torii elevi:<\/p>\n<ul class=\"wp-block-list\">\n<li>Gale\u0219 Alexia-Ioana (IX \u2013 CN \u201eEudoxiu Hurmuzachi\u201d R\u0103d\u0103u\u021bi)<\/li>\n<li>Giuraniuc Maria (IX \u2013 CN \u201ePetru Rare\u0219\u201d Suceava)<\/li>\n<li>Bruja Maria (X \u2013 CN \u201eDrago\u0219 Vod\u0103\u201d C\u00e2mpulung Moldovenesc)<\/li>\n<li>Condurache Artur Tudor (X \u2013 CN \u201ePetru Rare\u0219\u201d Suceava)<\/li>\n<li>Ungurean Rebeca-Lidia (X \u2013 CN \u201e\u0218tefan cel Mare\u201d Suceava)<\/li>\n<li>Mitrofan Alexia (XI \u2013 CN \u201e\u0218tefan cel Mare\u201d Suceava)<\/li>\n<li>\u021airigan Sonia-Elena (XI \u2013 CN \u201ePetru Rare\u0219\u201d Suceava)<\/li>\n<\/ul>\n<p>Elevii au sus\u021binut proba practic\u0103 pe 21 aprilie \u0219i proba teoretic\u0103 pe 22 aprilie, fiind \u00eenso\u021bi\u021bi de prof. <strong>Drumea Mariana<\/strong> de la Colegiul Na\u021bional \u201ePetru Rare\u0219\u201d Suceava. Lotul a fost coordonat de inspectorul \u0219colar prof. <strong>Carmen-Cristina Sima<\/strong>.<\/p>\n<p>\u201eAceste rezultate confirm\u0103 nivelul ridicat de preg\u0103tire al elevilor suceveni \u0219i d\u0103ruirea profesorilor de biologie, care investesc constant timp \u0219i energie pentru formarea viitoarelor genera\u021bii de speciali\u0219ti\u201d, au transmis organizatorii locali.<\/p>\n<p>Lotul na\u021bional l\u0103rgit, din care fac parte \u0219i cele dou\u0103 eleve sucevene, va participa la probele de selec\u021bie pentru lotul restr\u00e2ns ce va reprezenta Rom\u00e2nia la Olimpiada Interna\u021bional\u0103 de Biologie (OIB). Preg\u0103tirea continu\u0103 \u00eentr-un program centralizat, sub coordonarea unor cadre didactice cu rezultate de top.<\/p>\n<figure class=\"wp-block-embed is-type-video is-provider-youtube wp-block-embed-youtube wp-embed-aspect-16-9 wp-has-aspect-ratio\">\n<div class=\"wp-block-embed__wrapper\">\n<div class=\"youtube-embed\" data-video_id=\"c7iLFNmUnAg\"><iframe loading=\"lazy\" title=\"Alex avea prioritate! Alex a murit..!!! Cine urmeaz\u0103??? \" width=\"696\" height=\"392\" src=\"https:\/\/www.youtube.com\/embed\/c7iLFNmUnAg?feature=oembed&amp;enablejsapi=1\" frameborder allow=\"accelerometer; autoplay; clipboard-write; encrypted-media; gyroscope; picture-in-picture; web-share\" referrerpolicy=\"strict-origin-when-cross-origin\" allowfullscreen><\/iframe><\/div>\n<\/div>\n<\/figure>\n<div class=\"td-a-rec td-a-rec-id-content_bottom  tdi_4 td_block_template_1\"><strong>Intr\u0103 acum \u0219i \u00een grupul de <\/p>\n<div class=\"wp-block-button\"><a class=\"wp-block-button__link wp-element-button\" href=\"https:\/\/t.me\/+TH8wcfnp8fw5NWI0\">Telegram News Bucovina<\/a><\/div>\n<p><\/strong><\/div>\n<\/div>\n<div class=\"td-post-content tagdiv-type\">\n<div class=\"td-a-rec td-a-rec-id-content_top  tdi_3 td_block_template_1\"><strong>Intr\u0103 acum \u0219i \u00een grupul de <\/p>\n<div class=\"wp-block-button\"><a class=\"wp-block-button__link wp-element-button\" href=\"https:\/\/t.me\/+TH8wcfnp8fw5NWI0\">Telegram News Bucovina<\/a><\/div>\n<p><\/strong><\/div>\n<p>Elevii jude\u021bului Suceava au ob\u021binut rezultate de excep\u021bie la Olimpiada Na\u021bional\u0103 de Biologie, desf\u0103\u0219urat\u0103 \u00een perioada 20-24 aprilie 2026 la Drobeta-Turnu Severin. Din cei 7 elevi califica\u021bi din etapa jude\u021bean\u0103, delega\u021bia sucevean\u0103 a revenit cu un <strong>Premiu I<\/strong>, dou\u0103 <strong>men\u021biuni<\/strong> \u00eenso\u021bite de calificarea \u00een lotul na\u021bional l\u0103rgit \u0219i punctaje foarte bune la probele teoretic\u0103 \u0219i practic\u0103.<\/p>\n<figure class=\"wp-block-image size-large\"><a href=\"https:\/\/cdn.newsbucovina.ro\/wp-content\/uploads\/2026\/04\/WhatsApp-Image-2026-04-24-at-07.02.06.jpeg\"><img loading=\"lazy\" decoding=\"async\" width=\"1024\" height=\"654\" src=\"https:\/\/cdn.newsbucovina.ro\/wp-content\/uploads\/2026\/04\/WhatsApp-Image-2026-04-24-at-07.02.06-1024x654.jpeg\" alt class=\"wp-image-436909\"><\/a><\/figure>\n<p><strong>Premiul I<\/strong> a fost c\u00e2\u0219tigat de:<\/p>\n<ul class=\"wp-block-list\">\n<li><strong>Bruja Maria<\/strong>, clasa a X-a, Colegiul Na\u021bional \u201eDrago\u0219 Vod\u0103\u201d C\u00e2mpulung Moldovenesc, profesor \u00eendrum\u0103tor <strong>Zancu Daniela<\/strong>.<\/li>\n<\/ul>\n<p><strong>Men\u021biuni + calificare \u00een lotul na\u021bional l\u0103rgit<\/strong> (din care se va selecta echipa pentru Olimpiada Interna\u021bional\u0103 de Biologie):<\/p>\n<ul class=\"wp-block-list\">\n<li><strong>Gale\u0219 Alexia-Ioana<\/strong>, clasa a IX-a, Colegiul Na\u021bional \u201eEudoxiu Hurmuzachi\u201d R\u0103d\u0103u\u021bi, profesor \u00eendrum\u0103tor <strong>B\u0103e\u0219u Aspazia<\/strong>;<\/li>\n<li><strong>Ungurean Rebeca-Lidia<\/strong>, clasa a X-a, Colegiul Na\u021bional \u201e\u0218tefan cel Mare\u201d Suceava, profesor \u00eendrum\u0103tor <strong>Scutaru Gabriela<\/strong>.<\/li>\n<\/ul>\n<p>Lotul jude\u021bului Suceava a fost format din urm\u0103torii elevi:<\/p>\n<ul class=\"wp-block-list\">\n<li>Gale\u0219 Alexia-Ioana (IX \u2013 CN \u201eEudoxiu Hurmuzachi\u201d R\u0103d\u0103u\u021bi)<\/li>\n<li>Giuraniuc Maria (IX \u2013 CN \u201ePetru Rare\u0219\u201d Suceava)<\/li>\n<li>Bruja Maria (X \u2013 CN \u201eDrago\u0219 Vod\u0103\u201d C\u00e2mpulung Moldovenesc)<\/li>\n<li>Condurache Artur Tudor (X \u2013 CN \u201ePetru Rare\u0219\u201d Suceava)<\/li>\n<li>Ungurean Rebeca-Lidia (X \u2013 CN \u201e\u0218tefan cel Mare\u201d Suceava)<\/li>\n<li>Mitrofan Alexia (XI \u2013 CN \u201e\u0218tefan cel Mare\u201d Suceava)<\/li>\n<li>\u021airigan Sonia-Elena (XI \u2013 CN \u201ePetru Rare\u0219\u201d Suceava)<\/li>\n<\/ul>\n<p>Elevii au sus\u021binut proba practic\u0103 pe 21 aprilie \u0219i proba teoretic\u0103 pe 22 aprilie, fiind \u00eenso\u021bi\u021bi de prof. <strong>Drumea Mariana<\/strong> de la Colegiul Na\u021bional \u201ePetru Rare\u0219\u201d Suceava. Lotul a fost coordonat de inspectorul \u0219colar prof. <strong>Carmen-Cristina Sima<\/strong>.<\/p>\n<p>\u201eAceste rezultate confirm\u0103 nivelul ridicat de preg\u0103tire al elevilor suceveni \u0219i d\u0103ruirea profesorilor de biologie, care investesc constant timp \u0219i energie pentru formarea viitoarelor genera\u021bii de speciali\u0219ti\u201d, au transmis organizatorii locali.<\/p>\n<p>Lotul na\u021bional l\u0103rgit, din care fac parte \u0219i cele dou\u0103 eleve sucevene, va participa la probele de selec\u021bie pentru lotul restr\u00e2ns ce va reprezenta Rom\u00e2nia la Olimpiada Interna\u021bional\u0103 de Biologie (OIB). Preg\u0103tirea continu\u0103 \u00eentr-un program centralizat, sub coordonarea unor cadre didactice cu rezultate de top.<\/p>\n<figure class=\"wp-block-embed is-type-video is-provider-youtube wp-block-embed-youtube wp-embed-aspect-16-9 wp-has-aspect-ratio\">\n<div class=\"wp-block-embed__wrapper\">\n<div class=\"youtube-embed\" data-video_id=\"c7iLFNmUnAg\"><iframe loading=\"lazy\" title=\"Alex avea prioritate! Alex a murit..!!! Cine urmeaz\u0103??? \" width=\"696\" height=\"392\" src=\"https:\/\/www.youtube.com\/embed\/c7iLFNmUnAg?feature=oembed&amp;enablejsapi=1\" frameborder allow=\"accelerometer; autoplay; clipboard-write; encrypted-media; gyroscope; picture-in-picture; web-share\" referrerpolicy=\"strict-origin-when-cross-origin\" allowfullscreen><\/iframe><\/div>\n<\/div>\n<\/figure>\n<div class=\"td-a-rec td-a-rec-id-content_bottom  tdi_4 td_block_template_1\"><strong>Intr\u0103 acum \u0219i \u00een grupul de <\/p>\n<div class=\"wp-block-button\"><a class=\"wp-block-button__link wp-element-button\" href=\"https:\/\/t.me\/+TH8wcfnp8fw5NWI0\">Telegram News Bucovina<\/a><\/div>\n<p><\/strong><\/div>\n<\/div>\n<p>[analyse_source url=&#8221;https:\/\/www.newsbucovina.ro\/actualitate\/436908\/performante-ale-elevilor-suceveni-la-olimpiada-nationala-de-biologie-un-premiu-i-si-doua-calificari-in-lotul-national-largit&#8221;]<\/p>\n","protected":false},"excerpt":{"rendered":"<p>[analyse_image type=&#8221;featured&#8221; src=&#8221;https:\/\/www.newsbucovina.ro\/wp-content\/uploads\/2026\/04\/WhatsApp-Image-2026-04-24-at-07.02.06.jpeghttps:\/\/cdn.newsbucovina.ro\/wp-content\/uploads\/2026\/04\/WhatsApp-Image-2026-04-24-at-07.02.06.jpeg&#8221;] Intr\u0103 acum \u0219i \u00een grupul de Telegram News Bucovina Elevii jude\u021bului Suceava au ob\u021binut rezultate de excep\u021bie la Olimpiada Na\u021bional\u0103 de Biologie, desf\u0103\u0219urat\u0103 \u00een perioada 20-24 aprilie 2026 la Drobeta-Turnu Severin. Din cei 7 elevi califica\u021bi din etapa jude\u021bean\u0103, delega\u021bia sucevean\u0103 a revenit cu un Premiu I, dou\u0103 men\u021biuni \u00eenso\u021bite de calificarea [&hellip;]<\/p>\n","protected":false},"author":1,"featured_media":0,"comment_status":"open","ping_status":"","sticky":false,"template":"","format":"standard","meta":{"footnotes":""},"categories":[89],"tags":[226,165],"class_list":["post-1901053","post","type-post","status-publish","format-standard","hentry","category-romania","tag-crawlmanager","tag-newsbucovina-ro"],"_links":{"self":[{"href":"https:\/\/analyse.optim.biz\/index.php?rest_route=\/wp\/v2\/posts\/1901053","targetHints":{"allow":["GET"]}}],"collection":[{"href":"https:\/\/analyse.optim.biz\/index.php?rest_route=\/wp\/v2\/posts"}],"about":[{"href":"https:\/\/analyse.optim.biz\/index.php?rest_route=\/wp\/v2\/types\/post"}],"author":[{"embeddable":true,"href":"https:\/\/analyse.optim.biz\/index.php?rest_route=\/wp\/v2\/users\/1"}],"replies":[{"embeddable":true,"href":"https:\/\/analyse.optim.biz\/index.php?rest_route=%2Fwp%2Fv2%2Fcomments&post=1901053"}],"version-history":[{"count":0,"href":"https:\/\/analyse.optim.biz\/index.php?rest_route=\/wp\/v2\/posts\/1901053\/revisions"}],"wp:attachment":[{"href":"https:\/\/analyse.optim.biz\/index.php?rest_route=%2Fwp%2Fv2%2Fmedia&parent=1901053"}],"wp:term":[{"taxonomy":"category","embeddable":true,"href":"https:\/\/analyse.optim.biz\/index.php?rest_route=%2Fwp%2Fv2%2Fcategories&post=1901053"},{"taxonomy":"post_tag","embeddable":true,"href":"https:\/\/analyse.optim.biz\/index.php?rest_route=%2Fwp%2Fv2%2Ftags&post=1901053"}],"curies":[{"name":"wp","href":"https:\/\/api.w.org\/{rel}","templated":true}]}}