{"id":1901052,"date":"2026-04-23T17:02:42","date_gmt":"2026-04-23T14:02:42","guid":{"rendered":"https:\/\/analyse.optim.biz\/?p=1901052"},"modified":"2026-04-23T17:02:42","modified_gmt":"2026-04-23T14:02:42","slug":"lotul-sucevei-exceptional-la-olimpiada-nationala-de-limba-ucraineana-4-premii-i-trei-premii-ii-trei-premii-iii-si-o-nota-maxima-de-10","status":"publish","type":"post","link":"https:\/\/analyse.optim.biz\/?p=1901052","title":{"rendered":"Lotul Sucevei, excep\u021bional la Olimpiada Na\u021bional\u0103 de Limba Ucrainean\u0103: 4 premii I, trei premii II, trei premii III \u0219i o not\u0103 maxim\u0103 de 10"},"content":{"rendered":"<p>[analyse_image type=&#8221;featured&#8221; src=&#8221;https:\/\/www.newsbucovina.ro\/wp-content\/uploads\/2026\/04\/677202404_1453100096827992_5374549063111793268_n.jpghttps:\/\/cdn.newsbucovina.ro\/wp-content\/uploads\/2026\/04\/677202404_1453100096827992_5374549063111793268_n.jpg&#8221;]<\/p>\n<div class=\"td-post-content tagdiv-type\">\n<div class=\"td-a-rec td-a-rec-id-content_top  tdi_3 td_block_template_1\"><strong>Intr\u0103 acum \u0219i \u00een grupul de <\/p>\n<div class=\"wp-block-button\"><a class=\"wp-block-button__link wp-element-button\" href=\"https:\/\/t.me\/+TH8wcfnp8fw5NWI0\">Telegram News Bucovina<\/a><\/div>\n<p><\/strong><\/div>\n<p>Elevii suceveni au ob\u021binut rezultate remarcabile la Olimpiada Na\u021bional\u0103 de Limba Ucrainean\u0103, desf\u0103\u0219urat\u0103 \u00een perioada 20-23 aprilie 2026 la Re\u0219i\u021ba, jude\u021bul Cara\u0219-Severin. Delega\u021bia format\u0103 din 19 elevi din jude\u021bul Suceava s-a \u00eentors acas\u0103 cu <strong>4 premii I, 3 premii II, 3 premii III, 5 men\u021biuni \u0219i 5 premii de participare<\/strong> acordate de Uniunea Ucrainenilor din Rom\u00e2nia.<\/p>\n<figure class=\"wp-block-image size-large\"><a href=\"https:\/\/cdn.newsbucovina.ro\/wp-content\/uploads\/2026\/04\/677202404_1453100096827992_5374549063111793268_n.jpg\"><img loading=\"lazy\" decoding=\"async\" width=\"1024\" height=\"576\" src=\"https:\/\/cdn.newsbucovina.ro\/wp-content\/uploads\/2026\/04\/677202404_1453100096827992_5374549063111793268_n-1024x576.jpg\" alt class=\"wp-image-436906\"><\/a><\/figure>\n<p><strong>Premiile I au fost c\u00e2\u0219tigate de:<\/strong><\/p>\n<ul class=\"wp-block-list\">\n<li><strong>Fraseniuc Natalia Ecaterina<\/strong>, clasa a VI-a, \u0218coala Gimnazial\u0103 B\u0103lc\u0103u\u021bi (prof. coord. Fraseniuc Diana Emanuela)<\/li>\n<li><strong>Shendyruk Marta<\/strong>, clasa a X-a, Colegiul Na\u021bional \u201ePetru Rare\u0219\u201d Suceava (prof. coord. Martineac Delia Mihaela) \u2013 <strong>not\u0103 10<\/strong><\/li>\n<li><strong>Barbakar Teofil<\/strong>, clasa a XI-a, Seminarul Teologic Liceal Ortodox \u201eMitropolitul Dosoftei\u201d Suceava (prof. coord. Martineac Delia Mihaela)<\/li>\n<li><strong>Zegrea Constantin Oleg<\/strong>, clasa a XII-a, Seminarul Teologic Liceal Ortodox \u201eMitropolitul Dosoftei\u201d Suceava (prof. coord. Martineac Delia Mihaela)<\/li>\n<\/ul>\n<p><strong>Premiile II:<\/strong><\/p>\n<ul class=\"wp-block-list\">\n<li>Kashuba Volodymyr, clasa a IX-a, Colegiul Economic \u201eDimitrie Cantemir\u201d Suceava (prof. Martineac Delia Mihaela)<\/li>\n<li>Vacaru Erika Maria, clasa a X-a, Colegiul Tehnic \u201eLa\u021bcu Vod\u0103\u201d Siret (prof. Crainicuc Antoneta Cornelia)<\/li>\n<li>Caleniuc Tatiana, clasa a XI-a, Colegiul Tehnic \u201eLa\u021bcu Vod\u0103\u201d Siret (prof. Crainicuc Antoneta Cornelia)<\/li>\n<\/ul>\n<p><strong>Premiile III:<\/strong><\/p>\n<ul class=\"wp-block-list\">\n<li>Olexiuc Violeta, clasa a V-a, \u0218coala Gimnazial\u0103 Ulma (prof. Zebreniuc Iuliana Maria)<\/li>\n<li>Cozariuc Alexandru, clasa a IX-a, Colegiul Tehnic \u201eLa\u021bcu Vod\u0103\u201d Siret (prof. Crainicuc Antoneta Cornelia)<\/li>\n<li>Mehlei Ivan, clasa a XI-a, Seminarul Teologic Liceal Ortodox \u201eMitropolitul Dosoftei\u201d Suceava (prof. Martineac Delia Mihaela)<\/li>\n<\/ul>\n<p>Men\u021biuni au ob\u021binut elevi din clasele V\u2013VIII de la \u0219colile din B\u0103lc\u0103u\u021bi, Baine\u021b, Suceava \u0219i Izvoarele Sucevei. De asemenea, cinci elevi au primit premii de participare din partea Uniunii Ucrainenilor din Rom\u00e2nia.<\/p>\n<p>Performan\u021ba excep\u021bional\u0103 a elevei <strong>Shendyruk Marta<\/strong>, care a ob\u021binut nota maxim\u0103 10, reprezint\u0103 un adev\u0103rat succes individual \u0219i o m\u00e2ndrie pentru \u00eentregul lot sucevean.<\/p>\n<figure class=\"wp-block-embed is-type-video is-provider-youtube wp-block-embed-youtube wp-embed-aspect-16-9 wp-has-aspect-ratio\">\n<div class=\"wp-block-embed__wrapper\">\n<div class=\"youtube-embed\" data-video_id=\"c7iLFNmUnAg\"><iframe loading=\"lazy\" title=\"Alex avea prioritate! Alex a murit..!!! Cine urmeaz\u0103??? \" width=\"696\" height=\"392\" src=\"https:\/\/www.youtube.com\/embed\/c7iLFNmUnAg?feature=oembed&amp;enablejsapi=1\" frameborder allow=\"accelerometer; autoplay; clipboard-write; encrypted-media; gyroscope; picture-in-picture; web-share\" referrerpolicy=\"strict-origin-when-cross-origin\" allowfullscreen><\/iframe><\/div>\n<\/div>\n<\/figure>\n<div class=\"td-a-rec td-a-rec-id-content_bottom  tdi_4 td_block_template_1\"><strong>Intr\u0103 acum \u0219i \u00een grupul de <\/p>\n<div class=\"wp-block-button\"><a class=\"wp-block-button__link wp-element-button\" href=\"https:\/\/t.me\/+TH8wcfnp8fw5NWI0\">Telegram News Bucovina<\/a><\/div>\n<p><\/strong><\/div>\n<\/div>\n<div class=\"td-post-content tagdiv-type\">\n<div class=\"td-a-rec td-a-rec-id-content_top  tdi_3 td_block_template_1\"><strong>Intr\u0103 acum \u0219i \u00een grupul de <\/p>\n<div class=\"wp-block-button\"><a class=\"wp-block-button__link wp-element-button\" href=\"https:\/\/t.me\/+TH8wcfnp8fw5NWI0\">Telegram News Bucovina<\/a><\/div>\n<p><\/strong><\/div>\n<p>Elevii suceveni au ob\u021binut rezultate remarcabile la Olimpiada Na\u021bional\u0103 de Limba Ucrainean\u0103, desf\u0103\u0219urat\u0103 \u00een perioada 20-23 aprilie 2026 la Re\u0219i\u021ba, jude\u021bul Cara\u0219-Severin. Delega\u021bia format\u0103 din 19 elevi din jude\u021bul Suceava s-a \u00eentors acas\u0103 cu <strong>4 premii I, 3 premii II, 3 premii III, 5 men\u021biuni \u0219i 5 premii de participare<\/strong> acordate de Uniunea Ucrainenilor din Rom\u00e2nia.<\/p>\n<figure class=\"wp-block-image size-large\"><a href=\"https:\/\/cdn.newsbucovina.ro\/wp-content\/uploads\/2026\/04\/677202404_1453100096827992_5374549063111793268_n.jpg\"><img loading=\"lazy\" decoding=\"async\" width=\"1024\" height=\"576\" src=\"https:\/\/cdn.newsbucovina.ro\/wp-content\/uploads\/2026\/04\/677202404_1453100096827992_5374549063111793268_n-1024x576.jpg\" alt class=\"wp-image-436906\"><\/a><\/figure>\n<p><strong>Premiile I au fost c\u00e2\u0219tigate de:<\/strong><\/p>\n<ul class=\"wp-block-list\">\n<li><strong>Fraseniuc Natalia Ecaterina<\/strong>, clasa a VI-a, \u0218coala Gimnazial\u0103 B\u0103lc\u0103u\u021bi (prof. coord. Fraseniuc Diana Emanuela)<\/li>\n<li><strong>Shendyruk Marta<\/strong>, clasa a X-a, Colegiul Na\u021bional \u201ePetru Rare\u0219\u201d Suceava (prof. coord. Martineac Delia Mihaela) \u2013 <strong>not\u0103 10<\/strong><\/li>\n<li><strong>Barbakar Teofil<\/strong>, clasa a XI-a, Seminarul Teologic Liceal Ortodox \u201eMitropolitul Dosoftei\u201d Suceava (prof. coord. Martineac Delia Mihaela)<\/li>\n<li><strong>Zegrea Constantin Oleg<\/strong>, clasa a XII-a, Seminarul Teologic Liceal Ortodox \u201eMitropolitul Dosoftei\u201d Suceava (prof. coord. Martineac Delia Mihaela)<\/li>\n<\/ul>\n<p><strong>Premiile II:<\/strong><\/p>\n<ul class=\"wp-block-list\">\n<li>Kashuba Volodymyr, clasa a IX-a, Colegiul Economic \u201eDimitrie Cantemir\u201d Suceava (prof. Martineac Delia Mihaela)<\/li>\n<li>Vacaru Erika Maria, clasa a X-a, Colegiul Tehnic \u201eLa\u021bcu Vod\u0103\u201d Siret (prof. Crainicuc Antoneta Cornelia)<\/li>\n<li>Caleniuc Tatiana, clasa a XI-a, Colegiul Tehnic \u201eLa\u021bcu Vod\u0103\u201d Siret (prof. Crainicuc Antoneta Cornelia)<\/li>\n<\/ul>\n<p><strong>Premiile III:<\/strong><\/p>\n<ul class=\"wp-block-list\">\n<li>Olexiuc Violeta, clasa a V-a, \u0218coala Gimnazial\u0103 Ulma (prof. Zebreniuc Iuliana Maria)<\/li>\n<li>Cozariuc Alexandru, clasa a IX-a, Colegiul Tehnic \u201eLa\u021bcu Vod\u0103\u201d Siret (prof. Crainicuc Antoneta Cornelia)<\/li>\n<li>Mehlei Ivan, clasa a XI-a, Seminarul Teologic Liceal Ortodox \u201eMitropolitul Dosoftei\u201d Suceava (prof. Martineac Delia Mihaela)<\/li>\n<\/ul>\n<p>Men\u021biuni au ob\u021binut elevi din clasele V\u2013VIII de la \u0219colile din B\u0103lc\u0103u\u021bi, Baine\u021b, Suceava \u0219i Izvoarele Sucevei. De asemenea, cinci elevi au primit premii de participare din partea Uniunii Ucrainenilor din Rom\u00e2nia.<\/p>\n<p>Performan\u021ba excep\u021bional\u0103 a elevei <strong>Shendyruk Marta<\/strong>, care a ob\u021binut nota maxim\u0103 10, reprezint\u0103 un adev\u0103rat succes individual \u0219i o m\u00e2ndrie pentru \u00eentregul lot sucevean.<\/p>\n<figure class=\"wp-block-embed is-type-video is-provider-youtube wp-block-embed-youtube wp-embed-aspect-16-9 wp-has-aspect-ratio\">\n<div class=\"wp-block-embed__wrapper\">\n<div class=\"youtube-embed\" data-video_id=\"c7iLFNmUnAg\"><iframe loading=\"lazy\" title=\"Alex avea prioritate! Alex a murit..!!! Cine urmeaz\u0103??? \" width=\"696\" height=\"392\" src=\"https:\/\/www.youtube.com\/embed\/c7iLFNmUnAg?feature=oembed&amp;enablejsapi=1\" frameborder allow=\"accelerometer; autoplay; clipboard-write; encrypted-media; gyroscope; picture-in-picture; web-share\" referrerpolicy=\"strict-origin-when-cross-origin\" allowfullscreen><\/iframe><\/div>\n<\/div>\n<\/figure>\n<div class=\"td-a-rec td-a-rec-id-content_bottom  tdi_4 td_block_template_1\"><strong>Intr\u0103 acum \u0219i \u00een grupul de <\/p>\n<div class=\"wp-block-button\"><a class=\"wp-block-button__link wp-element-button\" href=\"https:\/\/t.me\/+TH8wcfnp8fw5NWI0\">Telegram News Bucovina<\/a><\/div>\n<p><\/strong><\/div>\n<\/div>\n<p>[analyse_source url=&#8221;https:\/\/www.newsbucovina.ro\/actualitate\/436905\/lotul-sucevei-exceptional-la-olimpiada-nationala-de-limba-ucraineana-4-premii-i-trei-premii-ii-trei-premii-iii-si-o-nota-maxima-de-10&#8243;]<\/p>\n","protected":false},"excerpt":{"rendered":"<p>[analyse_image type=&#8221;featured&#8221; src=&#8221;https:\/\/www.newsbucovina.ro\/wp-content\/uploads\/2026\/04\/677202404_1453100096827992_5374549063111793268_n.jpghttps:\/\/cdn.newsbucovina.ro\/wp-content\/uploads\/2026\/04\/677202404_1453100096827992_5374549063111793268_n.jpg&#8221;] Intr\u0103 acum \u0219i \u00een grupul de Telegram News Bucovina Elevii suceveni au ob\u021binut rezultate remarcabile la Olimpiada Na\u021bional\u0103 de Limba Ucrainean\u0103, desf\u0103\u0219urat\u0103 \u00een perioada 20-23 aprilie 2026 la Re\u0219i\u021ba, jude\u021bul Cara\u0219-Severin. Delega\u021bia format\u0103 din 19 elevi din jude\u021bul Suceava s-a \u00eentors acas\u0103 cu 4 premii I, 3 premii II, 3 premii III, [&hellip;]<\/p>\n","protected":false},"author":1,"featured_media":0,"comment_status":"open","ping_status":"","sticky":false,"template":"","format":"standard","meta":{"footnotes":""},"categories":[89],"tags":[226,165],"class_list":["post-1901052","post","type-post","status-publish","format-standard","hentry","category-romania","tag-crawlmanager","tag-newsbucovina-ro"],"_links":{"self":[{"href":"https:\/\/analyse.optim.biz\/index.php?rest_route=\/wp\/v2\/posts\/1901052","targetHints":{"allow":["GET"]}}],"collection":[{"href":"https:\/\/analyse.optim.biz\/index.php?rest_route=\/wp\/v2\/posts"}],"about":[{"href":"https:\/\/analyse.optim.biz\/index.php?rest_route=\/wp\/v2\/types\/post"}],"author":[{"embeddable":true,"href":"https:\/\/analyse.optim.biz\/index.php?rest_route=\/wp\/v2\/users\/1"}],"replies":[{"embeddable":true,"href":"https:\/\/analyse.optim.biz\/index.php?rest_route=%2Fwp%2Fv2%2Fcomments&post=1901052"}],"version-history":[{"count":0,"href":"https:\/\/analyse.optim.biz\/index.php?rest_route=\/wp\/v2\/posts\/1901052\/revisions"}],"wp:attachment":[{"href":"https:\/\/analyse.optim.biz\/index.php?rest_route=%2Fwp%2Fv2%2Fmedia&parent=1901052"}],"wp:term":[{"taxonomy":"category","embeddable":true,"href":"https:\/\/analyse.optim.biz\/index.php?rest_route=%2Fwp%2Fv2%2Fcategories&post=1901052"},{"taxonomy":"post_tag","embeddable":true,"href":"https:\/\/analyse.optim.biz\/index.php?rest_route=%2Fwp%2Fv2%2Ftags&post=1901052"}],"curies":[{"name":"wp","href":"https:\/\/api.w.org\/{rel}","templated":true}]}}