{"id":1901051,"date":"2026-04-23T15:29:51","date_gmt":"2026-04-23T12:29:51","guid":{"rendered":"https:\/\/analyse.optim.biz\/?p=1901051"},"modified":"2026-04-23T15:29:51","modified_gmt":"2026-04-23T12:29:51","slug":"elevii-colegiului-national-eudoxiu-hurmuzachi-au-sarbatorit-ziua-internationala-a-cartii-si-a-drepturilor-de-autor-prin-activitati-interactive-dialoguri-dezbateri-academice-prezen","status":"publish","type":"post","link":"https:\/\/analyse.optim.biz\/?p=1901051","title":{"rendered":"Elevii Colegiului Na\u021bional \u201eEudoxiu Hurmuzachi\u201d au s\u0103rb\u0103torit Ziua Interna\u021bional\u0103 a C\u0103r\u021bii \u0219i a Drepturilor de Autor prin activit\u0103\u021bi interactive, dialoguri, dezbateri academice, prezent\u0103ri de c\u0103r\u021bi, recenzii, vizion\u0103ri de filme"},"content":{"rendered":"<p>[analyse_image type=&#8221;featured&#8221; src=&#8221;https:\/\/www.newsbucovina.ro\/wp-content\/uploads\/2026\/04\/WhatsApp-Image-2026-04-23-at-18.16.211.jpeghttps:\/\/cdn.newsbucovina.ro\/wp-content\/uploads\/2026\/04\/WhatsApp-Image-2026-04-23-at-18.16.211.jpeg&#8221;]<\/p>\n<div class=\"td-post-content tagdiv-type\">\n<div class=\"td-a-rec td-a-rec-id-content_top  tdi_3 td_block_template_1\"><strong>Intr\u0103 acum \u0219i \u00een grupul de <\/p>\n<div class=\"wp-block-button\"><a class=\"wp-block-button__link wp-element-button\" href=\"https:\/\/t.me\/+TH8wcfnp8fw5NWI0\">Telegram News Bucovina<\/a><\/div>\n<p><\/strong><\/div>\n<p>Colegiul Na\u021bional \u201eEudoxiu Hurmuzachi\u201d din R\u0103d\u0103u\u021bi a transformat ziua de 23 aprilie 2026 \u00eentr-o veritabil\u0103 s\u0103rb\u0103toare a lecturii \u0219i a c\u0103r\u021bii, prilejuit\u0103 de Ziua Interna\u021bional\u0103 a C\u0103r\u021bii \u0219i a Drepturilor de Autor, proclamat\u0103 de UNESCO, \u0219i de Ziua Na\u021bional\u0103 a Bibliotecarului, instituit\u0103 prin Hot\u0103r\u00e2rea de Guvern nr. 293\/2005.<\/p>\n<figure class=\"wp-block-gallery has-nested-images columns-default is-cropped wp-block-gallery-1 is-layout-flex wp-block-gallery-is-layout-flex\">\n<figure class=\"wp-block-image size-large\"><a href=\"https:\/\/cdn.newsbucovina.ro\/wp-content\/uploads\/2026\/04\/WhatsApp-Image-2026-04-23-at-18.16.20.jpeg\"><img loading=\"lazy\" decoding=\"async\" width=\"1024\" height=\"576\" data-id=\"436900\" src=\"https:\/\/cdn.newsbucovina.ro\/wp-content\/uploads\/2026\/04\/WhatsApp-Image-2026-04-23-at-18.16.20-1024x576.jpeg\" alt class=\"wp-image-436900\"><\/a><\/figure>\n<figure class=\"wp-block-image size-large\"><a href=\"https:\/\/cdn.newsbucovina.ro\/wp-content\/uploads\/2026\/04\/WhatsApp-Image-2026-04-23-at-18.16.204.jpeg\"><img loading=\"lazy\" decoding=\"async\" width=\"1024\" height=\"576\" data-id=\"436901\" src=\"https:\/\/cdn.newsbucovina.ro\/wp-content\/uploads\/2026\/04\/WhatsApp-Image-2026-04-23-at-18.16.204-1024x576.jpeg\" alt class=\"wp-image-436901\"><\/a><\/figure>\n<figure class=\"wp-block-image size-large\"><a href=\"https:\/\/cdn.newsbucovina.ro\/wp-content\/uploads\/2026\/04\/WhatsApp-Image-2026-04-23-at-18.16.211.jpeg\"><img loading=\"lazy\" decoding=\"async\" width=\"1024\" height=\"768\" data-id=\"436902\" src=\"https:\/\/cdn.newsbucovina.ro\/wp-content\/uploads\/2026\/04\/WhatsApp-Image-2026-04-23-at-18.16.211-1024x768.jpeg\" alt class=\"wp-image-436902\"><\/a><\/figure>\n<figure class=\"wp-block-image size-large\"><a href=\"https:\/\/cdn.newsbucovina.ro\/wp-content\/uploads\/2026\/04\/WhatsApp-Image-2026-04-23-at-18.16.212.jpeg\"><img decoding=\"async\" loading=\"lazy\" width=\"1024\" height=\"768\" data-id=\"436903\" src=\"https:\/\/cdn.newsbucovina.ro\/wp-content\/uploads\/2026\/04\/WhatsApp-Image-2026-04-23-at-18.16.212-1024x768.jpeg\" alt class=\"wp-image-436903\"><\/a><\/figure>\n<\/figure>\n<p>Sub coordonarea profesorilor Florin George Popovici, Angelica Popovici \u0219i a bibliotecarei institu\u021biei, Andreea Ciobara, elevii din clasele de gimnaziu \u0219i de liceu au participat la o suit\u0103 impresionant\u0103 de activit\u0103\u021bi educative, interactive \u0219i creative, menite s\u0103 promoveze dragostea pentru lectur\u0103 \u0219i spiritul critic.<\/p>\n<p><strong>Activit\u0103\u021bile desf\u0103\u0219urate au inclus:<\/strong><\/p>\n<ul class=\"wp-block-list\">\n<li>\u201eCartea mea preferat\u0103\u201d \u2013 protagoni\u0219ti fiind elevii clasei a V-a;<\/li>\n<li>\u201eDialoguri \u00eentre c\u0103r\u021bi\u201d \u2013 elevii clasei a VI-a;<\/li>\n<li>\u201eChipurile c\u0103r\u021bilor\u201d (cartea-scut, cartea-fereastr\u0103, cartea-hart\u0103, cartea-ma\u0219in\u0103 a timpului) \u2013 elevii clasei a VII-a;<\/li>\n<li>Dezbatere academic\u0103: \u201eInternetul nu poate \u00eenlocui biblioteca\u201d \u2013 sus\u021binut\u0103 de elevii clasei a IX-a G;<\/li>\n<li>\u201eCercul cititorilor\u201d \u0219i \u201eUniversuri paralele \u2013 g\u00e2nduri, idei \u0219i recenzii\u201d \u2013 clasele a X-a E \u0219i a X-a G;<\/li>\n<li>\u201eO carte \u00eentr-un minut\u201d \u2013 elevii clasei a XI-a F;<\/li>\n<li>\u201eArheologie textual\u0103\u201d \u2013 exerci\u021biu de analiz\u0103 literar\u0103 coordonat de elevul Vl\u0103deanu Cristian, al\u0103turi de colegii din clasa a XII-a E.<\/li>\n<\/ul>\n<p>Un moment de excep\u021bie a fost runda de dezbateri academice \u00een format World Schools, desf\u0103\u0219urat\u0103 \u00een biblioteca \u0219colii \u00eencep\u00e2nd cu ora 12:00. Au participat dou\u0103 echipe din clasa a IX-a G: echipa Guvernului (Grigorean Luisa, Hurjui Robert \u0219i Balean Lorena) \u0219i echipa Opozi\u021biei (Bodnar Vasile, Ionesi Luca \u0219i Plutaru Luca-Andrei).<\/p>\n<p>Prin aceste manifest\u0103ri, elevii Colegiului Na\u021bional \u201eEudoxiu Hurmuzachi\u201d \u0219i-au asumat cu responsabilitate rolul de cititori activi, explor\u00e2nd universul infinit al c\u0103r\u021bilor, a\u0219a cum \u00eel imagina Jorge Luis Borges \u00een celebra sa \u201eBibliotec\u0103 Babel\u201d un spa\u021biu str\u0103b\u0103tut de oameni-cititori care populeaz\u0103 coridoarele hexagonale, vestibulele \u0219i sc\u0103rile desf\u0103\u0219urate \u00een spiral\u0103, c\u0103l\u0103tori printre rafturi nesf\u00e2r\u0219ite de c\u0103r\u021bi \u0219i volume enigmatice de o frumuse\u021be rar\u0103.<\/p>\n<p>\u201eAst\u0103zi, de Ziua Interna\u021bional\u0103 a C\u0103r\u021bii, elevii no\u0219tri au demonstrat c\u0103 lectura r\u0103m\u00e2ne una dintre cele mai nobile forme de dezvoltare personal\u0103 \u0219i cultural\u0103\u201d, au transmis cadrele didactice coordonatoare.<\/p>\n<p>Evenimentul se \u00eenscrie \u00eentr-o tradi\u021bie deja consolidat\u0103 la una dintre cele mai prestigioase institu\u021bii de \u00eenv\u0103\u021b\u0103m\u00e2nt din jude\u021b, confirm\u00e2nd \u00eenc\u0103 o dat\u0103 c\u0103 genera\u021biile tinere continu\u0103 s\u0103 acorde un loc central c\u0103r\u021bii \u00een formarea lor intelectual\u0103 \u0219i moral\u0103.<\/p>\n<figure class=\"wp-block-embed is-type-video is-provider-youtube wp-block-embed-youtube wp-embed-aspect-16-9 wp-has-aspect-ratio\">\n<div class=\"wp-block-embed__wrapper\">\n<div class=\"youtube-embed\" data-video_id=\"c7iLFNmUnAg\"><iframe loading=\"lazy\" title=\"Alex avea prioritate! Alex a murit..!!! Cine urmeaz\u0103??? \" width=\"696\" height=\"392\" src=\"https:\/\/www.youtube.com\/embed\/c7iLFNmUnAg?feature=oembed&amp;enablejsapi=1\" frameborder allow=\"accelerometer; autoplay; clipboard-write; encrypted-media; gyroscope; picture-in-picture; web-share\" referrerpolicy=\"strict-origin-when-cross-origin\" allowfullscreen><\/iframe><\/div>\n<\/div>\n<\/figure>\n<div class=\"td-a-rec td-a-rec-id-content_bottom  tdi_4 td_block_template_1\"><strong>Intr\u0103 acum \u0219i \u00een grupul de <\/p>\n<div class=\"wp-block-button\"><a class=\"wp-block-button__link wp-element-button\" href=\"https:\/\/t.me\/+TH8wcfnp8fw5NWI0\">Telegram News Bucovina<\/a><\/div>\n<p><\/strong><\/div>\n<\/div>\n<div class=\"td-post-content tagdiv-type\">\n<div class=\"td-a-rec td-a-rec-id-content_top  tdi_3 td_block_template_1\"><strong>Intr\u0103 acum \u0219i \u00een grupul de <\/p>\n<div class=\"wp-block-button\"><a class=\"wp-block-button__link wp-element-button\" href=\"https:\/\/t.me\/+TH8wcfnp8fw5NWI0\">Telegram News Bucovina<\/a><\/div>\n<p><\/strong><\/div>\n<p>Colegiul Na\u021bional \u201eEudoxiu Hurmuzachi\u201d din R\u0103d\u0103u\u021bi a transformat ziua de 23 aprilie 2026 \u00eentr-o veritabil\u0103 s\u0103rb\u0103toare a lecturii \u0219i a c\u0103r\u021bii, prilejuit\u0103 de Ziua Interna\u021bional\u0103 a C\u0103r\u021bii \u0219i a Drepturilor de Autor, proclamat\u0103 de UNESCO, \u0219i de Ziua Na\u021bional\u0103 a Bibliotecarului, instituit\u0103 prin Hot\u0103r\u00e2rea de Guvern nr. 293\/2005.<\/p>\n<figure class=\"wp-block-gallery has-nested-images columns-default is-cropped wp-block-gallery-1 is-layout-flex wp-block-gallery-is-layout-flex\">\n<figure class=\"wp-block-image size-large\"><a href=\"https:\/\/cdn.newsbucovina.ro\/wp-content\/uploads\/2026\/04\/WhatsApp-Image-2026-04-23-at-18.16.20.jpeg\"><img loading=\"lazy\" decoding=\"async\" width=\"1024\" height=\"576\" data-id=\"436900\" src=\"https:\/\/cdn.newsbucovina.ro\/wp-content\/uploads\/2026\/04\/WhatsApp-Image-2026-04-23-at-18.16.20-1024x576.jpeg\" alt class=\"wp-image-436900\"><\/a><\/figure>\n<figure class=\"wp-block-image size-large\"><a href=\"https:\/\/cdn.newsbucovina.ro\/wp-content\/uploads\/2026\/04\/WhatsApp-Image-2026-04-23-at-18.16.204.jpeg\"><img loading=\"lazy\" decoding=\"async\" width=\"1024\" height=\"576\" data-id=\"436901\" src=\"https:\/\/cdn.newsbucovina.ro\/wp-content\/uploads\/2026\/04\/WhatsApp-Image-2026-04-23-at-18.16.204-1024x576.jpeg\" alt class=\"wp-image-436901\"><\/a><\/figure>\n<figure class=\"wp-block-image size-large\"><a href=\"https:\/\/cdn.newsbucovina.ro\/wp-content\/uploads\/2026\/04\/WhatsApp-Image-2026-04-23-at-18.16.211.jpeg\"><img loading=\"lazy\" decoding=\"async\" width=\"1024\" height=\"768\" data-id=\"436902\" src=\"https:\/\/cdn.newsbucovina.ro\/wp-content\/uploads\/2026\/04\/WhatsApp-Image-2026-04-23-at-18.16.211-1024x768.jpeg\" alt class=\"wp-image-436902\"><\/a><\/figure>\n<figure class=\"wp-block-image size-large\"><a href=\"https:\/\/cdn.newsbucovina.ro\/wp-content\/uploads\/2026\/04\/WhatsApp-Image-2026-04-23-at-18.16.212.jpeg\"><img decoding=\"async\" loading=\"lazy\" width=\"1024\" height=\"768\" data-id=\"436903\" src=\"https:\/\/cdn.newsbucovina.ro\/wp-content\/uploads\/2026\/04\/WhatsApp-Image-2026-04-23-at-18.16.212-1024x768.jpeg\" alt class=\"wp-image-436903\"><\/a><\/figure>\n<\/figure>\n<p>Sub coordonarea profesorilor Florin George Popovici, Angelica Popovici \u0219i a bibliotecarei institu\u021biei, Andreea Ciobara, elevii din clasele de gimnaziu \u0219i de liceu au participat la o suit\u0103 impresionant\u0103 de activit\u0103\u021bi educative, interactive \u0219i creative, menite s\u0103 promoveze dragostea pentru lectur\u0103 \u0219i spiritul critic.<\/p>\n<p><strong>Activit\u0103\u021bile desf\u0103\u0219urate au inclus:<\/strong><\/p>\n<ul class=\"wp-block-list\">\n<li>\u201eCartea mea preferat\u0103\u201d \u2013 protagoni\u0219ti fiind elevii clasei a V-a;<\/li>\n<li>\u201eDialoguri \u00eentre c\u0103r\u021bi\u201d \u2013 elevii clasei a VI-a;<\/li>\n<li>\u201eChipurile c\u0103r\u021bilor\u201d (cartea-scut, cartea-fereastr\u0103, cartea-hart\u0103, cartea-ma\u0219in\u0103 a timpului) \u2013 elevii clasei a VII-a;<\/li>\n<li>Dezbatere academic\u0103: \u201eInternetul nu poate \u00eenlocui biblioteca\u201d \u2013 sus\u021binut\u0103 de elevii clasei a IX-a G;<\/li>\n<li>\u201eCercul cititorilor\u201d \u0219i \u201eUniversuri paralele \u2013 g\u00e2nduri, idei \u0219i recenzii\u201d \u2013 clasele a X-a E \u0219i a X-a G;<\/li>\n<li>\u201eO carte \u00eentr-un minut\u201d \u2013 elevii clasei a XI-a F;<\/li>\n<li>\u201eArheologie textual\u0103\u201d \u2013 exerci\u021biu de analiz\u0103 literar\u0103 coordonat de elevul Vl\u0103deanu Cristian, al\u0103turi de colegii din clasa a XII-a E.<\/li>\n<\/ul>\n<p>Un moment de excep\u021bie a fost runda de dezbateri academice \u00een format World Schools, desf\u0103\u0219urat\u0103 \u00een biblioteca \u0219colii \u00eencep\u00e2nd cu ora 12:00. Au participat dou\u0103 echipe din clasa a IX-a G: echipa Guvernului (Grigorean Luisa, Hurjui Robert \u0219i Balean Lorena) \u0219i echipa Opozi\u021biei (Bodnar Vasile, Ionesi Luca \u0219i Plutaru Luca-Andrei).<\/p>\n<p>Prin aceste manifest\u0103ri, elevii Colegiului Na\u021bional \u201eEudoxiu Hurmuzachi\u201d \u0219i-au asumat cu responsabilitate rolul de cititori activi, explor\u00e2nd universul infinit al c\u0103r\u021bilor, a\u0219a cum \u00eel imagina Jorge Luis Borges \u00een celebra sa \u201eBibliotec\u0103 Babel\u201d un spa\u021biu str\u0103b\u0103tut de oameni-cititori care populeaz\u0103 coridoarele hexagonale, vestibulele \u0219i sc\u0103rile desf\u0103\u0219urate \u00een spiral\u0103, c\u0103l\u0103tori printre rafturi nesf\u00e2r\u0219ite de c\u0103r\u021bi \u0219i volume enigmatice de o frumuse\u021be rar\u0103.<\/p>\n<p>\u201eAst\u0103zi, de Ziua Interna\u021bional\u0103 a C\u0103r\u021bii, elevii no\u0219tri au demonstrat c\u0103 lectura r\u0103m\u00e2ne una dintre cele mai nobile forme de dezvoltare personal\u0103 \u0219i cultural\u0103\u201d, au transmis cadrele didactice coordonatoare.<\/p>\n<p>Evenimentul se \u00eenscrie \u00eentr-o tradi\u021bie deja consolidat\u0103 la una dintre cele mai prestigioase institu\u021bii de \u00eenv\u0103\u021b\u0103m\u00e2nt din jude\u021b, confirm\u00e2nd \u00eenc\u0103 o dat\u0103 c\u0103 genera\u021biile tinere continu\u0103 s\u0103 acorde un loc central c\u0103r\u021bii \u00een formarea lor intelectual\u0103 \u0219i moral\u0103.<\/p>\n<figure class=\"wp-block-embed is-type-video is-provider-youtube wp-block-embed-youtube wp-embed-aspect-16-9 wp-has-aspect-ratio\">\n<div class=\"wp-block-embed__wrapper\">\n<div class=\"youtube-embed\" data-video_id=\"c7iLFNmUnAg\"><iframe loading=\"lazy\" title=\"Alex avea prioritate! Alex a murit..!!! Cine urmeaz\u0103??? \" width=\"696\" height=\"392\" src=\"https:\/\/www.youtube.com\/embed\/c7iLFNmUnAg?feature=oembed&amp;enablejsapi=1\" frameborder allow=\"accelerometer; autoplay; clipboard-write; encrypted-media; gyroscope; picture-in-picture; web-share\" referrerpolicy=\"strict-origin-when-cross-origin\" allowfullscreen><\/iframe><\/div>\n<\/div>\n<\/figure>\n<div class=\"td-a-rec td-a-rec-id-content_bottom  tdi_4 td_block_template_1\"><strong>Intr\u0103 acum \u0219i \u00een grupul de <\/p>\n<div class=\"wp-block-button\"><a class=\"wp-block-button__link wp-element-button\" href=\"https:\/\/t.me\/+TH8wcfnp8fw5NWI0\">Telegram News Bucovina<\/a><\/div>\n<p><\/strong><\/div>\n<\/div>\n<p>[analyse_source url=&#8221;https:\/\/www.newsbucovina.ro\/actualitate\/436899\/elevii-colegiului-national-eudoxiu-hurmuzachi-au-sarbatorit-ziua-internationala-a-cartii-si-a-drepturilor-de-autor-prin-activitati-interactive-dialoguri-dezbateri-academice-prezen&#8221;]<\/p>\n","protected":false},"excerpt":{"rendered":"<p>[analyse_image type=&#8221;featured&#8221; src=&#8221;https:\/\/www.newsbucovina.ro\/wp-content\/uploads\/2026\/04\/WhatsApp-Image-2026-04-23-at-18.16.211.jpeghttps:\/\/cdn.newsbucovina.ro\/wp-content\/uploads\/2026\/04\/WhatsApp-Image-2026-04-23-at-18.16.211.jpeg&#8221;] Intr\u0103 acum \u0219i \u00een grupul de Telegram News Bucovina Colegiul Na\u021bional \u201eEudoxiu Hurmuzachi\u201d din R\u0103d\u0103u\u021bi a transformat ziua de 23 aprilie 2026 \u00eentr-o veritabil\u0103 s\u0103rb\u0103toare a lecturii \u0219i a c\u0103r\u021bii, prilejuit\u0103 de Ziua Interna\u021bional\u0103 a C\u0103r\u021bii \u0219i a Drepturilor de Autor, proclamat\u0103 de UNESCO, \u0219i de Ziua Na\u021bional\u0103 a Bibliotecarului, instituit\u0103 prin [&hellip;]<\/p>\n","protected":false},"author":1,"featured_media":0,"comment_status":"open","ping_status":"","sticky":false,"template":"","format":"standard","meta":{"footnotes":""},"categories":[89],"tags":[226,165],"class_list":["post-1901051","post","type-post","status-publish","format-standard","hentry","category-romania","tag-crawlmanager","tag-newsbucovina-ro"],"_links":{"self":[{"href":"https:\/\/analyse.optim.biz\/index.php?rest_route=\/wp\/v2\/posts\/1901051","targetHints":{"allow":["GET"]}}],"collection":[{"href":"https:\/\/analyse.optim.biz\/index.php?rest_route=\/wp\/v2\/posts"}],"about":[{"href":"https:\/\/analyse.optim.biz\/index.php?rest_route=\/wp\/v2\/types\/post"}],"author":[{"embeddable":true,"href":"https:\/\/analyse.optim.biz\/index.php?rest_route=\/wp\/v2\/users\/1"}],"replies":[{"embeddable":true,"href":"https:\/\/analyse.optim.biz\/index.php?rest_route=%2Fwp%2Fv2%2Fcomments&post=1901051"}],"version-history":[{"count":0,"href":"https:\/\/analyse.optim.biz\/index.php?rest_route=\/wp\/v2\/posts\/1901051\/revisions"}],"wp:attachment":[{"href":"https:\/\/analyse.optim.biz\/index.php?rest_route=%2Fwp%2Fv2%2Fmedia&parent=1901051"}],"wp:term":[{"taxonomy":"category","embeddable":true,"href":"https:\/\/analyse.optim.biz\/index.php?rest_route=%2Fwp%2Fv2%2Fcategories&post=1901051"},{"taxonomy":"post_tag","embeddable":true,"href":"https:\/\/analyse.optim.biz\/index.php?rest_route=%2Fwp%2Fv2%2Ftags&post=1901051"}],"curies":[{"name":"wp","href":"https:\/\/api.w.org\/{rel}","templated":true}]}}