{"id":1901050,"date":"2026-04-23T14:09:20","date_gmt":"2026-04-23T11:09:20","guid":{"rendered":"https:\/\/analyse.optim.biz\/?p=1901050"},"modified":"2026-04-23T14:09:20","modified_gmt":"2026-04-23T11:09:20","slug":"consiliul-local-suceava-nevoit-sa-corecteze-actul-constitutiv-al-societatii-administratia-pietelor-suceava-s-a-pentru-inregistrarea-la-registrul-comertului","status":"publish","type":"post","link":"https:\/\/analyse.optim.biz\/?p=1901050","title":{"rendered":"Consiliul Local Suceava nevoit s\u0103 corecteze actul constitutiv al Societ\u0103\u021bii Administra\u021bia Pie\u021belor Suceava S.A. pentru \u00eenregistrarea la Registrul Comer\u021bului"},"content":{"rendered":"<p>[analyse_image type=&#8221;featured&#8221; src=&#8221;https:\/\/www.newsbucovina.ro\/wp-content\/uploads\/2025\/12\/rimbu.pnghttps:\/\/cdn.newsbucovina.ro\/wp-content\/uploads\/2025\/12\/rimbu.png&#8221;]<\/p>\n<div class=\"td-post-content tagdiv-type\">\n<div class=\"td-a-rec td-a-rec-id-content_top  tdi_3 td_block_template_1\"><strong>Intr\u0103 acum \u0219i \u00een grupul de <\/p>\n<div class=\"wp-block-button\"><a class=\"wp-block-button__link wp-element-button\" href=\"https:\/\/t.me\/+TH8wcfnp8fw5NWI0\">Telegram News Bucovina<\/a><\/div>\n<p><\/strong><\/div>\n<p>Consiliul Local al Municipiului Suceava va supune spre aprobare, luni, \u00een \u0219edin\u021b\u0103 extraordinar\u0103 un proiect de hot\u0103r\u00e2re privind corectarea \u0219i completarea Actului constitutiv al societ\u0103\u021bii <strong>Administra\u021bia Pie\u021belor Suceava S.A.<\/strong>, companie \u00eenfiin\u021bat\u0103 prin Hot\u0103r\u00e2rea nr. 84 din 31 martie 2026, cu ac\u021bionar unic Municipiul Suceava.<\/p>\n<figure class=\"wp-block-image size-large\"><a href=\"https:\/\/cdn.newsbucovina.ro\/wp-content\/uploads\/2025\/12\/rimbu.png\"><img loading=\"lazy\" decoding=\"async\" width=\"1024\" height=\"492\" src=\"https:\/\/cdn.newsbucovina.ro\/wp-content\/uploads\/2025\/12\/rimbu-1024x492.png\" alt class=\"wp-image-428477\"><\/a><\/figure>\n<p>Modific\u0103rile au devenit necesare \u00een urma cererii depuse la Oficiul Registrului Comer\u021bului de pe l\u00e2ng\u0103 Tribunalul Suceava \u0219i a solicit\u0103rilor de clarific\u0103ri formulate de institu\u021bie, pentru ob\u021binerea personalit\u0103\u021bii juridice \u0219i \u00eenscrierea societ\u0103\u021bii \u00een Registrul Comer\u021bului, conform prevederilor Legii nr. 31\/1990 a societ\u0103\u021bilor, republicat\u0103.<\/p>\n<p><strong>Principalele modific\u0103ri aduse Actului constitutiv:<\/strong><\/p>\n<ul class=\"wp-block-list\">\n<li><strong>Obiectul de activitate<\/strong> (art. 4.1) \u2013 actualizarea structurii \u00een concordan\u021b\u0103 cu Clasificarea Activit\u0103\u021bilor din Economia Na\u021bional\u0103 \u2013 CAEN Rev. 3, versiunea actualizat\u0103 prin Ordinul nr. 377\/2024.<\/li>\n<li><strong>Administrarea societ\u0103\u021bii<\/strong> \u2013 precizarea expres\u0103 c\u0103 primul consiliu de administra\u021bie va fi format din trei membri provizorii, desemna\u021bi prin hot\u0103r\u00e2re a Consiliului Local, cu un mandat de <strong>1 an<\/strong>. Mandate ulterioare vor avea durata de 4 ani, conform prevederilor ini\u021biale.<\/li>\n<li><strong>Controlul gestiunii \u0219i auditorul financiar<\/strong> \u2013 completarea capitolului conform Legii 31\/1990, cu men\u021biunea c\u0103 durata mandatului auditorului financiar va fi de <strong>3 ani<\/strong>, \u00een linie cu prevederile legale privind alegerea cenzorilor\/auditorilor.<\/li>\n<\/ul>\n<p>Societatea Administra\u021bia Pie\u021belor Suceava S.A. are ca principal obiect de activitate \u00eentre\u021binerea, administrarea \u0219i exploatarea pie\u021belor agroalimentare din municipiu, a Complexului Comercial Bazar Suceava, precum \u0219i organizarea \u0219i exploatarea activit\u0103\u021bii de ecarisaj.<\/p>\n<p>Prin adoptarea acestor modific\u0103ri \u0219i complet\u0103ri, municipalitatea urm\u0103re\u0219te finalizarea rapid\u0103 a procedurilor de \u00eenregistrare a noii societ\u0103\u021bi, astfel \u00eenc\u00e2t aceasta s\u0103 poat\u0103 func\u021biona legal \u0219i eficient \u00een administrarea pie\u021belor \u0219i a serviciilor conexe din Suceava, aceast\u0103 societate urm\u00e2nd s\u0103 preia 82 din angaja\u021bii Prim\u0103riei Suceava care vor fi disponibiliza\u021bi din aparatul tehnic al primarului.<\/p>\n<figure class=\"wp-block-embed is-type-video is-provider-youtube wp-block-embed-youtube wp-embed-aspect-16-9 wp-has-aspect-ratio\">\n<div class=\"wp-block-embed__wrapper\">\n<div class=\"youtube-embed\" data-video_id=\"c7iLFNmUnAg\"><iframe loading=\"lazy\" title=\"Alex avea prioritate! Alex a murit..!!! Cine urmeaz\u0103??? \" width=\"696\" height=\"392\" src=\"https:\/\/www.youtube.com\/embed\/c7iLFNmUnAg?feature=oembed&amp;enablejsapi=1\" frameborder allow=\"accelerometer; autoplay; clipboard-write; encrypted-media; gyroscope; picture-in-picture; web-share\" referrerpolicy=\"strict-origin-when-cross-origin\" allowfullscreen><\/iframe><\/div>\n<\/div>\n<\/figure>\n<div class=\"td-a-rec td-a-rec-id-content_bottom  tdi_4 td_block_template_1\"><strong>Intr\u0103 acum \u0219i \u00een grupul de <\/p>\n<div class=\"wp-block-button\"><a class=\"wp-block-button__link wp-element-button\" href=\"https:\/\/t.me\/+TH8wcfnp8fw5NWI0\">Telegram News Bucovina<\/a><\/div>\n<p><\/strong><\/div>\n<\/div>\n<div class=\"td-post-content tagdiv-type\">\n<div class=\"td-a-rec td-a-rec-id-content_top  tdi_3 td_block_template_1\"><strong>Intr\u0103 acum \u0219i \u00een grupul de <\/p>\n<div class=\"wp-block-button\"><a class=\"wp-block-button__link wp-element-button\" href=\"https:\/\/t.me\/+TH8wcfnp8fw5NWI0\">Telegram News Bucovina<\/a><\/div>\n<p><\/strong><\/div>\n<p>Consiliul Local al Municipiului Suceava va supune spre aprobare, luni, \u00een \u0219edin\u021b\u0103 extraordinar\u0103 un proiect de hot\u0103r\u00e2re privind corectarea \u0219i completarea Actului constitutiv al societ\u0103\u021bii <strong>Administra\u021bia Pie\u021belor Suceava S.A.<\/strong>, companie \u00eenfiin\u021bat\u0103 prin Hot\u0103r\u00e2rea nr. 84 din 31 martie 2026, cu ac\u021bionar unic Municipiul Suceava.<\/p>\n<figure class=\"wp-block-image size-large\"><a href=\"https:\/\/cdn.newsbucovina.ro\/wp-content\/uploads\/2025\/12\/rimbu.png\"><img loading=\"lazy\" decoding=\"async\" width=\"1024\" height=\"492\" src=\"https:\/\/cdn.newsbucovina.ro\/wp-content\/uploads\/2025\/12\/rimbu-1024x492.png\" alt class=\"wp-image-428477\"><\/a><\/figure>\n<p>Modific\u0103rile au devenit necesare \u00een urma cererii depuse la Oficiul Registrului Comer\u021bului de pe l\u00e2ng\u0103 Tribunalul Suceava \u0219i a solicit\u0103rilor de clarific\u0103ri formulate de institu\u021bie, pentru ob\u021binerea personalit\u0103\u021bii juridice \u0219i \u00eenscrierea societ\u0103\u021bii \u00een Registrul Comer\u021bului, conform prevederilor Legii nr. 31\/1990 a societ\u0103\u021bilor, republicat\u0103.<\/p>\n<p><strong>Principalele modific\u0103ri aduse Actului constitutiv:<\/strong><\/p>\n<ul class=\"wp-block-list\">\n<li><strong>Obiectul de activitate<\/strong> (art. 4.1) \u2013 actualizarea structurii \u00een concordan\u021b\u0103 cu Clasificarea Activit\u0103\u021bilor din Economia Na\u021bional\u0103 \u2013 CAEN Rev. 3, versiunea actualizat\u0103 prin Ordinul nr. 377\/2024.<\/li>\n<li><strong>Administrarea societ\u0103\u021bii<\/strong> \u2013 precizarea expres\u0103 c\u0103 primul consiliu de administra\u021bie va fi format din trei membri provizorii, desemna\u021bi prin hot\u0103r\u00e2re a Consiliului Local, cu un mandat de <strong>1 an<\/strong>. Mandate ulterioare vor avea durata de 4 ani, conform prevederilor ini\u021biale.<\/li>\n<li><strong>Controlul gestiunii \u0219i auditorul financiar<\/strong> \u2013 completarea capitolului conform Legii 31\/1990, cu men\u021biunea c\u0103 durata mandatului auditorului financiar va fi de <strong>3 ani<\/strong>, \u00een linie cu prevederile legale privind alegerea cenzorilor\/auditorilor.<\/li>\n<\/ul>\n<p>Societatea Administra\u021bia Pie\u021belor Suceava S.A. are ca principal obiect de activitate \u00eentre\u021binerea, administrarea \u0219i exploatarea pie\u021belor agroalimentare din municipiu, a Complexului Comercial Bazar Suceava, precum \u0219i organizarea \u0219i exploatarea activit\u0103\u021bii de ecarisaj.<\/p>\n<p>Prin adoptarea acestor modific\u0103ri \u0219i complet\u0103ri, municipalitatea urm\u0103re\u0219te finalizarea rapid\u0103 a procedurilor de \u00eenregistrare a noii societ\u0103\u021bi, astfel \u00eenc\u00e2t aceasta s\u0103 poat\u0103 func\u021biona legal \u0219i eficient \u00een administrarea pie\u021belor \u0219i a serviciilor conexe din Suceava, aceast\u0103 societate urm\u00e2nd s\u0103 preia 82 din angaja\u021bii Prim\u0103riei Suceava care vor fi disponibiliza\u021bi din aparatul tehnic al primarului.<\/p>\n<figure class=\"wp-block-embed is-type-video is-provider-youtube wp-block-embed-youtube wp-embed-aspect-16-9 wp-has-aspect-ratio\">\n<div class=\"wp-block-embed__wrapper\">\n<div class=\"youtube-embed\" data-video_id=\"c7iLFNmUnAg\"><iframe loading=\"lazy\" title=\"Alex avea prioritate! Alex a murit..!!! Cine urmeaz\u0103??? \" width=\"696\" height=\"392\" src=\"https:\/\/www.youtube.com\/embed\/c7iLFNmUnAg?feature=oembed&amp;enablejsapi=1\" frameborder allow=\"accelerometer; autoplay; clipboard-write; encrypted-media; gyroscope; picture-in-picture; web-share\" referrerpolicy=\"strict-origin-when-cross-origin\" allowfullscreen><\/iframe><\/div>\n<\/div>\n<\/figure>\n<div class=\"td-a-rec td-a-rec-id-content_bottom  tdi_4 td_block_template_1\"><strong>Intr\u0103 acum \u0219i \u00een grupul de <\/p>\n<div class=\"wp-block-button\"><a class=\"wp-block-button__link wp-element-button\" href=\"https:\/\/t.me\/+TH8wcfnp8fw5NWI0\">Telegram News Bucovina<\/a><\/div>\n<p><\/strong><\/div>\n<\/div>\n<p>[analyse_source url=&#8221;https:\/\/www.newsbucovina.ro\/actualitate\/436897\/consiliul-local-suceava-nevoit-sa-corecteze-actul-constitutiv-al-societatii-administratia-pietelor-suceava-s-a-pentru-inregistrarea-la-registrul-comertului&#8221;]<\/p>\n","protected":false},"excerpt":{"rendered":"<p>[analyse_image type=&#8221;featured&#8221; src=&#8221;https:\/\/www.newsbucovina.ro\/wp-content\/uploads\/2025\/12\/rimbu.pnghttps:\/\/cdn.newsbucovina.ro\/wp-content\/uploads\/2025\/12\/rimbu.png&#8221;] Intr\u0103 acum \u0219i \u00een grupul de Telegram News Bucovina Consiliul Local al Municipiului Suceava va supune spre aprobare, luni, \u00een \u0219edin\u021b\u0103 extraordinar\u0103 un proiect de hot\u0103r\u00e2re privind corectarea \u0219i completarea Actului constitutiv al societ\u0103\u021bii Administra\u021bia Pie\u021belor Suceava S.A., companie \u00eenfiin\u021bat\u0103 prin Hot\u0103r\u00e2rea nr. 84 din 31 martie 2026, cu ac\u021bionar unic Municipiul [&hellip;]<\/p>\n","protected":false},"author":1,"featured_media":0,"comment_status":"open","ping_status":"","sticky":false,"template":"","format":"standard","meta":{"footnotes":""},"categories":[89],"tags":[226,165],"class_list":["post-1901050","post","type-post","status-publish","format-standard","hentry","category-romania","tag-crawlmanager","tag-newsbucovina-ro"],"_links":{"self":[{"href":"https:\/\/analyse.optim.biz\/index.php?rest_route=\/wp\/v2\/posts\/1901050","targetHints":{"allow":["GET"]}}],"collection":[{"href":"https:\/\/analyse.optim.biz\/index.php?rest_route=\/wp\/v2\/posts"}],"about":[{"href":"https:\/\/analyse.optim.biz\/index.php?rest_route=\/wp\/v2\/types\/post"}],"author":[{"embeddable":true,"href":"https:\/\/analyse.optim.biz\/index.php?rest_route=\/wp\/v2\/users\/1"}],"replies":[{"embeddable":true,"href":"https:\/\/analyse.optim.biz\/index.php?rest_route=%2Fwp%2Fv2%2Fcomments&post=1901050"}],"version-history":[{"count":0,"href":"https:\/\/analyse.optim.biz\/index.php?rest_route=\/wp\/v2\/posts\/1901050\/revisions"}],"wp:attachment":[{"href":"https:\/\/analyse.optim.biz\/index.php?rest_route=%2Fwp%2Fv2%2Fmedia&parent=1901050"}],"wp:term":[{"taxonomy":"category","embeddable":true,"href":"https:\/\/analyse.optim.biz\/index.php?rest_route=%2Fwp%2Fv2%2Fcategories&post=1901050"},{"taxonomy":"post_tag","embeddable":true,"href":"https:\/\/analyse.optim.biz\/index.php?rest_route=%2Fwp%2Fv2%2Ftags&post=1901050"}],"curies":[{"name":"wp","href":"https:\/\/api.w.org\/{rel}","templated":true}]}}