{"id":1901049,"date":"2026-04-23T12:31:44","date_gmt":"2026-04-23T09:31:44","guid":{"rendered":"https:\/\/analyse.optim.biz\/?p=1901049"},"modified":"2026-04-23T12:31:44","modified_gmt":"2026-04-23T09:31:44","slug":"coliziune-intre-doua-autoturisme-si-un-biciclist-la-vama-doua-victime-transportate-la-spital","status":"publish","type":"post","link":"https:\/\/analyse.optim.biz\/?p=1901049","title":{"rendered":"Coliziune \u00eentre dou\u0103 autoturisme \u0219i un biciclist la Vama \u2013 dou\u0103 victime transportate la spital"},"content":{"rendered":"<p>[analyse_image type=&#8221;featured&#8221; src=&#8221;https:\/\/www.newsbucovina.ro\/wp-content\/uploads\/2026\/04\/678812756_1564722168986926_8743491880925591798_n.jpghttps:\/\/cdn.newsbucovina.ro\/wp-content\/uploads\/2026\/04\/678812756_1564722168986926_8743491880925591798_n.jpg&#8221;]<\/p>\n<div class=\"td-post-content tagdiv-type\">\n<div class=\"td-a-rec td-a-rec-id-content_top  tdi_3 td_block_template_1\"><strong>Intr\u0103 acum \u0219i \u00een grupul de <\/p>\n<div class=\"wp-block-button\"><a class=\"wp-block-button__link wp-element-button\" href=\"https:\/\/t.me\/+TH8wcfnp8fw5NWI0\">Telegram News Bucovina<\/a><\/div>\n<p><\/strong><\/div>\n<p>Un accident rutier s-a produs joi, 23 aprilie 2026, pe raza localit\u0103\u021bii Vama, \u00een urma impactului dintre dou\u0103 autoturisme \u0219i un biciclist.<\/p>\n<figure class=\"wp-block-image size-large\"><a href=\"https:\/\/cdn.newsbucovina.ro\/wp-content\/uploads\/2026\/04\/WhatsApp-Image-2026-04-23-at-14.32.00-1.jpeg\"><img loading=\"lazy\" decoding=\"async\" width=\"1024\" height=\"576\" src=\"https:\/\/cdn.newsbucovina.ro\/wp-content\/uploads\/2026\/04\/WhatsApp-Image-2026-04-23-at-14.32.00-1-1024x576.jpeg\" alt class=\"wp-image-436861\"><\/a><\/figure>\n<p>\u00cen urma evenimentului, dou\u0103 persoane au fost r\u0103nite \u0219i au necesitat interven\u021bie medical\u0103 de urgen\u021b\u0103.<\/p>\n<p>Potrivit declara\u021biilor purt\u0103torului de cuv\u00e2nt al Serviciului de Ambulan\u021b\u0103 Jude\u021bean Suceava, dr. Dan Teodorovici:<\/p>\n<ul class=\"wp-block-list\">\n<li>Un echipaj SMURD de tip B2 a preluat un b\u0103rbat de <strong>64 de ani<\/strong>, \u0219oferul unuia dintre autoturisme, care prezenta <strong>traumatism toracic<\/strong>. Acesta a fost transportat la Spitalul Municipal C\u00e2mpulung Moldovenesc.<\/li>\n<li>Un echipaj SAJ de tip B2 a preluat un <strong>biciclist politraumatizat<\/strong>, agitat \u0219i confuz, care este transportat spre Spitalul Jude\u021bean de Urgen\u021b\u0103 \u201eSf. Ioan cel Nou\u201d Suceava.<\/li>\n<li>Medicul coordonator a decis mobilizarea unui echipaj de terapie intensiv\u0103 (tip C) de la Suceava, care se va \u00eent\u00e2lni cu ambulan\u021ba SMURD B2 din C\u00e2mpulung Moldovenesc pentru a acorda asisten\u021b\u0103 suplimentar\u0103 \u00een stabilizarea pacientului.<\/li>\n<\/ul>\n<p>La locul accidentului au intervenit pompierii militari din cadrul Sec\u021biei de Pompieri C\u00e2mpulung Moldovenesc, cu o autospecial\u0103 pentru descarcerare \u0219i o ambulan\u021b\u0103 SMURD B2, sprijini\u021bi de dou\u0103 echipaje SAJ.<\/p>\n<p>Traficul rutier a fost afectat \u00een zon\u0103, poli\u021bi\u0219tii rutieri afl\u00e2ndu-se la fa\u021ba locului pentru a efectua cercet\u0103rile \u0219i pentru a stabili cauzele exacte ale accidentului.<\/p>\n<figure class=\"wp-block-embed is-type-video is-provider-youtube wp-block-embed-youtube wp-embed-aspect-16-9 wp-has-aspect-ratio\">\n<div class=\"wp-block-embed__wrapper\">\n<div class=\"youtube-embed\" data-video_id=\"cQP6CLkQ0sQ\"><iframe loading=\"lazy\" title=\"Aripioare la Co\u0219arc\u0103, Bere p\u00e2n\u0103 la refuz - Distrac\u021bie Adev\u0103rat\u0103 Made in Suceava!! O nebunie va fi...\" width=\"696\" height=\"392\" src=\"https:\/\/www.youtube.com\/embed\/cQP6CLkQ0sQ?feature=oembed&amp;enablejsapi=1\" frameborder allow=\"accelerometer; autoplay; clipboard-write; encrypted-media; gyroscope; picture-in-picture; web-share\" referrerpolicy=\"strict-origin-when-cross-origin\" allowfullscreen><\/iframe><\/div>\n<\/div>\n<\/figure>\n<div class=\"td-a-rec td-a-rec-id-content_bottom  tdi_4 td_block_template_1\"><strong>Intr\u0103 acum \u0219i \u00een grupul de <\/p>\n<div class=\"wp-block-button\"><a class=\"wp-block-button__link wp-element-button\" href=\"https:\/\/t.me\/+TH8wcfnp8fw5NWI0\">Telegram News Bucovina<\/a><\/div>\n<p><\/strong><\/div>\n<\/div>\n<div class=\"td-post-content tagdiv-type\">\n<div class=\"td-a-rec td-a-rec-id-content_top  tdi_3 td_block_template_1\"><strong>Intr\u0103 acum \u0219i \u00een grupul de <\/p>\n<div class=\"wp-block-button\"><a class=\"wp-block-button__link wp-element-button\" href=\"https:\/\/t.me\/+TH8wcfnp8fw5NWI0\">Telegram News Bucovina<\/a><\/div>\n<p><\/strong><\/div>\n<p>Un accident rutier s-a produs joi, 23 aprilie 2026, pe raza localit\u0103\u021bii Vama, \u00een urma impactului dintre dou\u0103 autoturisme \u0219i un biciclist.<\/p>\n<figure class=\"wp-block-image size-large\"><a href=\"https:\/\/cdn.newsbucovina.ro\/wp-content\/uploads\/2026\/04\/WhatsApp-Image-2026-04-23-at-14.32.00-1.jpeg\"><img loading=\"lazy\" decoding=\"async\" width=\"1024\" height=\"576\" src=\"https:\/\/cdn.newsbucovina.ro\/wp-content\/uploads\/2026\/04\/WhatsApp-Image-2026-04-23-at-14.32.00-1-1024x576.jpeg\" alt class=\"wp-image-436861\"><\/a><\/figure>\n<p>\u00cen urma evenimentului, dou\u0103 persoane au fost r\u0103nite \u0219i au necesitat interven\u021bie medical\u0103 de urgen\u021b\u0103.<\/p>\n<p>Potrivit declara\u021biilor purt\u0103torului de cuv\u00e2nt al Serviciului de Ambulan\u021b\u0103 Jude\u021bean Suceava, dr. Dan Teodorovici:<\/p>\n<ul class=\"wp-block-list\">\n<li>Un echipaj SMURD de tip B2 a preluat un b\u0103rbat de <strong>64 de ani<\/strong>, \u0219oferul unuia dintre autoturisme, care prezenta <strong>traumatism toracic<\/strong>. Acesta a fost transportat la Spitalul Municipal C\u00e2mpulung Moldovenesc.<\/li>\n<li>Un echipaj SAJ de tip B2 a preluat un <strong>biciclist politraumatizat<\/strong>, agitat \u0219i confuz, care este transportat spre Spitalul Jude\u021bean de Urgen\u021b\u0103 \u201eSf. Ioan cel Nou\u201d Suceava.<\/li>\n<li>Medicul coordonator a decis mobilizarea unui echipaj de terapie intensiv\u0103 (tip C) de la Suceava, care se va \u00eent\u00e2lni cu ambulan\u021ba SMURD B2 din C\u00e2mpulung Moldovenesc pentru a acorda asisten\u021b\u0103 suplimentar\u0103 \u00een stabilizarea pacientului.<\/li>\n<\/ul>\n<p>La locul accidentului au intervenit pompierii militari din cadrul Sec\u021biei de Pompieri C\u00e2mpulung Moldovenesc, cu o autospecial\u0103 pentru descarcerare \u0219i o ambulan\u021b\u0103 SMURD B2, sprijini\u021bi de dou\u0103 echipaje SAJ.<\/p>\n<p>Traficul rutier a fost afectat \u00een zon\u0103, poli\u021bi\u0219tii rutieri afl\u00e2ndu-se la fa\u021ba locului pentru a efectua cercet\u0103rile \u0219i pentru a stabili cauzele exacte ale accidentului.<\/p>\n<figure class=\"wp-block-embed is-type-video is-provider-youtube wp-block-embed-youtube wp-embed-aspect-16-9 wp-has-aspect-ratio\">\n<div class=\"wp-block-embed__wrapper\">\n<div class=\"youtube-embed\" data-video_id=\"cQP6CLkQ0sQ\"><iframe loading=\"lazy\" title=\"Aripioare la Co\u0219arc\u0103, Bere p\u00e2n\u0103 la refuz - Distrac\u021bie Adev\u0103rat\u0103 Made in Suceava!! O nebunie va fi...\" width=\"696\" height=\"392\" src=\"https:\/\/www.youtube.com\/embed\/cQP6CLkQ0sQ?feature=oembed&amp;enablejsapi=1\" frameborder allow=\"accelerometer; autoplay; clipboard-write; encrypted-media; gyroscope; picture-in-picture; web-share\" referrerpolicy=\"strict-origin-when-cross-origin\" allowfullscreen><\/iframe><\/div>\n<\/div>\n<\/figure>\n<div class=\"td-a-rec td-a-rec-id-content_bottom  tdi_4 td_block_template_1\"><strong>Intr\u0103 acum \u0219i \u00een grupul de <\/p>\n<div class=\"wp-block-button\"><a class=\"wp-block-button__link wp-element-button\" href=\"https:\/\/t.me\/+TH8wcfnp8fw5NWI0\">Telegram News Bucovina<\/a><\/div>\n<p><\/strong><\/div>\n<\/div>\n<p>[analyse_source url=&#8221;https:\/\/www.newsbucovina.ro\/actualitate\/436884\/coliziune-intre-doua-autoturisme-si-un-biciclist-la-vama-doua-victime-transportate-la-spital&#8221;]<\/p>\n","protected":false},"excerpt":{"rendered":"<p>[analyse_image type=&#8221;featured&#8221; src=&#8221;https:\/\/www.newsbucovina.ro\/wp-content\/uploads\/2026\/04\/678812756_1564722168986926_8743491880925591798_n.jpghttps:\/\/cdn.newsbucovina.ro\/wp-content\/uploads\/2026\/04\/678812756_1564722168986926_8743491880925591798_n.jpg&#8221;] Intr\u0103 acum \u0219i \u00een grupul de Telegram News Bucovina Un accident rutier s-a produs joi, 23 aprilie 2026, pe raza localit\u0103\u021bii Vama, \u00een urma impactului dintre dou\u0103 autoturisme \u0219i un biciclist. \u00cen urma evenimentului, dou\u0103 persoane au fost r\u0103nite \u0219i au necesitat interven\u021bie medical\u0103 de urgen\u021b\u0103. Potrivit declara\u021biilor purt\u0103torului de cuv\u00e2nt al [&hellip;]<\/p>\n","protected":false},"author":1,"featured_media":0,"comment_status":"open","ping_status":"","sticky":false,"template":"","format":"standard","meta":{"footnotes":""},"categories":[89],"tags":[226,165],"class_list":["post-1901049","post","type-post","status-publish","format-standard","hentry","category-romania","tag-crawlmanager","tag-newsbucovina-ro"],"_links":{"self":[{"href":"https:\/\/analyse.optim.biz\/index.php?rest_route=\/wp\/v2\/posts\/1901049","targetHints":{"allow":["GET"]}}],"collection":[{"href":"https:\/\/analyse.optim.biz\/index.php?rest_route=\/wp\/v2\/posts"}],"about":[{"href":"https:\/\/analyse.optim.biz\/index.php?rest_route=\/wp\/v2\/types\/post"}],"author":[{"embeddable":true,"href":"https:\/\/analyse.optim.biz\/index.php?rest_route=\/wp\/v2\/users\/1"}],"replies":[{"embeddable":true,"href":"https:\/\/analyse.optim.biz\/index.php?rest_route=%2Fwp%2Fv2%2Fcomments&post=1901049"}],"version-history":[{"count":0,"href":"https:\/\/analyse.optim.biz\/index.php?rest_route=\/wp\/v2\/posts\/1901049\/revisions"}],"wp:attachment":[{"href":"https:\/\/analyse.optim.biz\/index.php?rest_route=%2Fwp%2Fv2%2Fmedia&parent=1901049"}],"wp:term":[{"taxonomy":"category","embeddable":true,"href":"https:\/\/analyse.optim.biz\/index.php?rest_route=%2Fwp%2Fv2%2Fcategories&post=1901049"},{"taxonomy":"post_tag","embeddable":true,"href":"https:\/\/analyse.optim.biz\/index.php?rest_route=%2Fwp%2Fv2%2Ftags&post=1901049"}],"curies":[{"name":"wp","href":"https:\/\/api.w.org\/{rel}","templated":true}]}}