{"id":1901046,"date":"2026-04-23T12:02:03","date_gmt":"2026-04-23T09:02:03","guid":{"rendered":"https:\/\/analyse.optim.biz\/?p=1901046"},"modified":"2026-04-23T12:02:03","modified_gmt":"2026-04-23T09:02:03","slug":"accident-rutier-la-vama-in-care-au-fost-implicate-doua-autoturisme-si-un-biciclist","status":"publish","type":"post","link":"https:\/\/analyse.optim.biz\/?p=1901046","title":{"rendered":"Accident rutier la Vama \u00een care au fost implicate dou\u0103 autoturisme \u0219i un biciclist"},"content":{"rendered":"<p>[analyse_image type=&#8221;featured&#8221; src=&#8221;https:\/\/www.newsbucovina.ro\/wp-content\/uploads\/2026\/04\/WhatsApp-Image-2026-04-23-at-15.05.17-1.jpeghttps:\/\/cdn.newsbucovina.ro\/wp-content\/uploads\/2026\/04\/WhatsApp-Image-2026-04-23-at-15.05.17-1.jpeg&#8221;]<\/p>\n<div class=\"td-post-content tagdiv-type\">\n<div class=\"td-a-rec td-a-rec-id-content_top  tdi_3 td_block_template_1\"><strong>Intr\u0103 acum \u0219i \u00een grupul de <\/p>\n<div class=\"wp-block-button\"><a class=\"wp-block-button__link wp-element-button\" href=\"https:\/\/t.me\/+TH8wcfnp8fw5NWI0\">Telegram News Bucovina<\/a><\/div>\n<p><\/strong><\/div>\n<p>Un accident rutier s-a produs joi, 23 aprilie 2026, pe raza localit\u0103\u021bii Vama, \u00een urma unei coliziuni \u00eentre dou\u0103 autoturisme \u0219i un biciclist.<\/p>\n<div class=\"wp-block-image\">\n<figure class=\"aligncenter size-large\"><a href=\"https:\/\/cdn.newsbucovina.ro\/wp-content\/uploads\/2026\/04\/WhatsApp-Image-2026-04-23-at-14.32.00.jpeg\"><img loading=\"lazy\" decoding=\"async\" width=\"576\" height=\"1024\" src=\"https:\/\/cdn.newsbucovina.ro\/wp-content\/uploads\/2026\/04\/WhatsApp-Image-2026-04-23-at-14.32.00-576x1024.jpeg\" alt class=\"wp-image-436860\"><\/a><\/figure>\n<\/div>\n<p>Potrivit slt. Radu Gabriel din cadrul ISU Suceava, \u00een urma impactului, dou\u0103 persoane au fost r\u0103nite \u0219i sunt monitorizate la fa\u021ba locului de c\u0103tre echipajele medicale \u0219i paramedicale.<\/p>\n<p>Ambele victime monitorizate vor fi transportate la spital.<\/p>\n<figure class=\"wp-block-image size-large\"><a href=\"https:\/\/cdn.newsbucovina.ro\/wp-content\/uploads\/2026\/04\/WhatsApp-Image-2026-04-23-at-15.05.17.jpeg\"><img loading=\"lazy\" decoding=\"async\" width=\"719\" height=\"1024\" src=\"https:\/\/cdn.newsbucovina.ro\/wp-content\/uploads\/2026\/04\/WhatsApp-Image-2026-04-23-at-15.05.17-719x1024.jpeg\" alt class=\"wp-image-436865\"><\/a><\/figure>\n<p>La locul evenimentului au intervenit pompierii militari din cadrul Sec\u021biei de Pompieri C\u00e2mpulung Moldovenesc, cu o autospecial\u0103 pentru descarcerare \u0219i o ambulan\u021b\u0103 SMURD tip B2. Interven\u021bia se desf\u0103\u0219oar\u0103 cu sprijinul a dou\u0103 echipaje SAJ.<\/p>\n<p>\u00cen acest caz a fost implicat un al treilea autoturism, acesta era parcat.<\/p>\n<p>Poli\u021bi\u0219tii rutieri fac cercet\u0103rile necesare stabilirii cauzelor \u0219i \u00eemprejur\u0103rilor producerii accidentului.<\/p>\n<figure class=\"wp-block-embed is-type-video is-provider-youtube wp-block-embed-youtube wp-embed-aspect-16-9 wp-has-aspect-ratio\">\n<div class=\"wp-block-embed__wrapper\">\n<div class=\"youtube-embed\" data-video_id=\"cQP6CLkQ0sQ\"><iframe loading=\"lazy\" title=\"Aripioare la Co\u0219arc\u0103, Bere p\u00e2n\u0103 la refuz - Distrac\u021bie Adev\u0103rat\u0103 Made in Suceava!! O nebunie va fi...\" width=\"696\" height=\"392\" src=\"https:\/\/www.youtube.com\/embed\/cQP6CLkQ0sQ?feature=oembed&amp;enablejsapi=1\" frameborder allow=\"accelerometer; autoplay; clipboard-write; encrypted-media; gyroscope; picture-in-picture; web-share\" referrerpolicy=\"strict-origin-when-cross-origin\" allowfullscreen><\/iframe><\/div>\n<\/div>\n<\/figure>\n<div class=\"td-a-rec td-a-rec-id-content_bottom  tdi_4 td_block_template_1\"><strong>Intr\u0103 acum \u0219i \u00een grupul de <\/p>\n<div class=\"wp-block-button\"><a class=\"wp-block-button__link wp-element-button\" href=\"https:\/\/t.me\/+TH8wcfnp8fw5NWI0\">Telegram News Bucovina<\/a><\/div>\n<p><\/strong><\/div>\n<\/div>\n<div class=\"td-post-content tagdiv-type\">\n<div class=\"td-a-rec td-a-rec-id-content_top  tdi_3 td_block_template_1\"><strong>Intr\u0103 acum \u0219i \u00een grupul de <\/p>\n<div class=\"wp-block-button\"><a class=\"wp-block-button__link wp-element-button\" href=\"https:\/\/t.me\/+TH8wcfnp8fw5NWI0\">Telegram News Bucovina<\/a><\/div>\n<p><\/strong><\/div>\n<p>Un accident rutier s-a produs joi, 23 aprilie 2026, pe raza localit\u0103\u021bii Vama, \u00een urma unei coliziuni \u00eentre dou\u0103 autoturisme \u0219i un biciclist.<\/p>\n<div class=\"wp-block-image\">\n<figure class=\"aligncenter size-large\"><a href=\"https:\/\/cdn.newsbucovina.ro\/wp-content\/uploads\/2026\/04\/WhatsApp-Image-2026-04-23-at-14.32.00.jpeg\"><img loading=\"lazy\" decoding=\"async\" width=\"576\" height=\"1024\" src=\"https:\/\/cdn.newsbucovina.ro\/wp-content\/uploads\/2026\/04\/WhatsApp-Image-2026-04-23-at-14.32.00-576x1024.jpeg\" alt class=\"wp-image-436860\"><\/a><\/figure>\n<\/div>\n<p>Potrivit slt. Radu Gabriel din cadrul ISU Suceava, \u00een urma impactului, dou\u0103 persoane au fost r\u0103nite \u0219i sunt monitorizate la fa\u021ba locului de c\u0103tre echipajele medicale \u0219i paramedicale.<\/p>\n<p>Ambele victime monitorizate vor fi transportate la spital.<\/p>\n<figure class=\"wp-block-image size-large\"><a href=\"https:\/\/cdn.newsbucovina.ro\/wp-content\/uploads\/2026\/04\/WhatsApp-Image-2026-04-23-at-15.05.17.jpeg\"><img loading=\"lazy\" decoding=\"async\" width=\"719\" height=\"1024\" src=\"https:\/\/cdn.newsbucovina.ro\/wp-content\/uploads\/2026\/04\/WhatsApp-Image-2026-04-23-at-15.05.17-719x1024.jpeg\" alt class=\"wp-image-436865\"><\/a><\/figure>\n<p>La locul evenimentului au intervenit pompierii militari din cadrul Sec\u021biei de Pompieri C\u00e2mpulung Moldovenesc, cu o autospecial\u0103 pentru descarcerare \u0219i o ambulan\u021b\u0103 SMURD tip B2. Interven\u021bia se desf\u0103\u0219oar\u0103 cu sprijinul a dou\u0103 echipaje SAJ.<\/p>\n<p>\u00cen acest caz a fost implicat un al treilea autoturism, acesta era parcat.<\/p>\n<p>Poli\u021bi\u0219tii rutieri fac cercet\u0103rile necesare stabilirii cauzelor \u0219i \u00eemprejur\u0103rilor producerii accidentului.<\/p>\n<figure class=\"wp-block-embed is-type-video is-provider-youtube wp-block-embed-youtube wp-embed-aspect-16-9 wp-has-aspect-ratio\">\n<div class=\"wp-block-embed__wrapper\">\n<div class=\"youtube-embed\" data-video_id=\"cQP6CLkQ0sQ\"><iframe loading=\"lazy\" title=\"Aripioare la Co\u0219arc\u0103, Bere p\u00e2n\u0103 la refuz - Distrac\u021bie Adev\u0103rat\u0103 Made in Suceava!! O nebunie va fi...\" width=\"696\" height=\"392\" src=\"https:\/\/www.youtube.com\/embed\/cQP6CLkQ0sQ?feature=oembed&amp;enablejsapi=1\" frameborder allow=\"accelerometer; autoplay; clipboard-write; encrypted-media; gyroscope; picture-in-picture; web-share\" referrerpolicy=\"strict-origin-when-cross-origin\" allowfullscreen><\/iframe><\/div>\n<\/div>\n<\/figure>\n<div class=\"td-a-rec td-a-rec-id-content_bottom  tdi_4 td_block_template_1\"><strong>Intr\u0103 acum \u0219i \u00een grupul de <\/p>\n<div class=\"wp-block-button\"><a class=\"wp-block-button__link wp-element-button\" href=\"https:\/\/t.me\/+TH8wcfnp8fw5NWI0\">Telegram News Bucovina<\/a><\/div>\n<p><\/strong><\/div>\n<\/div>\n<p>[analyse_source url=&#8221;https:\/\/www.newsbucovina.ro\/actualitate\/436859\/accident-rutier-la-vama-in-care-au-fost-implicate-doua-autoturisme-si-un-biciclist&#8221;]<\/p>\n","protected":false},"excerpt":{"rendered":"<p>[analyse_image type=&#8221;featured&#8221; src=&#8221;https:\/\/www.newsbucovina.ro\/wp-content\/uploads\/2026\/04\/WhatsApp-Image-2026-04-23-at-15.05.17-1.jpeghttps:\/\/cdn.newsbucovina.ro\/wp-content\/uploads\/2026\/04\/WhatsApp-Image-2026-04-23-at-15.05.17-1.jpeg&#8221;] Intr\u0103 acum \u0219i \u00een grupul de Telegram News Bucovina Un accident rutier s-a produs joi, 23 aprilie 2026, pe raza localit\u0103\u021bii Vama, \u00een urma unei coliziuni \u00eentre dou\u0103 autoturisme \u0219i un biciclist. Potrivit slt. Radu Gabriel din cadrul ISU Suceava, \u00een urma impactului, dou\u0103 persoane au fost r\u0103nite \u0219i sunt monitorizate la [&hellip;]<\/p>\n","protected":false},"author":1,"featured_media":0,"comment_status":"open","ping_status":"","sticky":false,"template":"","format":"standard","meta":{"footnotes":""},"categories":[89],"tags":[226,165],"class_list":["post-1901046","post","type-post","status-publish","format-standard","hentry","category-romania","tag-crawlmanager","tag-newsbucovina-ro"],"_links":{"self":[{"href":"https:\/\/analyse.optim.biz\/index.php?rest_route=\/wp\/v2\/posts\/1901046","targetHints":{"allow":["GET"]}}],"collection":[{"href":"https:\/\/analyse.optim.biz\/index.php?rest_route=\/wp\/v2\/posts"}],"about":[{"href":"https:\/\/analyse.optim.biz\/index.php?rest_route=\/wp\/v2\/types\/post"}],"author":[{"embeddable":true,"href":"https:\/\/analyse.optim.biz\/index.php?rest_route=\/wp\/v2\/users\/1"}],"replies":[{"embeddable":true,"href":"https:\/\/analyse.optim.biz\/index.php?rest_route=%2Fwp%2Fv2%2Fcomments&post=1901046"}],"version-history":[{"count":0,"href":"https:\/\/analyse.optim.biz\/index.php?rest_route=\/wp\/v2\/posts\/1901046\/revisions"}],"wp:attachment":[{"href":"https:\/\/analyse.optim.biz\/index.php?rest_route=%2Fwp%2Fv2%2Fmedia&parent=1901046"}],"wp:term":[{"taxonomy":"category","embeddable":true,"href":"https:\/\/analyse.optim.biz\/index.php?rest_route=%2Fwp%2Fv2%2Fcategories&post=1901046"},{"taxonomy":"post_tag","embeddable":true,"href":"https:\/\/analyse.optim.biz\/index.php?rest_route=%2Fwp%2Fv2%2Ftags&post=1901046"}],"curies":[{"name":"wp","href":"https:\/\/api.w.org\/{rel}","templated":true}]}}