{"id":1901045,"date":"2026-04-23T11:25:20","date_gmt":"2026-04-23T08:25:20","guid":{"rendered":"https:\/\/analyse.optim.biz\/?p=1901045"},"modified":"2026-04-23T11:25:20","modified_gmt":"2026-04-23T08:25:20","slug":"accident-rutier-intre-un-autoturism-si-un-autotren-la-cumparatura-trei-persoane-implicate","status":"publish","type":"post","link":"https:\/\/analyse.optim.biz\/?p=1901045","title":{"rendered":"Accident rutier \u00eentre un autoturism \u0219i un autotren la Cump\u0103r\u0103tura: trei persoane implicate"},"content":{"rendered":"<p>[analyse_image type=&#8221;featured&#8221; src=&#8221;https:\/\/www.newsbucovina.ro\/wp-content\/uploads\/2026\/04\/WhatsApp-Image-2026-04-23-at-14.22.02-1.jpeghttps:\/\/cdn.newsbucovina.ro\/wp-content\/uploads\/2026\/04\/WhatsApp-Image-2026-04-23-at-14.22.02-1.jpeg&#8221;]<\/p>\n<div class=\"td-post-content tagdiv-type\">\n<div class=\"td-a-rec td-a-rec-id-content_top  tdi_3 td_block_template_1\"><strong>Intr\u0103 acum \u0219i \u00een grupul de <\/p>\n<div class=\"wp-block-button\"><a class=\"wp-block-button__link wp-element-button\" href=\"https:\/\/t.me\/+TH8wcfnp8fw5NWI0\">Telegram News Bucovina<\/a><\/div>\n<p><\/strong><\/div>\n<p>Un accident rutier s-a produs joi, 23 aprilie 2026, \u00een jurul orei 14:00, pe raza localit\u0103\u021bii Cump\u0103r\u0103tura, \u00een urma coliziunii dintre un autoturism \u0219i un autotren.<\/p>\n<figure class=\"wp-block-image size-large\"><a href=\"https:\/\/cdn.newsbucovina.ro\/wp-content\/uploads\/2026\/04\/WhatsApp-Image-2026-04-23-at-14.22.02.jpeg\"><img loading=\"lazy\" decoding=\"async\" width=\"1024\" height=\"522\" src=\"https:\/\/cdn.newsbucovina.ro\/wp-content\/uploads\/2026\/04\/WhatsApp-Image-2026-04-23-at-14.22.02-1024x522.jpeg\" alt class=\"wp-image-436848\"><\/a><\/figure>\n<p>\u00cen urma impactului, trei persoane au fost implicate, dintre care dou\u0103 au necesitat \u00eengrijiri medicale.<\/p>\n<p>Potrivit slt. Radu Gabriel din cadrul ISU Suceava, victimele sunt con\u0219tiente \u0219i cooperante \u0219i sunt monitorizate la fa\u021ba locului de c\u0103tre echipajele medicale.<\/p>\n<p>Una dintre victime a fost preluat\u0103 \u0219i transportat\u0103 la spital pentru investiga\u021bii suplimentare \u0219i tratament de specialitate.<\/p>\n<figure class=\"wp-block-gallery has-nested-images columns-default is-cropped wp-block-gallery-1 is-layout-flex wp-block-gallery-is-layout-flex\">\n<figure class=\"wp-block-image size-large\"><a href=\"https:\/\/cdn.newsbucovina.ro\/wp-content\/uploads\/2026\/04\/WhatsApp-Image-2026-04-23-at-14.22.022.jpeg\"><img loading=\"lazy\" decoding=\"async\" width=\"810\" height=\"1024\" data-id=\"436850\" src=\"https:\/\/cdn.newsbucovina.ro\/wp-content\/uploads\/2026\/04\/WhatsApp-Image-2026-04-23-at-14.22.022-810x1024.jpeg\" alt class=\"wp-image-436850\"><\/a><\/figure>\n<figure class=\"wp-block-image size-large\"><a href=\"https:\/\/cdn.newsbucovina.ro\/wp-content\/uploads\/2026\/04\/WhatsApp-Image-2026-04-23-at-14.22.023.jpeg\"><img loading=\"lazy\" decoding=\"async\" width=\"768\" height=\"1024\" data-id=\"436849\" src=\"https:\/\/cdn.newsbucovina.ro\/wp-content\/uploads\/2026\/04\/WhatsApp-Image-2026-04-23-at-14.22.023-768x1024.jpeg\" alt class=\"wp-image-436849\"><\/a><\/figure>\n<\/figure>\n<p>La locul evenimentului au intervenit pompierii militari din cadrul Deta\u0219amentului Suceava, cu o autospecial\u0103 pentru descarcerare \u0219i o autospecial\u0103 de stingere cu ap\u0103 \u0219i spum\u0103. Interven\u021bia se desf\u0103\u0219oar\u0103 cu sprijinul a dou\u0103 echipaje SAJ.<\/p>\n<p>\u00cen evenimentul rutier a fost implicat \u0219i un al doilea autoturism care a suferit doar pagube materiale, f\u0103r\u0103 victime.<\/p>\n<p>Traficul rutier a fost blocat temporar \u00een zon\u0103.<\/p>\n<p>Cauzele accidentului urmeaz\u0103 s\u0103 fie stabilite de poli\u021bi\u0219tii rutieri care efectueaz\u0103 cercet\u0103ri la fa\u021ba locului.<\/p>\n<figure class=\"wp-block-embed is-type-video is-provider-youtube wp-block-embed-youtube wp-embed-aspect-16-9 wp-has-aspect-ratio\">\n<div class=\"wp-block-embed__wrapper\">\n<div class=\"youtube-embed\" data-video_id=\"cQP6CLkQ0sQ\"><iframe loading=\"lazy\" title=\"Aripioare la Co\u0219arc\u0103, Bere p\u00e2n\u0103 la refuz - Distrac\u021bie Adev\u0103rat\u0103 Made in Suceava!! O nebunie va fi...\" width=\"696\" height=\"392\" src=\"https:\/\/www.youtube.com\/embed\/cQP6CLkQ0sQ?feature=oembed&amp;enablejsapi=1\" frameborder allow=\"accelerometer; autoplay; clipboard-write; encrypted-media; gyroscope; picture-in-picture; web-share\" referrerpolicy=\"strict-origin-when-cross-origin\" allowfullscreen><\/iframe><\/div>\n<\/div>\n<\/figure>\n<div class=\"td-a-rec td-a-rec-id-content_bottom  tdi_4 td_block_template_1\"><strong>Intr\u0103 acum \u0219i \u00een grupul de <\/p>\n<div class=\"wp-block-button\"><a class=\"wp-block-button__link wp-element-button\" href=\"https:\/\/t.me\/+TH8wcfnp8fw5NWI0\">Telegram News Bucovina<\/a><\/div>\n<p><\/strong><\/div>\n<\/div>\n<div class=\"td-post-content tagdiv-type\">\n<div class=\"td-a-rec td-a-rec-id-content_top  tdi_3 td_block_template_1\"><strong>Intr\u0103 acum \u0219i \u00een grupul de <\/p>\n<div class=\"wp-block-button\"><a class=\"wp-block-button__link wp-element-button\" href=\"https:\/\/t.me\/+TH8wcfnp8fw5NWI0\">Telegram News Bucovina<\/a><\/div>\n<p><\/strong><\/div>\n<p>Un accident rutier s-a produs joi, 23 aprilie 2026, \u00een jurul orei 14:00, pe raza localit\u0103\u021bii Cump\u0103r\u0103tura, \u00een urma coliziunii dintre un autoturism \u0219i un autotren.<\/p>\n<figure class=\"wp-block-image size-large\"><a href=\"https:\/\/cdn.newsbucovina.ro\/wp-content\/uploads\/2026\/04\/WhatsApp-Image-2026-04-23-at-14.22.02.jpeg\"><img loading=\"lazy\" decoding=\"async\" width=\"1024\" height=\"522\" src=\"https:\/\/cdn.newsbucovina.ro\/wp-content\/uploads\/2026\/04\/WhatsApp-Image-2026-04-23-at-14.22.02-1024x522.jpeg\" alt class=\"wp-image-436848\"><\/a><\/figure>\n<p>\u00cen urma impactului, trei persoane au fost implicate, dintre care dou\u0103 au necesitat \u00eengrijiri medicale.<\/p>\n<p>Potrivit slt. Radu Gabriel din cadrul ISU Suceava, victimele sunt con\u0219tiente \u0219i cooperante \u0219i sunt monitorizate la fa\u021ba locului de c\u0103tre echipajele medicale.<\/p>\n<p>Una dintre victime a fost preluat\u0103 \u0219i transportat\u0103 la spital pentru investiga\u021bii suplimentare \u0219i tratament de specialitate.<\/p>\n<figure class=\"wp-block-gallery has-nested-images columns-default is-cropped wp-block-gallery-1 is-layout-flex wp-block-gallery-is-layout-flex\">\n<figure class=\"wp-block-image size-large\"><a href=\"https:\/\/cdn.newsbucovina.ro\/wp-content\/uploads\/2026\/04\/WhatsApp-Image-2026-04-23-at-14.22.022.jpeg\"><img loading=\"lazy\" decoding=\"async\" width=\"810\" height=\"1024\" data-id=\"436850\" src=\"https:\/\/cdn.newsbucovina.ro\/wp-content\/uploads\/2026\/04\/WhatsApp-Image-2026-04-23-at-14.22.022-810x1024.jpeg\" alt class=\"wp-image-436850\"><\/a><\/figure>\n<figure class=\"wp-block-image size-large\"><a href=\"https:\/\/cdn.newsbucovina.ro\/wp-content\/uploads\/2026\/04\/WhatsApp-Image-2026-04-23-at-14.22.023.jpeg\"><img loading=\"lazy\" decoding=\"async\" width=\"768\" height=\"1024\" data-id=\"436849\" src=\"https:\/\/cdn.newsbucovina.ro\/wp-content\/uploads\/2026\/04\/WhatsApp-Image-2026-04-23-at-14.22.023-768x1024.jpeg\" alt class=\"wp-image-436849\"><\/a><\/figure>\n<\/figure>\n<p>La locul evenimentului au intervenit pompierii militari din cadrul Deta\u0219amentului Suceava, cu o autospecial\u0103 pentru descarcerare \u0219i o autospecial\u0103 de stingere cu ap\u0103 \u0219i spum\u0103. Interven\u021bia se desf\u0103\u0219oar\u0103 cu sprijinul a dou\u0103 echipaje SAJ.<\/p>\n<p>\u00cen evenimentul rutier a fost implicat \u0219i un al doilea autoturism care a suferit doar pagube materiale, f\u0103r\u0103 victime.<\/p>\n<p>Traficul rutier a fost blocat temporar \u00een zon\u0103.<\/p>\n<p>Cauzele accidentului urmeaz\u0103 s\u0103 fie stabilite de poli\u021bi\u0219tii rutieri care efectueaz\u0103 cercet\u0103ri la fa\u021ba locului.<\/p>\n<figure class=\"wp-block-embed is-type-video is-provider-youtube wp-block-embed-youtube wp-embed-aspect-16-9 wp-has-aspect-ratio\">\n<div class=\"wp-block-embed__wrapper\">\n<div class=\"youtube-embed\" data-video_id=\"cQP6CLkQ0sQ\"><iframe loading=\"lazy\" title=\"Aripioare la Co\u0219arc\u0103, Bere p\u00e2n\u0103 la refuz - Distrac\u021bie Adev\u0103rat\u0103 Made in Suceava!! O nebunie va fi...\" width=\"696\" height=\"392\" src=\"https:\/\/www.youtube.com\/embed\/cQP6CLkQ0sQ?feature=oembed&amp;enablejsapi=1\" frameborder allow=\"accelerometer; autoplay; clipboard-write; encrypted-media; gyroscope; picture-in-picture; web-share\" referrerpolicy=\"strict-origin-when-cross-origin\" allowfullscreen><\/iframe><\/div>\n<\/div>\n<\/figure>\n<div class=\"td-a-rec td-a-rec-id-content_bottom  tdi_4 td_block_template_1\"><strong>Intr\u0103 acum \u0219i \u00een grupul de <\/p>\n<div class=\"wp-block-button\"><a class=\"wp-block-button__link wp-element-button\" href=\"https:\/\/t.me\/+TH8wcfnp8fw5NWI0\">Telegram News Bucovina<\/a><\/div>\n<p><\/strong><\/div>\n<\/div>\n<p>[analyse_source url=&#8221;https:\/\/www.newsbucovina.ro\/actualitate\/436847\/accident-rutier-intre-un-autoturism-si-un-autotren-la-cumparatura-trei-persoane-implicate&#8221;]<\/p>\n","protected":false},"excerpt":{"rendered":"<p>[analyse_image type=&#8221;featured&#8221; src=&#8221;https:\/\/www.newsbucovina.ro\/wp-content\/uploads\/2026\/04\/WhatsApp-Image-2026-04-23-at-14.22.02-1.jpeghttps:\/\/cdn.newsbucovina.ro\/wp-content\/uploads\/2026\/04\/WhatsApp-Image-2026-04-23-at-14.22.02-1.jpeg&#8221;] Intr\u0103 acum \u0219i \u00een grupul de Telegram News Bucovina Un accident rutier s-a produs joi, 23 aprilie 2026, \u00een jurul orei 14:00, pe raza localit\u0103\u021bii Cump\u0103r\u0103tura, \u00een urma coliziunii dintre un autoturism \u0219i un autotren. \u00cen urma impactului, trei persoane au fost implicate, dintre care dou\u0103 au necesitat \u00eengrijiri medicale. Potrivit slt. [&hellip;]<\/p>\n","protected":false},"author":1,"featured_media":0,"comment_status":"open","ping_status":"","sticky":false,"template":"","format":"standard","meta":{"footnotes":""},"categories":[89],"tags":[226,165],"class_list":["post-1901045","post","type-post","status-publish","format-standard","hentry","category-romania","tag-crawlmanager","tag-newsbucovina-ro"],"_links":{"self":[{"href":"https:\/\/analyse.optim.biz\/index.php?rest_route=\/wp\/v2\/posts\/1901045","targetHints":{"allow":["GET"]}}],"collection":[{"href":"https:\/\/analyse.optim.biz\/index.php?rest_route=\/wp\/v2\/posts"}],"about":[{"href":"https:\/\/analyse.optim.biz\/index.php?rest_route=\/wp\/v2\/types\/post"}],"author":[{"embeddable":true,"href":"https:\/\/analyse.optim.biz\/index.php?rest_route=\/wp\/v2\/users\/1"}],"replies":[{"embeddable":true,"href":"https:\/\/analyse.optim.biz\/index.php?rest_route=%2Fwp%2Fv2%2Fcomments&post=1901045"}],"version-history":[{"count":0,"href":"https:\/\/analyse.optim.biz\/index.php?rest_route=\/wp\/v2\/posts\/1901045\/revisions"}],"wp:attachment":[{"href":"https:\/\/analyse.optim.biz\/index.php?rest_route=%2Fwp%2Fv2%2Fmedia&parent=1901045"}],"wp:term":[{"taxonomy":"category","embeddable":true,"href":"https:\/\/analyse.optim.biz\/index.php?rest_route=%2Fwp%2Fv2%2Fcategories&post=1901045"},{"taxonomy":"post_tag","embeddable":true,"href":"https:\/\/analyse.optim.biz\/index.php?rest_route=%2Fwp%2Fv2%2Ftags&post=1901045"}],"curies":[{"name":"wp","href":"https:\/\/api.w.org\/{rel}","templated":true}]}}