{"id":1901044,"date":"2026-04-23T09:51:04","date_gmt":"2026-04-23T06:51:04","guid":{"rendered":"https:\/\/analyse.optim.biz\/?p=1901044"},"modified":"2026-04-23T09:51:04","modified_gmt":"2026-04-23T06:51:04","slug":"elevii-suceveni-s-au-intors-cu-un-premiu-iii-si-o-mentiune-de-la-olimpiada-nationala-de-pregatire-sportiva-teoretica","status":"publish","type":"post","link":"https:\/\/analyse.optim.biz\/?p=1901044","title":{"rendered":"Elevii suceveni s-au \u00eentors cu un premiu III \u0219i o men\u021biune de la Olimpiada na\u021bional\u0103 de preg\u0103tire sportiv\u0103 teoretic\u0103"},"content":{"rendered":"<p>[analyse_image type=&#8221;featured&#8221; src=&#8221;https:\/\/www.newsbucovina.ro\/wp-content\/uploads\/2026\/04\/WhatsApp-Image-2026-04-23-at-07.02.53.jpeghttps:\/\/cdn.newsbucovina.ro\/wp-content\/uploads\/2026\/04\/WhatsApp-Image-2026-04-23-at-07.02.53.jpeg&#8221;]<\/p>\n<div class=\"td-post-content tagdiv-type\">\n<div class=\"td-a-rec td-a-rec-id-content_top  tdi_3 td_block_template_1\"><strong>Intr\u0103 acum \u0219i \u00een grupul de <\/p>\n<div class=\"wp-block-button\"><a class=\"wp-block-button__link wp-element-button\" href=\"https:\/\/t.me\/+TH8wcfnp8fw5NWI0\">Telegram News Bucovina<\/a><\/div>\n<p><\/strong><\/div>\n<p>Elevii Liceului cu Program Sportiv Suceava au ob\u021binut rezultate foarte bune la Olimpiada na\u021bional\u0103 de preg\u0103tire sportiv\u0103 teoretic\u0103, desf\u0103\u0219urat\u0103 \u00een perioada 15-18 aprilie 2026 la Colegiul Na\u021bional \u201eNicolae Iorga\u201d din Br\u0103ila.<\/p>\n<figure class=\"wp-block-image size-large\"><a href=\"https:\/\/cdn.newsbucovina.ro\/wp-content\/uploads\/2026\/04\/WhatsApp-Image-2026-04-23-at-07.02.53.jpeg\"><img loading=\"lazy\" decoding=\"async\" width=\"1024\" height=\"576\" src=\"https:\/\/cdn.newsbucovina.ro\/wp-content\/uploads\/2026\/04\/WhatsApp-Image-2026-04-23-at-07.02.53-1024x576.jpeg\" alt class=\"wp-image-436839\"><\/a><\/figure>\n<p>Competi\u021bia, organizat\u0103 de Ministerul Educa\u021biei \u0219i Cercet\u0103rii, este destinat\u0103 elevilor de liceu cu program sportiv \u0219i evalueaz\u0103 cuno\u0219tin\u021bele teoretice aprofundate \u00een domenii precum anatomie, fiziologie, metodica antrenamentului \u0219i regulamentele specifice fiec\u0103rui sport.<\/p>\n<p>Reprezentan\u021bii jude\u021bului Suceava s-au \u00eentors acas\u0103 cu un premiu III \u0219i o men\u021biune, dup\u0103 cum urmeaz\u0103:<\/p>\n<ul class=\"wp-block-list\">\n<li><strong>Premiul III<\/strong> \u2013 Palamariu C\u0103lin Ioan, clasa a XI-a, Liceul cu Program Sportiv Suceava<\/li>\n<li><strong>Men\u021biune<\/strong> \u2013 Ghivnici Matei Rare\u0219, clasa a X-a, Liceul cu Program Sportiv Suceava<\/li>\n<\/ul>\n<p>Cei doi elevi au fost preg\u0103ti\u021bi \u0219i coordona\u021bi de prof. Berlinschi Maria de la Liceul cu Program Sportiv Suceava. Lotul jude\u021bean a fost coordonat de inspectorul \u0219colar pentru educa\u021bie fizic\u0103 \u0219i sport, prof. Marius Gheorghe Col\u021buneac.<\/p>\n<p>Rezultatele ob\u021binute la Br\u0103ila confirm\u0103 nivelul ridicat al preg\u0103tirii teoretice a elevilor de la Liceul cu Program Sportiv Suceava \u0219i efortul sus\u021binut al cadrelor didactice implicate \u00een formarea lor at\u00e2t pe plan sportiv, c\u00e2t \u0219i academic.<\/p>\n<figure class=\"wp-block-embed is-type-video is-provider-youtube wp-block-embed-youtube wp-embed-aspect-16-9 wp-has-aspect-ratio\">\n<div class=\"wp-block-embed__wrapper\">\n<div class=\"youtube-embed\" data-video_id=\"cQP6CLkQ0sQ\"><iframe loading=\"lazy\" title=\"Aripioare la Co\u0219arc\u0103, Bere p\u00e2n\u0103 la refuz - Distrac\u021bie Adev\u0103rat\u0103 Made in Suceava!! O nebunie va fi...\" width=\"696\" height=\"392\" src=\"https:\/\/www.youtube.com\/embed\/cQP6CLkQ0sQ?feature=oembed&amp;enablejsapi=1\" frameborder allow=\"accelerometer; autoplay; clipboard-write; encrypted-media; gyroscope; picture-in-picture; web-share\" referrerpolicy=\"strict-origin-when-cross-origin\" allowfullscreen><\/iframe><\/div>\n<\/div>\n<\/figure>\n<div class=\"td-a-rec td-a-rec-id-content_bottom  tdi_4 td_block_template_1\"><strong>Intr\u0103 acum \u0219i \u00een grupul de <\/p>\n<div class=\"wp-block-button\"><a class=\"wp-block-button__link wp-element-button\" href=\"https:\/\/t.me\/+TH8wcfnp8fw5NWI0\">Telegram News Bucovina<\/a><\/div>\n<p><\/strong><\/div>\n<\/div>\n<div class=\"td-post-content tagdiv-type\">\n<div class=\"td-a-rec td-a-rec-id-content_top  tdi_3 td_block_template_1\"><strong>Intr\u0103 acum \u0219i \u00een grupul de <\/p>\n<div class=\"wp-block-button\"><a class=\"wp-block-button__link wp-element-button\" href=\"https:\/\/t.me\/+TH8wcfnp8fw5NWI0\">Telegram News Bucovina<\/a><\/div>\n<p><\/strong><\/div>\n<p>Elevii Liceului cu Program Sportiv Suceava au ob\u021binut rezultate foarte bune la Olimpiada na\u021bional\u0103 de preg\u0103tire sportiv\u0103 teoretic\u0103, desf\u0103\u0219urat\u0103 \u00een perioada 15-18 aprilie 2026 la Colegiul Na\u021bional \u201eNicolae Iorga\u201d din Br\u0103ila.<\/p>\n<figure class=\"wp-block-image size-large\"><a href=\"https:\/\/cdn.newsbucovina.ro\/wp-content\/uploads\/2026\/04\/WhatsApp-Image-2026-04-23-at-07.02.53.jpeg\"><img loading=\"lazy\" decoding=\"async\" width=\"1024\" height=\"576\" src=\"https:\/\/cdn.newsbucovina.ro\/wp-content\/uploads\/2026\/04\/WhatsApp-Image-2026-04-23-at-07.02.53-1024x576.jpeg\" alt class=\"wp-image-436839\"><\/a><\/figure>\n<p>Competi\u021bia, organizat\u0103 de Ministerul Educa\u021biei \u0219i Cercet\u0103rii, este destinat\u0103 elevilor de liceu cu program sportiv \u0219i evalueaz\u0103 cuno\u0219tin\u021bele teoretice aprofundate \u00een domenii precum anatomie, fiziologie, metodica antrenamentului \u0219i regulamentele specifice fiec\u0103rui sport.<\/p>\n<p>Reprezentan\u021bii jude\u021bului Suceava s-au \u00eentors acas\u0103 cu un premiu III \u0219i o men\u021biune, dup\u0103 cum urmeaz\u0103:<\/p>\n<ul class=\"wp-block-list\">\n<li><strong>Premiul III<\/strong> \u2013 Palamariu C\u0103lin Ioan, clasa a XI-a, Liceul cu Program Sportiv Suceava<\/li>\n<li><strong>Men\u021biune<\/strong> \u2013 Ghivnici Matei Rare\u0219, clasa a X-a, Liceul cu Program Sportiv Suceava<\/li>\n<\/ul>\n<p>Cei doi elevi au fost preg\u0103ti\u021bi \u0219i coordona\u021bi de prof. Berlinschi Maria de la Liceul cu Program Sportiv Suceava. Lotul jude\u021bean a fost coordonat de inspectorul \u0219colar pentru educa\u021bie fizic\u0103 \u0219i sport, prof. Marius Gheorghe Col\u021buneac.<\/p>\n<p>Rezultatele ob\u021binute la Br\u0103ila confirm\u0103 nivelul ridicat al preg\u0103tirii teoretice a elevilor de la Liceul cu Program Sportiv Suceava \u0219i efortul sus\u021binut al cadrelor didactice implicate \u00een formarea lor at\u00e2t pe plan sportiv, c\u00e2t \u0219i academic.<\/p>\n<figure class=\"wp-block-embed is-type-video is-provider-youtube wp-block-embed-youtube wp-embed-aspect-16-9 wp-has-aspect-ratio\">\n<div class=\"wp-block-embed__wrapper\">\n<div class=\"youtube-embed\" data-video_id=\"cQP6CLkQ0sQ\"><iframe loading=\"lazy\" title=\"Aripioare la Co\u0219arc\u0103, Bere p\u00e2n\u0103 la refuz - Distrac\u021bie Adev\u0103rat\u0103 Made in Suceava!! O nebunie va fi...\" width=\"696\" height=\"392\" src=\"https:\/\/www.youtube.com\/embed\/cQP6CLkQ0sQ?feature=oembed&amp;enablejsapi=1\" frameborder allow=\"accelerometer; autoplay; clipboard-write; encrypted-media; gyroscope; picture-in-picture; web-share\" referrerpolicy=\"strict-origin-when-cross-origin\" allowfullscreen><\/iframe><\/div>\n<\/div>\n<\/figure>\n<div class=\"td-a-rec td-a-rec-id-content_bottom  tdi_4 td_block_template_1\"><strong>Intr\u0103 acum \u0219i \u00een grupul de <\/p>\n<div class=\"wp-block-button\"><a class=\"wp-block-button__link wp-element-button\" href=\"https:\/\/t.me\/+TH8wcfnp8fw5NWI0\">Telegram News Bucovina<\/a><\/div>\n<p><\/strong><\/div>\n<\/div>\n<p>[analyse_source url=&#8221;https:\/\/www.newsbucovina.ro\/actualitate\/436837\/elevii-suceveni-s-au-intors-cu-un-premiu-iii-si-o-mentiune-de-la-olimpiada-nationala-de-pregatire-sportiva-teoretica&#8221;]<\/p>\n","protected":false},"excerpt":{"rendered":"<p>[analyse_image type=&#8221;featured&#8221; src=&#8221;https:\/\/www.newsbucovina.ro\/wp-content\/uploads\/2026\/04\/WhatsApp-Image-2026-04-23-at-07.02.53.jpeghttps:\/\/cdn.newsbucovina.ro\/wp-content\/uploads\/2026\/04\/WhatsApp-Image-2026-04-23-at-07.02.53.jpeg&#8221;] Intr\u0103 acum \u0219i \u00een grupul de Telegram News Bucovina Elevii Liceului cu Program Sportiv Suceava au ob\u021binut rezultate foarte bune la Olimpiada na\u021bional\u0103 de preg\u0103tire sportiv\u0103 teoretic\u0103, desf\u0103\u0219urat\u0103 \u00een perioada 15-18 aprilie 2026 la Colegiul Na\u021bional \u201eNicolae Iorga\u201d din Br\u0103ila. Competi\u021bia, organizat\u0103 de Ministerul Educa\u021biei \u0219i Cercet\u0103rii, este destinat\u0103 elevilor de liceu [&hellip;]<\/p>\n","protected":false},"author":1,"featured_media":0,"comment_status":"open","ping_status":"","sticky":false,"template":"","format":"standard","meta":{"footnotes":""},"categories":[89],"tags":[226,165],"class_list":["post-1901044","post","type-post","status-publish","format-standard","hentry","category-romania","tag-crawlmanager","tag-newsbucovina-ro"],"_links":{"self":[{"href":"https:\/\/analyse.optim.biz\/index.php?rest_route=\/wp\/v2\/posts\/1901044","targetHints":{"allow":["GET"]}}],"collection":[{"href":"https:\/\/analyse.optim.biz\/index.php?rest_route=\/wp\/v2\/posts"}],"about":[{"href":"https:\/\/analyse.optim.biz\/index.php?rest_route=\/wp\/v2\/types\/post"}],"author":[{"embeddable":true,"href":"https:\/\/analyse.optim.biz\/index.php?rest_route=\/wp\/v2\/users\/1"}],"replies":[{"embeddable":true,"href":"https:\/\/analyse.optim.biz\/index.php?rest_route=%2Fwp%2Fv2%2Fcomments&post=1901044"}],"version-history":[{"count":0,"href":"https:\/\/analyse.optim.biz\/index.php?rest_route=\/wp\/v2\/posts\/1901044\/revisions"}],"wp:attachment":[{"href":"https:\/\/analyse.optim.biz\/index.php?rest_route=%2Fwp%2Fv2%2Fmedia&parent=1901044"}],"wp:term":[{"taxonomy":"category","embeddable":true,"href":"https:\/\/analyse.optim.biz\/index.php?rest_route=%2Fwp%2Fv2%2Fcategories&post=1901044"},{"taxonomy":"post_tag","embeddable":true,"href":"https:\/\/analyse.optim.biz\/index.php?rest_route=%2Fwp%2Fv2%2Ftags&post=1901044"}],"curies":[{"name":"wp","href":"https:\/\/api.w.org\/{rel}","templated":true}]}}