{"id":1901043,"date":"2026-04-23T08:13:53","date_gmt":"2026-04-23T05:13:53","guid":{"rendered":"https:\/\/analyse.optim.biz\/?p=1901043"},"modified":"2026-04-23T08:13:53","modified_gmt":"2026-04-23T05:13:53","slug":"ips-calinic-arhiepiscopul-sucevei-si-radautilor-ofera-un-decalog-al-lecturii-de-ziua-internationala-a-cartii-si-a-drepturilor-de-autor","status":"publish","type":"post","link":"https:\/\/analyse.optim.biz\/?p=1901043","title":{"rendered":"IPS Calinic, Arhiepiscopul Sucevei \u0219i R\u0103d\u0103u\u021bilor ofer\u0103 un \u201eDecalog al lecturii\u201d de Ziua Interna\u021bional\u0103 a C\u0103r\u021bii \u0219i a Drepturilor de Autor"},"content":{"rendered":"<p>[analyse_image type=&#8221;featured&#8221; src=&#8221;https:\/\/www.newsbucovina.ro\/wp-content\/uploads\/2026\/04\/calinic-3.jpghttps:\/\/cdn.newsbucovina.ro\/wp-content\/uploads\/2026\/04\/calinic-3.jpg&#8221;]<\/p>\n<div class=\"td-post-content tagdiv-type\">\n<div class=\"td-a-rec td-a-rec-id-content_top  tdi_3 td_block_template_1\"><strong>Intr\u0103 acum \u0219i \u00een grupul de <\/p>\n<div class=\"wp-block-button\"><a class=\"wp-block-button__link wp-element-button\" href=\"https:\/\/t.me\/+TH8wcfnp8fw5NWI0\">Telegram News Bucovina<\/a><\/div>\n<p><\/strong><\/div>\n<p>Cu prilejul Zilei Interna\u021bionale a C\u0103r\u021bii \u0219i a Drepturilor de Autor, s\u0103rb\u0103torit\u0103 anual la 23 aprilie, \u00cenaltpreasfin\u021bitul P\u0103rinte Calinic, Arhiepiscop al Sucevei \u0219i R\u0103d\u0103u\u021bilor, a adresat credincio\u0219ilor \u0219i iubitorilor de carte un mesaj profund, sub forma unui \u201eDecalog\u201d care vede lectura ca pe o c\u0103utare autentic\u0103 a sensului \u0219i a lui Dumnezeu.<\/p>\n<figure class=\"wp-block-image size-large\"><a href=\"https:\/\/cdn.newsbucovina.ro\/wp-content\/uploads\/2026\/04\/calinic-3.jpg\"><img loading=\"lazy\" decoding=\"async\" width=\"1024\" height=\"683\" src=\"https:\/\/cdn.newsbucovina.ro\/wp-content\/uploads\/2026\/04\/calinic-3-1024x683.jpg\" alt class=\"wp-image-436830\"><\/a><\/figure>\n<p>Mesajul a fost f\u0103cut public \u00een ziua dedicat\u0103 de UNESCO promov\u0103rii lecturii, public\u0103rii \u0219i respect\u0103rii drepturilor de autor \u2013 o zi care marcheaz\u0103, simbolic, trecerea \u00een ve\u0219nicie a trei mari scriitori ai lumii: William Shakespeare, Miguel de Cervantes \u0219i Inca Garcilaso de la Vega, \u00een anul 1616.<\/p>\n<p><strong>Decalogul propus de Arhiepiscopul Calinic<\/strong><\/p>\n<ol start=\"1\" class=\"wp-block-list\">\n<li><strong>\u00cen\u021belege lectura ca pe o lucrare a min\u021bii luminate de har<\/strong>, c\u0103ut\u00e2nd acele c\u0103r\u021bi care adun\u0103, lini\u0219tesc \u0219i nasc \u00eentreb\u0103ri adev\u0103rate despre tine \u0219i despre Dumnezeu.<\/li>\n<li><strong>Nu c\u0103uta \u00een carte confirmarea ta, ci adev\u0103rul care te poate contrazice<\/strong>, \u0219i \u00eenva\u021b\u0103 s\u0103 la\u0219i cartea s\u0103 te judece, fiindc\u0103 adev\u0103rata \u00een\u021belegere \u00eencepe c\u00e2nd cuv\u00e2ntul te atinge \u0219i te schimb\u0103 frumos.<\/li>\n<li><strong>\u00cen\u021belege actul scrierii ca pe o form\u0103 de \u00eempreun\u0103-lucrare cu Dumnezeu<\/strong>, cinstind izvodirile autorului ca pe o participare la darul crea\u021biei.<\/li>\n<li><strong>Fere\u0219te-te de lectura care \u00eempr\u0103\u0219tie sufletul<\/strong> \u0219i ai grij\u0103 s\u0103 alegi c\u0103r\u021bi ce deschid ferestre c\u0103tre tine, \u00eenspre lume \u0219i spre Creatorul a toate.<\/li>\n<li><strong>Pre\u021buie\u0219te cartea ca pe un loc al \u00eent\u00e2lnirii cu tine \u00eensu\u021bi<\/strong>, c\u0103ci \u00een lini\u0219tea lecturii se descoper\u0103 nu doar g\u00e2ndul autorului, ci \u0219i adev\u0103rul inimii tale.<\/li>\n<li><strong>Respect\u0103 drepturile de autor ca pe un gest de dreptate fa\u021b\u0103 de lucrarea omului<\/strong>, deoarece actul creator nu este \u00eent\u00e2mplare, ci rod al unei jertfe statornice.<\/li>\n<li><strong>Cinste\u0219te cartea ca pe o form\u0103 de comuniune \u00eentre oameni<\/strong>, deoarece prin ea se \u00eent\u00e2lnesc con\u0219tiin\u021be separate de timp \u0219i spa\u021biu, dar solidare \u00een c\u0103utarea sensului.<\/li>\n<li><strong>Nu c\u0103uta \u00eentre file doar r\u0103spunsuri \u0219i nu desp\u0103r\u021bi lectura de responsabilitate<\/strong>, \u00eentruc\u00e2t ceea ce cite\u0219ti devine parte din tine \u0219i lucreaz\u0103 \u00een tain\u0103 asupra g\u00e2ndirii \u0219i a vie\u021bii tale.<\/li>\n<li><strong>Tr\u0103ie\u0219te astfel \u00eenc\u00e2t cuv\u00e2ntul, cartea \u0219i via\u021ba ta s\u0103 nu se contrazic\u0103<\/strong> \u0219i ia aminte c\u0103 nu orice carte lumineaz\u0103, ci doar aceea care te apropie de adev\u0103r, de tine \u00eensu\u021bi \u0219i de Dumnezeu.<\/li>\n<\/ol>\n<p>Prin acest Decalog, Arhiepiscopul Sucevei \u0219i R\u0103d\u0103u\u021bilor reaminte\u0219te c\u0103 lectura nu este doar o activitate cultural\u0103, ci \u0219i una profund spiritual\u0103, care poate contribui la formarea omului interior \u0219i la cultivarea unei rela\u021bii autentice cu Dumnezeu \u0219i cu semenii.<\/p>\n<figure class=\"wp-block-embed is-type-video is-provider-youtube wp-block-embed-youtube wp-embed-aspect-16-9 wp-has-aspect-ratio\">\n<div class=\"wp-block-embed__wrapper\">\n<div class=\"youtube-embed\" data-video_id=\"cQP6CLkQ0sQ\"><iframe loading=\"lazy\" title=\"Aripioare la Co\u0219arc\u0103, Bere p\u00e2n\u0103 la refuz - Distrac\u021bie Adev\u0103rat\u0103 Made in Suceava!! O nebunie va fi...\" width=\"696\" height=\"392\" src=\"https:\/\/www.youtube.com\/embed\/cQP6CLkQ0sQ?feature=oembed&amp;enablejsapi=1\" frameborder allow=\"accelerometer; autoplay; clipboard-write; encrypted-media; gyroscope; picture-in-picture; web-share\" referrerpolicy=\"strict-origin-when-cross-origin\" allowfullscreen><\/iframe><\/div>\n<\/div>\n<\/figure>\n<div class=\"td-a-rec td-a-rec-id-content_bottom  tdi_4 td_block_template_1\"><strong>Intr\u0103 acum \u0219i \u00een grupul de <\/p>\n<div class=\"wp-block-button\"><a class=\"wp-block-button__link wp-element-button\" href=\"https:\/\/t.me\/+TH8wcfnp8fw5NWI0\">Telegram News Bucovina<\/a><\/div>\n<p><\/strong><\/div>\n<\/div>\n<div class=\"td-post-content tagdiv-type\">\n<div class=\"td-a-rec td-a-rec-id-content_top  tdi_3 td_block_template_1\"><strong>Intr\u0103 acum \u0219i \u00een grupul de <\/p>\n<div class=\"wp-block-button\"><a class=\"wp-block-button__link wp-element-button\" href=\"https:\/\/t.me\/+TH8wcfnp8fw5NWI0\">Telegram News Bucovina<\/a><\/div>\n<p><\/strong><\/div>\n<p>Cu prilejul Zilei Interna\u021bionale a C\u0103r\u021bii \u0219i a Drepturilor de Autor, s\u0103rb\u0103torit\u0103 anual la 23 aprilie, \u00cenaltpreasfin\u021bitul P\u0103rinte Calinic, Arhiepiscop al Sucevei \u0219i R\u0103d\u0103u\u021bilor, a adresat credincio\u0219ilor \u0219i iubitorilor de carte un mesaj profund, sub forma unui \u201eDecalog\u201d care vede lectura ca pe o c\u0103utare autentic\u0103 a sensului \u0219i a lui Dumnezeu.<\/p>\n<figure class=\"wp-block-image size-large\"><a href=\"https:\/\/cdn.newsbucovina.ro\/wp-content\/uploads\/2026\/04\/calinic-3.jpg\"><img loading=\"lazy\" decoding=\"async\" width=\"1024\" height=\"683\" src=\"https:\/\/cdn.newsbucovina.ro\/wp-content\/uploads\/2026\/04\/calinic-3-1024x683.jpg\" alt class=\"wp-image-436830\"><\/a><\/figure>\n<p>Mesajul a fost f\u0103cut public \u00een ziua dedicat\u0103 de UNESCO promov\u0103rii lecturii, public\u0103rii \u0219i respect\u0103rii drepturilor de autor \u2013 o zi care marcheaz\u0103, simbolic, trecerea \u00een ve\u0219nicie a trei mari scriitori ai lumii: William Shakespeare, Miguel de Cervantes \u0219i Inca Garcilaso de la Vega, \u00een anul 1616.<\/p>\n<p><strong>Decalogul propus de Arhiepiscopul Calinic<\/strong><\/p>\n<ol start=\"1\" class=\"wp-block-list\">\n<li><strong>\u00cen\u021belege lectura ca pe o lucrare a min\u021bii luminate de har<\/strong>, c\u0103ut\u00e2nd acele c\u0103r\u021bi care adun\u0103, lini\u0219tesc \u0219i nasc \u00eentreb\u0103ri adev\u0103rate despre tine \u0219i despre Dumnezeu.<\/li>\n<li><strong>Nu c\u0103uta \u00een carte confirmarea ta, ci adev\u0103rul care te poate contrazice<\/strong>, \u0219i \u00eenva\u021b\u0103 s\u0103 la\u0219i cartea s\u0103 te judece, fiindc\u0103 adev\u0103rata \u00een\u021belegere \u00eencepe c\u00e2nd cuv\u00e2ntul te atinge \u0219i te schimb\u0103 frumos.<\/li>\n<li><strong>\u00cen\u021belege actul scrierii ca pe o form\u0103 de \u00eempreun\u0103-lucrare cu Dumnezeu<\/strong>, cinstind izvodirile autorului ca pe o participare la darul crea\u021biei.<\/li>\n<li><strong>Fere\u0219te-te de lectura care \u00eempr\u0103\u0219tie sufletul<\/strong> \u0219i ai grij\u0103 s\u0103 alegi c\u0103r\u021bi ce deschid ferestre c\u0103tre tine, \u00eenspre lume \u0219i spre Creatorul a toate.<\/li>\n<li><strong>Pre\u021buie\u0219te cartea ca pe un loc al \u00eent\u00e2lnirii cu tine \u00eensu\u021bi<\/strong>, c\u0103ci \u00een lini\u0219tea lecturii se descoper\u0103 nu doar g\u00e2ndul autorului, ci \u0219i adev\u0103rul inimii tale.<\/li>\n<li><strong>Respect\u0103 drepturile de autor ca pe un gest de dreptate fa\u021b\u0103 de lucrarea omului<\/strong>, deoarece actul creator nu este \u00eent\u00e2mplare, ci rod al unei jertfe statornice.<\/li>\n<li><strong>Cinste\u0219te cartea ca pe o form\u0103 de comuniune \u00eentre oameni<\/strong>, deoarece prin ea se \u00eent\u00e2lnesc con\u0219tiin\u021be separate de timp \u0219i spa\u021biu, dar solidare \u00een c\u0103utarea sensului.<\/li>\n<li><strong>Nu c\u0103uta \u00eentre file doar r\u0103spunsuri \u0219i nu desp\u0103r\u021bi lectura de responsabilitate<\/strong>, \u00eentruc\u00e2t ceea ce cite\u0219ti devine parte din tine \u0219i lucreaz\u0103 \u00een tain\u0103 asupra g\u00e2ndirii \u0219i a vie\u021bii tale.<\/li>\n<li><strong>Tr\u0103ie\u0219te astfel \u00eenc\u00e2t cuv\u00e2ntul, cartea \u0219i via\u021ba ta s\u0103 nu se contrazic\u0103<\/strong> \u0219i ia aminte c\u0103 nu orice carte lumineaz\u0103, ci doar aceea care te apropie de adev\u0103r, de tine \u00eensu\u021bi \u0219i de Dumnezeu.<\/li>\n<\/ol>\n<p>Prin acest Decalog, Arhiepiscopul Sucevei \u0219i R\u0103d\u0103u\u021bilor reaminte\u0219te c\u0103 lectura nu este doar o activitate cultural\u0103, ci \u0219i una profund spiritual\u0103, care poate contribui la formarea omului interior \u0219i la cultivarea unei rela\u021bii autentice cu Dumnezeu \u0219i cu semenii.<\/p>\n<figure class=\"wp-block-embed is-type-video is-provider-youtube wp-block-embed-youtube wp-embed-aspect-16-9 wp-has-aspect-ratio\">\n<div class=\"wp-block-embed__wrapper\">\n<div class=\"youtube-embed\" data-video_id=\"cQP6CLkQ0sQ\"><iframe loading=\"lazy\" title=\"Aripioare la Co\u0219arc\u0103, Bere p\u00e2n\u0103 la refuz - Distrac\u021bie Adev\u0103rat\u0103 Made in Suceava!! O nebunie va fi...\" width=\"696\" height=\"392\" src=\"https:\/\/www.youtube.com\/embed\/cQP6CLkQ0sQ?feature=oembed&amp;enablejsapi=1\" frameborder allow=\"accelerometer; autoplay; clipboard-write; encrypted-media; gyroscope; picture-in-picture; web-share\" referrerpolicy=\"strict-origin-when-cross-origin\" allowfullscreen><\/iframe><\/div>\n<\/div>\n<\/figure>\n<div class=\"td-a-rec td-a-rec-id-content_bottom  tdi_4 td_block_template_1\"><strong>Intr\u0103 acum \u0219i \u00een grupul de <\/p>\n<div class=\"wp-block-button\"><a class=\"wp-block-button__link wp-element-button\" href=\"https:\/\/t.me\/+TH8wcfnp8fw5NWI0\">Telegram News Bucovina<\/a><\/div>\n<p><\/strong><\/div>\n<\/div>\n<p>[analyse_source url=&#8221;https:\/\/www.newsbucovina.ro\/actualitate\/436829\/ips-calinic-arhiepiscopul-sucevei-si-radautilor-ofera-un-decalog-al-lecturii-de-ziua-internationala-a-cartii-si-a-drepturilor-de-autor&#8221;]<\/p>\n","protected":false},"excerpt":{"rendered":"<p>[analyse_image type=&#8221;featured&#8221; src=&#8221;https:\/\/www.newsbucovina.ro\/wp-content\/uploads\/2026\/04\/calinic-3.jpghttps:\/\/cdn.newsbucovina.ro\/wp-content\/uploads\/2026\/04\/calinic-3.jpg&#8221;] Intr\u0103 acum \u0219i \u00een grupul de Telegram News Bucovina Cu prilejul Zilei Interna\u021bionale a C\u0103r\u021bii \u0219i a Drepturilor de Autor, s\u0103rb\u0103torit\u0103 anual la 23 aprilie, \u00cenaltpreasfin\u021bitul P\u0103rinte Calinic, Arhiepiscop al Sucevei \u0219i R\u0103d\u0103u\u021bilor, a adresat credincio\u0219ilor \u0219i iubitorilor de carte un mesaj profund, sub forma unui \u201eDecalog\u201d care vede lectura ca pe [&hellip;]<\/p>\n","protected":false},"author":1,"featured_media":0,"comment_status":"open","ping_status":"","sticky":false,"template":"","format":"standard","meta":{"footnotes":""},"categories":[89],"tags":[226,165],"class_list":["post-1901043","post","type-post","status-publish","format-standard","hentry","category-romania","tag-crawlmanager","tag-newsbucovina-ro"],"_links":{"self":[{"href":"https:\/\/analyse.optim.biz\/index.php?rest_route=\/wp\/v2\/posts\/1901043","targetHints":{"allow":["GET"]}}],"collection":[{"href":"https:\/\/analyse.optim.biz\/index.php?rest_route=\/wp\/v2\/posts"}],"about":[{"href":"https:\/\/analyse.optim.biz\/index.php?rest_route=\/wp\/v2\/types\/post"}],"author":[{"embeddable":true,"href":"https:\/\/analyse.optim.biz\/index.php?rest_route=\/wp\/v2\/users\/1"}],"replies":[{"embeddable":true,"href":"https:\/\/analyse.optim.biz\/index.php?rest_route=%2Fwp%2Fv2%2Fcomments&post=1901043"}],"version-history":[{"count":0,"href":"https:\/\/analyse.optim.biz\/index.php?rest_route=\/wp\/v2\/posts\/1901043\/revisions"}],"wp:attachment":[{"href":"https:\/\/analyse.optim.biz\/index.php?rest_route=%2Fwp%2Fv2%2Fmedia&parent=1901043"}],"wp:term":[{"taxonomy":"category","embeddable":true,"href":"https:\/\/analyse.optim.biz\/index.php?rest_route=%2Fwp%2Fv2%2Fcategories&post=1901043"},{"taxonomy":"post_tag","embeddable":true,"href":"https:\/\/analyse.optim.biz\/index.php?rest_route=%2Fwp%2Fv2%2Ftags&post=1901043"}],"curies":[{"name":"wp","href":"https:\/\/api.w.org\/{rel}","templated":true}]}}