{"id":1901042,"date":"2026-04-23T07:56:02","date_gmt":"2026-04-23T04:56:02","guid":{"rendered":"https:\/\/analyse.optim.biz\/?p=1901042"},"modified":"2026-04-23T07:56:02","modified_gmt":"2026-04-23T04:56:02","slug":"politia-locala-suceava-ridica-masini-parcate-neregulamentar-pe-trotuar-pe-strada-stejarului-din-cartierul-zamca","status":"publish","type":"post","link":"https:\/\/analyse.optim.biz\/?p=1901042","title":{"rendered":"Poli\u021bia Local\u0103 Suceava ridic\u0103 ma\u0219ini parcate neregulamentar pe trotuar pe strada Stejarului din cartierul Zamca"},"content":{"rendered":"<p>[analyse_image type=&#8221;featured&#8221; src=&#8221;https:\/\/www.newsbucovina.ro\/wp-content\/uploads\/2026\/04\/677796114_1276897721313132_7659970653228083136_n.jpghttps:\/\/cdn.newsbucovina.ro\/wp-content\/uploads\/2026\/04\/677796114_1276897721313132_7659970653228083136_n.jpg&#8221;]<\/p>\n<div class=\"td-post-content tagdiv-type\">\n<div class=\"td-a-rec td-a-rec-id-content_top  tdi_3 td_block_template_1\"><strong>Intr\u0103 acum \u0219i \u00een grupul de <\/p>\n<div class=\"wp-block-button\"><a class=\"wp-block-button__link wp-element-button\" href=\"https:\/\/t.me\/+TH8wcfnp8fw5NWI0\">Telegram News Bucovina<\/a><\/div>\n<p><\/strong><\/div>\n<p>Poli\u021bi\u0219tii locali din cadrul Prim\u0103riei Municipiului Suceava au desf\u0103\u0219urat o ac\u021biune de ridicare a autovehiculelor sta\u021bionate neregulamentar pe trotuar, pe strada Stejarului din cartierul Zamca.<\/p>\n<figure class=\"wp-block-gallery has-nested-images columns-default is-cropped wp-block-gallery-1 is-layout-flex wp-block-gallery-is-layout-flex\">\n<figure class=\"wp-block-image size-large\"><a href=\"https:\/\/cdn.newsbucovina.ro\/wp-content\/uploads\/2026\/04\/677796114_1276897721313132_7659970653228083136_n.jpg\"><img loading=\"lazy\" decoding=\"async\" width=\"1024\" height=\"576\" data-id=\"436823\" src=\"https:\/\/cdn.newsbucovina.ro\/wp-content\/uploads\/2026\/04\/677796114_1276897721313132_7659970653228083136_n-1024x576.jpg\" alt class=\"wp-image-436823\"><\/a><\/figure>\n<figure class=\"wp-block-image size-large\"><a href=\"https:\/\/cdn.newsbucovina.ro\/wp-content\/uploads\/2026\/04\/678195050_1276897724646465_2131323226290024911_n.jpg\"><img loading=\"lazy\" decoding=\"async\" width=\"1024\" height=\"768\" data-id=\"436824\" src=\"https:\/\/cdn.newsbucovina.ro\/wp-content\/uploads\/2026\/04\/678195050_1276897724646465_2131323226290024911_n-1024x768.jpg\" alt class=\"wp-image-436824\"><\/a><\/figure>\n<\/figure>\n<p>Opera\u021biunea a vizat asigurarea accesului pietonilor \u0219i fluidizarea circula\u021biei \u00een zon\u0103.<\/p>\n<p>Ac\u021biunea a avut loc \u00een cursul dimine\u021bii de joi, 23 aprilie 2026. Echipajele Poli\u021biei Locale, sprijinite de o autospecial\u0103 cu macara \u0219i platform\u0103, au ridicat mai multe autovehicule, printre care un autoturism de tip monovolum argintiu \u0219i un SUV alb Audi cu num\u0103r de Cern\u0103u\u021bi, parcate pe trotuar \u00een dreptul blocurilor de locuin\u021be.<\/p>\n<p>Potrivit mesajului transmis de Prim\u0103ria Municipiului Suceava, astfel de interven\u021bii fac parte dintr-o campanie permanent\u0103 de combatere a sta\u021bion\u0103rii neregulamentare pe trotuare \u0219i pe spa\u021biile destinate circula\u021biei pietonale. Aceste ac\u021biuni au ca scop asigurarea accesului liber al pietonilor, \u00een special al persoanelor cu dizabilit\u0103\u021bi, al p\u0103rin\u021bilor cu c\u0103rucioare \u0219i al copiilor, precum \u0219i prevenirea blocajelor \u00een zonele cu trafic intens.<\/p>\n<p>Proprietarii autovehiculelor ridicate vor putea recupera ma\u0219inile dup\u0103 achitarea costurilor de ridicare, transport \u0219i depozitare, conform prevederilor legale. Totodat\u0103, pentru sta\u021bionarea neregulamentar\u0103 se aplic\u0103 sanc\u021biuni contraven\u021bionale, conform Codului Rutier \u0219i legisla\u021biei locale.<\/p>\n<p>Prim\u0103ria Municipiului Suceava reaminte\u0219te tuturor conduc\u0103torilor auto c\u0103 sta\u021bionarea pe trotuar este interzis\u0103 \u0219i poate atrage at\u00e2t amenzi, c\u00e2t \u0219i ridicarea vehiculului. Cet\u0103\u021benii sunt \u00eencuraja\u021bi s\u0103 semnaleze astfel de situa\u021bii la dispeceratul Poli\u021biei Locale.<\/p>\n<figure class=\"wp-block-embed is-type-video is-provider-youtube wp-block-embed-youtube wp-embed-aspect-16-9 wp-has-aspect-ratio\">\n<div class=\"wp-block-embed__wrapper\">\n<div class=\"youtube-embed\" data-video_id=\"cQP6CLkQ0sQ\"><iframe loading=\"lazy\" title=\"Aripioare la Co\u0219arc\u0103, Bere p\u00e2n\u0103 la refuz - Distrac\u021bie Adev\u0103rat\u0103 Made in Suceava!! O nebunie va fi...\" width=\"696\" height=\"392\" src=\"https:\/\/www.youtube.com\/embed\/cQP6CLkQ0sQ?feature=oembed&amp;enablejsapi=1\" frameborder allow=\"accelerometer; autoplay; clipboard-write; encrypted-media; gyroscope; picture-in-picture; web-share\" referrerpolicy=\"strict-origin-when-cross-origin\" allowfullscreen><\/iframe><\/div>\n<\/div>\n<\/figure>\n<div class=\"td-a-rec td-a-rec-id-content_bottom  tdi_4 td_block_template_1\"><strong>Intr\u0103 acum \u0219i \u00een grupul de <\/p>\n<div class=\"wp-block-button\"><a class=\"wp-block-button__link wp-element-button\" href=\"https:\/\/t.me\/+TH8wcfnp8fw5NWI0\">Telegram News Bucovina<\/a><\/div>\n<p><\/strong><\/div>\n<\/div>\n<div class=\"td-post-content tagdiv-type\">\n<div class=\"td-a-rec td-a-rec-id-content_top  tdi_3 td_block_template_1\"><strong>Intr\u0103 acum \u0219i \u00een grupul de <\/p>\n<div class=\"wp-block-button\"><a class=\"wp-block-button__link wp-element-button\" href=\"https:\/\/t.me\/+TH8wcfnp8fw5NWI0\">Telegram News Bucovina<\/a><\/div>\n<p><\/strong><\/div>\n<p>Poli\u021bi\u0219tii locali din cadrul Prim\u0103riei Municipiului Suceava au desf\u0103\u0219urat o ac\u021biune de ridicare a autovehiculelor sta\u021bionate neregulamentar pe trotuar, pe strada Stejarului din cartierul Zamca.<\/p>\n<figure class=\"wp-block-gallery has-nested-images columns-default is-cropped wp-block-gallery-1 is-layout-flex wp-block-gallery-is-layout-flex\">\n<figure class=\"wp-block-image size-large\"><a href=\"https:\/\/cdn.newsbucovina.ro\/wp-content\/uploads\/2026\/04\/677796114_1276897721313132_7659970653228083136_n.jpg\"><img loading=\"lazy\" decoding=\"async\" width=\"1024\" height=\"576\" data-id=\"436823\" src=\"https:\/\/cdn.newsbucovina.ro\/wp-content\/uploads\/2026\/04\/677796114_1276897721313132_7659970653228083136_n-1024x576.jpg\" alt class=\"wp-image-436823\"><\/a><\/figure>\n<figure class=\"wp-block-image size-large\"><a href=\"https:\/\/cdn.newsbucovina.ro\/wp-content\/uploads\/2026\/04\/678195050_1276897724646465_2131323226290024911_n.jpg\"><img loading=\"lazy\" decoding=\"async\" width=\"1024\" height=\"768\" data-id=\"436824\" src=\"https:\/\/cdn.newsbucovina.ro\/wp-content\/uploads\/2026\/04\/678195050_1276897724646465_2131323226290024911_n-1024x768.jpg\" alt class=\"wp-image-436824\"><\/a><\/figure>\n<\/figure>\n<p>Opera\u021biunea a vizat asigurarea accesului pietonilor \u0219i fluidizarea circula\u021biei \u00een zon\u0103.<\/p>\n<p>Ac\u021biunea a avut loc \u00een cursul dimine\u021bii de joi, 23 aprilie 2026. Echipajele Poli\u021biei Locale, sprijinite de o autospecial\u0103 cu macara \u0219i platform\u0103, au ridicat mai multe autovehicule, printre care un autoturism de tip monovolum argintiu \u0219i un SUV alb Audi cu num\u0103r de Cern\u0103u\u021bi, parcate pe trotuar \u00een dreptul blocurilor de locuin\u021be.<\/p>\n<p>Potrivit mesajului transmis de Prim\u0103ria Municipiului Suceava, astfel de interven\u021bii fac parte dintr-o campanie permanent\u0103 de combatere a sta\u021bion\u0103rii neregulamentare pe trotuare \u0219i pe spa\u021biile destinate circula\u021biei pietonale. Aceste ac\u021biuni au ca scop asigurarea accesului liber al pietonilor, \u00een special al persoanelor cu dizabilit\u0103\u021bi, al p\u0103rin\u021bilor cu c\u0103rucioare \u0219i al copiilor, precum \u0219i prevenirea blocajelor \u00een zonele cu trafic intens.<\/p>\n<p>Proprietarii autovehiculelor ridicate vor putea recupera ma\u0219inile dup\u0103 achitarea costurilor de ridicare, transport \u0219i depozitare, conform prevederilor legale. Totodat\u0103, pentru sta\u021bionarea neregulamentar\u0103 se aplic\u0103 sanc\u021biuni contraven\u021bionale, conform Codului Rutier \u0219i legisla\u021biei locale.<\/p>\n<p>Prim\u0103ria Municipiului Suceava reaminte\u0219te tuturor conduc\u0103torilor auto c\u0103 sta\u021bionarea pe trotuar este interzis\u0103 \u0219i poate atrage at\u00e2t amenzi, c\u00e2t \u0219i ridicarea vehiculului. Cet\u0103\u021benii sunt \u00eencuraja\u021bi s\u0103 semnaleze astfel de situa\u021bii la dispeceratul Poli\u021biei Locale.<\/p>\n<figure class=\"wp-block-embed is-type-video is-provider-youtube wp-block-embed-youtube wp-embed-aspect-16-9 wp-has-aspect-ratio\">\n<div class=\"wp-block-embed__wrapper\">\n<div class=\"youtube-embed\" data-video_id=\"cQP6CLkQ0sQ\"><iframe loading=\"lazy\" title=\"Aripioare la Co\u0219arc\u0103, Bere p\u00e2n\u0103 la refuz - Distrac\u021bie Adev\u0103rat\u0103 Made in Suceava!! O nebunie va fi...\" width=\"696\" height=\"392\" src=\"https:\/\/www.youtube.com\/embed\/cQP6CLkQ0sQ?feature=oembed&amp;enablejsapi=1\" frameborder allow=\"accelerometer; autoplay; clipboard-write; encrypted-media; gyroscope; picture-in-picture; web-share\" referrerpolicy=\"strict-origin-when-cross-origin\" allowfullscreen><\/iframe><\/div>\n<\/div>\n<\/figure>\n<div class=\"td-a-rec td-a-rec-id-content_bottom  tdi_4 td_block_template_1\"><strong>Intr\u0103 acum \u0219i \u00een grupul de <\/p>\n<div class=\"wp-block-button\"><a class=\"wp-block-button__link wp-element-button\" href=\"https:\/\/t.me\/+TH8wcfnp8fw5NWI0\">Telegram News Bucovina<\/a><\/div>\n<p><\/strong><\/div>\n<\/div>\n<p>[analyse_source url=&#8221;https:\/\/www.newsbucovina.ro\/actualitate\/436822\/politia-locala-suceava-ridica-masini-parcate-neregulamentar-pe-trotuar-pe-strada-stejarului-din-cartierul-zamca&#8221;]<\/p>\n","protected":false},"excerpt":{"rendered":"<p>[analyse_image type=&#8221;featured&#8221; src=&#8221;https:\/\/www.newsbucovina.ro\/wp-content\/uploads\/2026\/04\/677796114_1276897721313132_7659970653228083136_n.jpghttps:\/\/cdn.newsbucovina.ro\/wp-content\/uploads\/2026\/04\/677796114_1276897721313132_7659970653228083136_n.jpg&#8221;] Intr\u0103 acum \u0219i \u00een grupul de Telegram News Bucovina Poli\u021bi\u0219tii locali din cadrul Prim\u0103riei Municipiului Suceava au desf\u0103\u0219urat o ac\u021biune de ridicare a autovehiculelor sta\u021bionate neregulamentar pe trotuar, pe strada Stejarului din cartierul Zamca. Opera\u021biunea a vizat asigurarea accesului pietonilor \u0219i fluidizarea circula\u021biei \u00een zon\u0103. Ac\u021biunea a avut loc \u00een cursul dimine\u021bii [&hellip;]<\/p>\n","protected":false},"author":1,"featured_media":0,"comment_status":"open","ping_status":"","sticky":false,"template":"","format":"standard","meta":{"footnotes":""},"categories":[89],"tags":[226,165],"class_list":["post-1901042","post","type-post","status-publish","format-standard","hentry","category-romania","tag-crawlmanager","tag-newsbucovina-ro"],"_links":{"self":[{"href":"https:\/\/analyse.optim.biz\/index.php?rest_route=\/wp\/v2\/posts\/1901042","targetHints":{"allow":["GET"]}}],"collection":[{"href":"https:\/\/analyse.optim.biz\/index.php?rest_route=\/wp\/v2\/posts"}],"about":[{"href":"https:\/\/analyse.optim.biz\/index.php?rest_route=\/wp\/v2\/types\/post"}],"author":[{"embeddable":true,"href":"https:\/\/analyse.optim.biz\/index.php?rest_route=\/wp\/v2\/users\/1"}],"replies":[{"embeddable":true,"href":"https:\/\/analyse.optim.biz\/index.php?rest_route=%2Fwp%2Fv2%2Fcomments&post=1901042"}],"version-history":[{"count":0,"href":"https:\/\/analyse.optim.biz\/index.php?rest_route=\/wp\/v2\/posts\/1901042\/revisions"}],"wp:attachment":[{"href":"https:\/\/analyse.optim.biz\/index.php?rest_route=%2Fwp%2Fv2%2Fmedia&parent=1901042"}],"wp:term":[{"taxonomy":"category","embeddable":true,"href":"https:\/\/analyse.optim.biz\/index.php?rest_route=%2Fwp%2Fv2%2Fcategories&post=1901042"},{"taxonomy":"post_tag","embeddable":true,"href":"https:\/\/analyse.optim.biz\/index.php?rest_route=%2Fwp%2Fv2%2Ftags&post=1901042"}],"curies":[{"name":"wp","href":"https:\/\/api.w.org\/{rel}","templated":true}]}}