{"id":1900890,"date":"2026-04-22T10:02:14","date_gmt":"2026-04-22T07:02:14","guid":{"rendered":"https:\/\/analyse.optim.biz\/?p=1900890"},"modified":"2026-04-22T10:02:14","modified_gmt":"2026-04-22T07:02:14","slug":"ultimatum-de-la-pnl-pentru-nicusor-dan-uneori-conteaza-sa-te-poti-privi-in-oglinda-senatorul-daniel","status":"publish","type":"post","link":"https:\/\/analyse.optim.biz\/?p=1900890","title":{"rendered":"Ultimatum de la PNL pentru Nicu\u0219or Dan: \u201eUneori conteaz\u0103 s\u0103 te po\u021bi privi \u00een oglind\u0103\u201d. Senatorul Daniel&#8230;"},"content":{"rendered":"<p>[analyse_image type=&#8221;featured&#8221; src=&#8221;https:\/\/cdn.adh.reperio.news\/image-a\/a4561f94-cada-4e1a-868e-4b84be09620e\/index.jpeg?p=f%3Djpeg%26w%3D1200%26h%3D630%26r%3Dcover%26c%3D0%252C0%252C1%252C1&#8243;]<\/p>\n<article class=\"svelte-t0js42\">\n<nav>\n<ul class=\"breadcrump svelte-xauq0s\">\n<li class=\"svelte-xauq0s\"><a href=\"\/\" title=\"Adev\u0103rul\" class=\"svelte-xauq0s\">Home<\/a><\/li>\n<li class=\"svelte-xauq0s\"><a href=\"\/video\" class=\"svelte-xauq0s\">Video<\/a><\/li>\n<li class=\"svelte-xauq0s\"><a href=\"\/interviurile-adevarul\" class=\"svelte-xauq0s\">Interviurile Adev\u0103rul<\/a><\/li>\n<li class=\"svelte-xauq0s\"><a href=\"https:\/\/adevarul.ro\/interviurile-adevarul\/senatorul-pnl-daniel-fenechiu-este-invitat-la-2524436.html\" class=\"svelte-xauq0s\">Ultimatum de la PNL pentru Nicu\u0219or Dan: \u201eUneori conteaz\u0103 s\u0103 te po\u021bi privi \u00een oglind\u0103\u201d. Senatorul Daniel Fenechiu la Interviurile Adev\u0103rul<\/a><\/li>\n<\/ul>\n<\/nav>\n<p><main class=\"svelte-t0js42\"><\/p>\n<p>Senatorul Daniel Fenechiu lanseaz\u0103 un avertisment nea\u0219teptat c\u0103tre Palatul Cotroceni, la Interviurile Adevarul, subliniind c\u0103 pre\u0219edintele Nicu\u0219or Dan va purta \u00eentreaga responsabilitate politic\u0103 pentru ac\u021biunile PSD dac\u0103 nu va acorda un sprijin total actualului premier. De\u0219i exclude o guvernare al\u0103turi de AUR, senatorul remarc\u0103 o schimbare de paradigm\u0103 \u00een discursul partidului condus de George Simion. Liberalul mai avertizeaz\u0103 c\u0103 orice demers de a d\u0103r\u00e2ma Guvernul acum va avea costuri economice imediate, dup\u0103 ce primele semnale de pe burs\u0103 au ar\u0103tat deja o \u00eenr\u0103ut\u0103\u021bire a \u00eencrederii investitorilor \u00een contextul scandalului politic<\/p>\n<div class=\"_hydratable\" data-props=\"%7B%22type%22%3A%22video%22%2C%22data%22%3A%7B%22player_options%22%3A%7B%7D%2C%22video%22%3A%7B%22animated%22%3A0%2C%22created_at%22%3A%222026-04-22T11%3A43%3A52.000Z%22%2C%22created_by%22%3A143%2C%22entity_type%22%3A%22media%22%2C%22extension%22%3A%22mp4%22%2C%22id%22%3A%226e95487d-2234-4d66-b735-273b8bff147a%22%2C%22origin_duration%22%3A3486480%2C%22origin_hash%22%3Anull%2C%22origin_height%22%3A1080%2C%22origin_name%22%3A%22Daniel%20Fenechiu%2C%20la%20Interviurile%20Adeva%CC%86rul.mp4%22%2C%22origin_size%22%3A2207438379%2C%22origin_width%22%3A1920%2C%22path%22%3A%22video-6%2F6e95487d-2234-4d66-b735-273b8bff147a%2Findex.m3u8%22%2C%22prevent_prune%22%3A0%2C%22published%22%3A0%2C%22restrict_domains%22%3Anull%2C%22status%22%3A%22ready%22%2C%22thumb%22%3A%22https%3A%2F%2Fcdn.adh.reperio.news%2Fvideo-6%2F6e95487d-2234-4d66-b735-273b8bff147a%2Fthumb.0000000.jpg%22%2C%22title%22%3A%22Daniel%20Fenechiu%2C%20la%20Interviurile%20Adeva%CC%86rul%22%2C%22type%22%3A%22video%22%2C%22updated_at%22%3A%222026-04-22T12%3A01%3A03.000Z%22%2C%22url%22%3A%22https%3A%2F%2Fcdn.adh.reperio.news%2Fvideo-6%2F6e95487d-2234-4d66-b735-273b8bff147a%2Findex.m3u8%22%2C%22video_raw%22%3Anull%2C%22video_thumbnail%22%3A%22thumb.0000000.jpg%22%7D%7D%7D\" data-context=\"%7B%22parentBlockColumnCount%22%3A%7B%22value%22%3A0%2C%22type%22%3A%22store%2Freadable%22%7D%2C%22parentBlockBackgroundColor%22%3A%7B%22type%22%3A%22store%2Freadable%22%7D%7D\" data-component=\"EditorVideoPlayer\"><\/div>\n<h2>\u201ePNL \u00ee\u0219i va p\u0103stra pozi\u021bia chiar \u0219i \u00een cazul unei mo\u021biuni de cenzur\u0103\u201d<\/h2>\n<p>Fenechiu a declarat miercuri, la Interviurile Adev\u0103rul, c\u0103 liberalii vor da dovad\u0103 de consecven\u021b\u0103 \u00een actuala criz\u0103 politic\u0103, indiferent de evolu\u021biile din Parlament.<\/p>\n<p>Invitat s\u0103 comenteze situa\u021bia tensionat\u0103 din coali\u021bia de guvernare, dup\u0103 ruptura de PSD, Fenechiu a afirmat c\u0103, \u00een eventualitatea \u00een care Guvernul condus de Ilie Bolojan ar c\u0103dea, ar urma consult\u0103ri pentru formarea unei noi majorit\u0103\u021bi.<\/p>\n<p><i>\u201eDac\u0103 pic\u0103 Guvernul Bolojan, probabil vor fi consult\u0103ri pentru formarea unei majorit\u0103\u021bi\u201d, <\/i>a spus senatorul Fenechiu.<\/p>\n<p>Acesta a subliniat c\u0103 PNL nu \u00ee\u0219i va schimba pozi\u021bia politic\u0103 nici \u00een cazul \u00een care PSD va depune o mo\u021biune de cenzur\u0103.<\/p>\n<p><i>\u201eEu cred c\u0103 PNL va da dovad\u0103 de consecven\u021b\u0103 \u0219i, \u00een ipoteza \u00een care PSD va depune o mo\u021biune de cenzur\u0103, \u00ee\u0219i va p\u0103stra pozi\u021bia luat\u0103\u201d, <\/i>a declarat Fenechiu.<\/p>\n<p>\u00cen acela\u0219i timp, senatorul a precizat c\u0103 vorbe\u0219te strict din perspectiva proprie, ca membru al partidului: <i>\u201eEu nu pot s\u0103 vorbesc dec\u00e2t din perspectiva mea de liberal\u201d.<\/i><\/p>\n<p>\u00cen cadrul discu\u021biei, Fenechiu a f\u0103cut \u0219i o referire general\u0103 la evolu\u021biile societ\u0103\u021bii:\u00a0<i>\u201eTehnologia modern\u0103 a paralizat multe dintre tenta\u021biile mediului infrac\u021bional\u201d.<\/i><\/p>\n<h2>PSD ar putea reveni asupra deciziei<\/h2>\n<div class=\"container-image  svelte-jd4qiv\"><source type=\"image\/webp\" srcset=\"https:\/\/cdn.adh.reperio.news\/image-a\/a4561f94-cada-4e1a-868e-4b84be09620e\/index.jpeg?p=a%3D1%26co%3D1.05%26w%3D1400%26h%3D750%26r%3Dcontain%26f%3Dwebp 1400w\" media=\"(min-width: 1400px)\" \/><\/div>\n<p>Senatorul a sugerat c\u0103 decizia PSD de a rupe coali\u021bia ar putea fi reversibil\u0103, amintind precedente din trecut.<\/p>\n<p><i>\u201eAm mai v\u0103zut situa\u021bii \u00een care PSD a luat decizii majoritar \u0219i ulterior s-a \u00eentors. (&#8230;) Aminti\u021bi-v\u0103 c\u00e2t de \u00een vog\u0103 era Liviu Dragnea \u00een 2016 \u0219i cum era \u00een 2018\u201d, <\/i>a afirmat acesta.<\/p>\n<p>\u00cen ceea ce prive\u0219te rolul liderilor social-democra\u021bi, Fenechiu consider\u0103 c\u0103 Sorin Grindeanu nu ar fi principalul responsabil pentru ie\u0219irea de la guvernare. <\/p>\n<p><i>\u201eNu cred c\u0103 Grindeanu a fost motorul. Cred c\u0103 linia din spatele lui este cea care a determinat aceast\u0103 decizie\u201d,<\/i> a conchis senatorul liberal.<\/p>\n<h2>Avertisment privind consecin\u021bele economice<\/h2>\n<p>Fenechiu a subliniat c\u0103 o eventual\u0103 c\u0103dere a Guvernului ar avea efecte negative directe asupra Rom\u00e2niei, inclusiv \u00een ceea ce prive\u0219te fondurile europene.<\/p>\n<p><i>\u201eNicu\u0219or Dan ar face o foarte mare gre\u0219eal\u0103 s\u0103 ajute la c\u0103derea guvernului de ast\u0103zi. Efectele ar fi dure pentru rom\u00e2ni: din perspectiva PNRR, a bugetului&#8230;\u201d,<\/i> a declarat acesta.<\/p>\n<p>Potrivit liberalului, premierul Ilie Bolojan a reu\u0219it s\u0103 creeze un echilibru \u0219i beneficiaz\u0103 de credibilitate la nivel european. <\/p>\n<p><i>\u201eIlie Bolojan este bine v\u0103zut la Bruxelles \u0219i ne-ar asigura atragerea de fonduri europene. PNRR \u00eenseamn\u0103 bani, dezvoltare, locuri de munc\u0103\u201d,<\/i> a punctat Fenechiu.<\/p>\n<h2>\u201eNicu\u0219or Dan ar face o mare gre\u0219eal\u0103 dac\u0103 ar contribui la c\u0103derea Guvernului Bolojan\u201d<\/h2>\n<p>\u00centrebat de ce apare \u00een spa\u021biul public varianta unui premier tehnocrat, \u00een condi\u021biile \u00een care exist\u0103 sus\u021binere pentru actualul prim-ministru Ilie Bolojan, Fenechiu a respins ideea c\u0103 acesta ar fi responsabil pentru criza politic\u0103.<\/p>\n<p><i>\u201eEu nu cred c\u0103 aceast\u0103 criz\u0103 a fost cauzat\u0103 de Ilie Bolojan. (&#8230;) \u00cen analiza logic\u0103 nu v\u0103d aceste lucruri. Nicu\u0219or Dan a spus-o: lucrurile se stabilesc \u00een Parlament. Recunosc c\u0103 mi-a\u0219 fi dorit un Nicu\u0219or Dan mai apropiat de Bolojan, dar nu sunt eu \u00een m\u0103sur\u0103 s\u0103 \u00eei fac analiza\u201d,<\/i> a declarat senatorul liberal.<\/p>\n<p>Fenechiu a avertizat c\u0103 \u0219eful statului ar putea pl\u0103ti politic dac\u0103 nu va sus\u021bine actualul Executiv.<\/p>\n<p><i>\u201eDac\u0103 Nicu\u0219or Dan nu va face tot ce poate ca s\u0103 \u00eel sus\u021bin\u0103 pe Bolojan, va deconta toate aceste nebunii pe care le face PSD\u201d, <\/i>a spus acesta.<\/p>\n<div class=\"_hydratable\" data-props=\"%7B%22type%22%3A%22video%22%2C%22data%22%3A%7B%22player_options%22%3A%7B%7D%2C%22video%22%3A%7B%22animated%22%3A0%2C%22created_at%22%3A%222026-04-22T12%3A13%3A06.000Z%22%2C%22created_by%22%3A143%2C%22entity_type%22%3A%22media%22%2C%22extension%22%3A%22mp4%22%2C%22id%22%3A%222161d7d6-4a22-407a-bcc2-d58b6e3c3431%22%2C%22origin_duration%22%3A47200%2C%22origin_hash%22%3A%2205c3fd7abfcc5d21a9ef97889c4a486e46f170d5%22%2C%22origin_height%22%3A1080%2C%22origin_name%22%3A%22Daca%20presedintele%20ar%20propune%20un%20premier%20tehnocrat%20ar%20fi%20o%20greseala.mp4%22%2C%22origin_size%22%3A29882570%2C%22origin_width%22%3A1920%2C%22path%22%3A%22video-2%2F2161d7d6-4a22-407a-bcc2-d58b6e3c3431%2Findex.m3u8%22%2C%22prevent_prune%22%3A0%2C%22published%22%3A0%2C%22restrict_domains%22%3Anull%2C%22status%22%3A%22ready%22%2C%22thumb%22%3A%22https%3A%2F%2Fcdn.adh.reperio.news%2Fvideo-2%2F2161d7d6-4a22-407a-bcc2-d58b6e3c3431%2Fthumb.0000000.jpg%22%2C%22title%22%3A%22Daca%20presedintele%20ar%20propune%20un%20premier%20tehnocrat%20ar%20fi%20o%20greseala%20mp4%22%2C%22type%22%3A%22video%22%2C%22updated_at%22%3A%222026-04-22T12%3A13%3A26.000Z%22%2C%22url%22%3A%22https%3A%2F%2Fcdn.adh.reperio.news%2Fvideo-2%2F2161d7d6-4a22-407a-bcc2-d58b6e3c3431%2Findex.m3u8%22%2C%22video_raw%22%3Anull%2C%22video_thumbnail%22%3A%22thumb.0000000.jpg%22%7D%7D%7D\" data-context=\"%7B%22parentBlockColumnCount%22%3A%7B%22value%22%3A0%2C%22type%22%3A%22store%2Freadable%22%7D%2C%22parentBlockBackgroundColor%22%3A%7B%22type%22%3A%22store%2Freadable%22%7D%7D\" data-component=\"EditorVideoPlayer\"><\/div>\n<p><i>\u201e\u00cen spa\u021biul public circul\u0103 ideea c\u0103 Nicu\u0219or Dan a \u00eencercat s\u0103 scape de Bolojan, care ar putea fi un adversar al lui N. Dan \u00een 2030. (&#8230;) . Nicu\u0219or Dan este matematician. Eu cred c\u0103 acolo era o capcan\u0103 \u00een care a picat (legat de m\u0103rirea TVA, de\u0219i ini\u021bial spunea c\u0103 d\u0103 \u00een scris c\u0103 nu va cre\u0219te TVA). Campania ridic\u0103 tensiunea oric\u0103rui candidat\u201d,\u00a0<\/i>a declarat Fenechiu.<\/p>\n<p><a class=\"related-inline svelte-1t8qpgs\" data-gtrack='{\"event\":\"utm_click\",\"data\":{\"event_category\":\"article_related\"}}' href=\"https:\/\/adevarul.ro\/politica\/senator-pnl-despre-candidatura-lui-calin-2417851.html\" title=\"Alt articol de interes pentru tine\"><span class=\"inline-title svelte-1t8qpgs\">Senator PNL, despre candidatura lui C\u0103lin Georgescu: \u201eSolu\u0163ia corect\u0103 ar fi de a nu i se permite\u201d<\/span><\/a><\/p>\n<p>\u00cen acela\u0219i context, senatorul PNL a ad\u0103ugat:<i> \u201eUneori \u00een via\u021b\u0103 conteaz\u0103 s\u0103 tr\u0103ie\u0219ti bine. Alteori conteaz\u0103 s\u0103 te po\u021bi privi \u00een oglind\u0103\u201d, <\/i>referindu-se la deciziile politice ale pre\u0219edintelui Nicu\u0219or Dan.<\/p>\n<h2>Stabilitatea conteaz\u0103<\/h2>\n<p>Senatorul liberal a vorbit \u0219i despre dificultatea partidelor de a transmite c\u0103tre popula\u021bie importan\u021ba stabilit\u0103\u021bii politice \u00een actualul context.<\/p>\n<p><i>\u201eNoi nu reu\u0219im s\u0103 le explic\u0103m rom\u00e2nilor de ce este at\u00e2t de important\u0103 aceast\u0103 stabilitate \u0219i de ce este important Ilie Bolojan\u201d, <\/i>a spus Daniel Fenechiu.<\/p>\n<h2>Avertisment privind agravarea crizei politice<\/h2>\n<p>Fenechiu a atras aten\u021bia asupra riscurilor generate de instabilitatea politic\u0103, subliniind impactul imediat asupra economiei \u0219i imaginii Rom\u00e2niei.<\/p>\n<p><i>\u201eDac\u0103 AUR \u00ee\u0219i dore\u0219te cu adev\u0103rat ca Rom\u00e2nia s\u0103 mearg\u0103 \u00eenainte, cred c\u0103, cel pu\u021bin p\u00e2n\u0103 \u00een august, orice demers de agravare a crizei politice ar trebui evitat. De abia a \u00eenceput acest scandal politic \u0219i a\u021bi v\u0103zut deja c\u0103 bursa a \u00eenchis pe ro\u0219u, iar pozi\u021bia Rom\u00e2niei \u00een fa\u021ba creditorilor interna\u021bionali se \u00eenr\u0103ut\u0103\u021be\u0219te\u201d, <\/i>a declarat acesta.<\/p>\n<div class=\"container-image  svelte-jd4qiv\"><source type=\"image\/webp\" srcset=\"https:\/\/cdn.adh.reperio.news\/image-b\/bd60dc7b-dd58-4f88-8a9a-5d9d34ffd927\/index.jpeg?p=a%3D1%26co%3D1.05%26w%3D1400%26h%3D750%26r%3Dcontain%26f%3Dwebp 1400w\" media=\"(min-width: 1400px)\" \/><\/p>\n<div class=\"caption\">Daniel Fenechiu, invitat la Interviurile Adev\u0103rul. FOTO: Adev\u0103rul<\/div>\n<\/div>\n<h2>PNL \u0219i AUR: puncte comune, dar f\u0103r\u0103 o alian\u021b\u0103<\/h2>\n<p>\u00cen cadrul interviului, Fenechiu a vorbit despre premierul Ilie Bolojan, pe care l-a descris drept <i>\u201eun tip serios\u201d, <\/i>spun\u00e2nd c\u0103 stilul s\u0103u de lucru este unul responsabil, adaptat contextului dificil actual.<\/p>\n<p><i>\u201eSe creeaz\u0103 un anumit tip de afinit\u0103\u021bi care se observ\u0103. Am v\u0103zut c\u0103 \u00een zona AUR respectul fa\u021b\u0103 de persoana lui Ilie Bolojan e destul de mare. Eu am avut \u0219i norocul s\u0103 fiu \u00een preajma lui Bolojan c\u00e2nd au \u00eenceput discu\u021biile cu AUR c\u0103 pre\u0219edinte al senatului, c\u00e2nd a eliminat 200 de posturi.\u00a0(&#8230;) Oamenii s-au prins c\u0103 Bolojan e un tip serios\u201d, <\/i>a declarat Fenechiu.<\/p>\n<h2>AUR, un guvern tot mai relevant, cu un discurs interna\u021bional nuan\u021bat<\/h2>\n<p>Senatorul liberal a abordat \u0219i tema rela\u021biei cu Alian\u021ba pentru Unirea Rom\u00e2nilor (AUR), men\u021bion\u00e2nd c\u0103 exist\u0103 anumite asem\u0103n\u0103ri \u00eentre cele dou\u0103 forma\u021biuni, \u00eens\u0103 a exclus ideea unei guvern\u0103ri comune.<\/p>\n<p><i>\u201eEu nu spun c\u0103 ar trebui f\u0103cut un guvern cu AUR\u201d, <\/i>a precizat Fenechiu, ad\u0103ug\u00e2nd totu\u0219i c\u0103 partidul condus de opozi\u021bie a trecut printr-o schimbare de discurs \u00een ultimii ani.<\/p>\n<p>Potrivit acestuia, AUR avea ini\u021bial o pozi\u021bie puternic eurosceptic\u0103, iar liderul forma\u021biunii era suspectat de rela\u021bii cu Rusia. <\/p>\n<p><i>\u201eVe\u021bi constata c\u0103 AUR \u0219i-a constat extrem de mult discursul interna\u021bional. AUR la momentul c\u00e2nd a \u00eenceput s\u0103 fie relevant avea o pozi\u021bie eurosceptic\u0103 major\u0103 (&#8230;)\u00a0Acum, AUR a mizat pe rela\u021bia cu Statele Unite, iar limbajul lor fa\u021b\u0103 de Uniunea European\u0103 a devenit mult mai nuan\u021bat\u201d, <\/i>a explicat senatorul PNL.<\/p>\n<p><a class=\"related-inline svelte-1t8qpgs\" data-gtrack='{\"event\":\"utm_click\",\"data\":{\"event_category\":\"article_related\"}}' href=\"https:\/\/adevarul.ro\/politica\/fenechiu-dezvaluie-cine-ar-putea-prelua-2421181.html\" title=\"Alt articol de interes pentru tine\"><span class=\"inline-title svelte-1t8qpgs\">Fenechiu dezv\u0103luie cine ar putea prelua pre\u0219edin\u021bia Senatului. \u201eEste singurul vicepre\u015fedinte din partea PNL\u201d<\/span><\/a><\/p>\n<div class=\"_hydratable\" data-props=\"%7B%22type%22%3A%22video%22%2C%22data%22%3A%7B%22player_options%22%3A%7B%7D%2C%22video%22%3A%7B%22animated%22%3A0%2C%22created_at%22%3A%222026-04-22T12%3A13%3A02.000Z%22%2C%22created_by%22%3A143%2C%22entity_type%22%3A%22media%22%2C%22extension%22%3A%22mp4%22%2C%22id%22%3A%22c8293627-fdc2-445b-bd3b-36b1308839be%22%2C%22origin_duration%22%3A44360%2C%22origin_hash%22%3A%225752d5d81a6cfc379fc233c883f8f37b3ba5af3d%22%2C%22origin_height%22%3A1080%2C%22origin_name%22%3A%22Aur%20a%20devenit%20relevant%20si%20frecventabil.mp4%22%2C%22origin_size%22%3A28124547%2C%22origin_width%22%3A1920%2C%22path%22%3A%22video-c%2Fc8293627-fdc2-445b-bd3b-36b1308839be%2Findex.m3u8%22%2C%22prevent_prune%22%3A0%2C%22published%22%3A0%2C%22restrict_domains%22%3Anull%2C%22status%22%3A%22ready%22%2C%22thumb%22%3A%22https%3A%2F%2Fcdn.adh.reperio.news%2Fvideo-c%2Fc8293627-fdc2-445b-bd3b-36b1308839be%2Fthumb.0000000.jpg%22%2C%22title%22%3A%22Aur%20a%20devenit%20relevant%20si%20frecventabil%20mp4%22%2C%22type%22%3A%22video%22%2C%22updated_at%22%3A%222026-04-22T12%3A13%3A21.000Z%22%2C%22url%22%3A%22https%3A%2F%2Fcdn.adh.reperio.news%2Fvideo-c%2Fc8293627-fdc2-445b-bd3b-36b1308839be%2Findex.m3u8%22%2C%22video_raw%22%3Anull%2C%22video_thumbnail%22%3A%22thumb.0000000.jpg%22%7D%7D%7D\" data-context=\"%7B%22parentBlockColumnCount%22%3A%7B%22value%22%3A0%2C%22type%22%3A%22store%2Freadable%22%7D%2C%22parentBlockBackgroundColor%22%3A%7B%22type%22%3A%22store%2Freadable%22%7D%7D\" data-component=\"EditorVideoPlayer\"><\/div>\n<h2>Situa\u021bia politic\u0103 din Rom\u00e2nia s-a acutizat<\/h2>\n<p>Criza politic\u0103 s-a acutizat dup\u0103 ce\u00a0<a href=\"https:\/\/adevarul.ro\/politica\/cutremur-politic-la-varf-pnl-in-sedinta-de-criza-2524040.html\">PSD a votat cov\u00e2r\u0219itor retragerea sprijinului pentru premierul Bolojan<\/a>. \u00cen replic\u0103, liberalii s-au reunit mar\u021bi \u00eentr-o \u0219edin\u021b\u0103 decisiv\u0103, \u00een care au transmis semnale de sus\u021binere pentru actualul prim-ministru, \u00een ciuda divergen\u021belor tot mai evidente din interiorul coali\u021biei.<\/p>\n<p>Surse politice citate de \u201eAdev\u0103rul\u201d sus\u021bin c\u0103 premierul\u00a0<a href=\"https:\/\/adevarul.ro\/politica\/surse-bolojan-numeste-tehnocrati-in-locul-2523728.html\">ar inten\u021biona s\u0103 \u00eei demit\u0103 joi, \u00een \u0219edin\u021ba de guvern, pe to\u021bi demnitarii PSD \u2013 de la mini\u0219tri la prefec\u021bi \u2013 \u0219i s\u0103 \u00eei \u00eenlocuiasc\u0103 cu tehnocra\u021bi\u00a0<\/a>\u0219i reprezentan\u021bi ai societ\u0103\u021bii civile.<\/p>\n<p>Totodat\u0103, conducerea PNL ar urma s\u0103 \u00eei cear\u0103 lui Sorin Grindeanu s\u0103 renun\u021be la func\u021bia de pre\u0219edinte al Camerei Deputa\u021bilor, pozi\u021bie ob\u021binut\u0103 de PSD \u00een urma negocierilor care au stat la baza form\u0103rii guvernului Bolojan. Potrivit acelora\u0219i surse, Grindeanu nu inten\u021bioneaz\u0103 s\u0103 demisioneze.<\/p>\n<p>PSD consider\u0103 c\u0103 actuala coali\u021bie poate continua, \u00eens\u0103 cu un alt premier, scenariu \u00een care social-democra\u021bii ar p\u0103stra \u0219efia Camerei Deputa\u021bilor, iar liberalii conducerea Senatului.<\/p>\n<p>USR acuz\u0103 PSD c\u0103 a provocat deliberat criza politic\u0103, pun\u00e2nd \u00een pericol stabilitatea guvern\u0103rii \u0219i accesarea fondurilor europene. Liderul partidului, Dominic Fritz, a criticat dur decizia social-democra\u021bilor, pe care a descris-o drept una \u201ecinic\u0103\u201d, luat\u0103 \u00eentr-un moment de vulnerabilitate economic\u0103 \u0219i geopolitic\u0103.<\/p>\n<p><\/main><\/p>\n<footer class=\"svelte-t0js42\">\n<div class=\"related-wrap related-footer svelte-1t8qpgs\"><span class=\"related-label svelte-1t8qpgs\">Cite\u0219te \u0219i<\/span><a class=\"related svelte-1t8qpgs\" data-gtrack='{\"event\":\"utm_click\",\"data\":{\"event_category\":\"article_related\"}}' href=\"https:\/\/adevarul.ro\/politica\/un-senator-pnl-le-ia-apararea-social-democratilor-2480921.html\" title=\"Alt articol de interes pentru tine\"><img decoding=\"async\" class=\"thumb svelte-1t8qpgs\" src=\"https:\/\/cdn.adh.reperio.news\/image-a\/a686ae15-47c1-4349-a681-b14f0c1262ea\/index.jpeg\" alt loading=\"lazy\" width=\"80\" height=\"54\"><span class=\"title svelte-1t8qpgs\">Un senator PNL le ia ap\u0103rarea social-democra\u021bilor dup\u0103 respingerea legii privind pensiile speciale ale magistra\u021bilor. \u201eNu putem vorbi de o interferen\u021b\u0103 cu PSD\u201d<\/span><\/a><\/div>\n<div class=\"meta svelte-t0js42\">\n<div class=\"authors svelte-t0js42\"><a href=\"\/author\/1899\" rel=\"author\" class=\"svelte-t0js42\">Maria \u0162aga<\/a>, <a href=\"\/author\/2086\" rel=\"author\" class=\"svelte-t0js42\">Oana Ababei<\/a><\/div>\n<div class=\"tags svelte-12okeyl\"><span class=\"tags-label metaFont svelte-12okeyl\">Cite\u0219te mai multe despre<\/span><\/p>\n<div class=\"tags-list svelte-12okeyl\"><a href=\"\/tag\/pnl\" title=\"Ultimele \u0219tiri despre pnl\" class=\"tag-pill svelte-12okeyl\">pnl<\/a><a href=\"\/tag\/exclusiv\" title=\"Ultimele \u0219tiri despre exclusiv\" class=\"tag-pill svelte-12okeyl\">exclusiv<\/a><a href=\"\/tag\/criza%20politica\" title=\"Ultimele \u0219tiri despre criza politica\" class=\"tag-pill svelte-12okeyl\">criza politica<\/a><\/div>\n<\/div>\n<\/div>\n<p><a class=\"moreFromCategory svelte-t0js42\" href=\"\/interviurile-adevarul\" title=\"Interviurile Adev\u0103rul\">Mai multe din <strong class=\"svelte-t0js42\">Interviurile Adev\u0103rul<\/strong> \u203a<\/a><\/footer>\n<\/article>\n<p>[analyse_source url=&#8221;https:\/\/adevarul.ro\/interviurile-adevarul\/senatorul-pnl-daniel-fenechiu-este-invitat-la-2524436.html&#8221;]<\/p>\n","protected":false},"excerpt":{"rendered":"<p>[analyse_image type=&#8221;featured&#8221; src=&#8221;https:\/\/cdn.adh.reperio.news\/image-a\/a4561f94-cada-4e1a-868e-4b84be09620e\/index.jpeg?p=f%3Djpeg%26w%3D1200%26h%3D630%26r%3Dcover%26c%3D0%252C0%252C1%252C1&#8243;] Home Video Interviurile Adev\u0103rul Ultimatum de la PNL pentru Nicu\u0219or Dan: \u201eUneori conteaz\u0103 s\u0103 te po\u021bi privi \u00een oglind\u0103\u201d. Senatorul Daniel Fenechiu la Interviurile Adev\u0103rul Senatorul Daniel Fenechiu lanseaz\u0103 un avertisment nea\u0219teptat c\u0103tre Palatul Cotroceni, la Interviurile Adevarul, subliniind c\u0103 pre\u0219edintele Nicu\u0219or Dan va purta \u00eentreaga responsabilitate politic\u0103 pentru ac\u021biunile PSD dac\u0103 [&hellip;]<\/p>\n","protected":false},"author":1,"featured_media":0,"comment_status":"open","ping_status":"","sticky":false,"template":"","format":"standard","meta":{"footnotes":""},"categories":[89],"tags":[19,226],"class_list":["post-1900890","post","type-post","status-publish","format-standard","hentry","category-romania","tag-adevarul","tag-crawlmanager"],"_links":{"self":[{"href":"https:\/\/analyse.optim.biz\/index.php?rest_route=\/wp\/v2\/posts\/1900890","targetHints":{"allow":["GET"]}}],"collection":[{"href":"https:\/\/analyse.optim.biz\/index.php?rest_route=\/wp\/v2\/posts"}],"about":[{"href":"https:\/\/analyse.optim.biz\/index.php?rest_route=\/wp\/v2\/types\/post"}],"author":[{"embeddable":true,"href":"https:\/\/analyse.optim.biz\/index.php?rest_route=\/wp\/v2\/users\/1"}],"replies":[{"embeddable":true,"href":"https:\/\/analyse.optim.biz\/index.php?rest_route=%2Fwp%2Fv2%2Fcomments&post=1900890"}],"version-history":[{"count":0,"href":"https:\/\/analyse.optim.biz\/index.php?rest_route=\/wp\/v2\/posts\/1900890\/revisions"}],"wp:attachment":[{"href":"https:\/\/analyse.optim.biz\/index.php?rest_route=%2Fwp%2Fv2%2Fmedia&parent=1900890"}],"wp:term":[{"taxonomy":"category","embeddable":true,"href":"https:\/\/analyse.optim.biz\/index.php?rest_route=%2Fwp%2Fv2%2Fcategories&post=1900890"},{"taxonomy":"post_tag","embeddable":true,"href":"https:\/\/analyse.optim.biz\/index.php?rest_route=%2Fwp%2Fv2%2Ftags&post=1900890"}],"curies":[{"name":"wp","href":"https:\/\/api.w.org\/{rel}","templated":true}]}}