{"id":190089,"date":"2014-12-18T13:39:24","date_gmt":"2014-12-18T10:39:24","guid":{"rendered":"https:\/\/analyse.optim.biz\/?p=190089"},"modified":"2014-12-18T13:39:24","modified_gmt":"2014-12-18T10:39:24","slug":"mircea-ionescu-quintus-e-bine-ca-in-fruntea-pnl-o-sa-fie-o-tanara-pentru-ca-femeile-nu-mint","status":"publish","type":"post","link":"https:\/\/analyse.optim.biz\/?p=190089","title":{"rendered":"Mircea Ionescu Quintus: E bine c\u0103 \u00een fruntea PNL o s\u0103 fie o t\u00e2n\u0103r\u0103 pentru c\u0103 femeile nu mint"},"content":{"rendered":"<div class=\"entry data-app-meta data-app-meta-article\" data-embed-base-url-canonical=\"https:\/\/www.digi24.ro\/embed\/stiri\/actualitate\/politica\/mircea-ionescu-quintus-e-bine-ca-in-fruntea-pnl-o-sa-fie-o-tanara-pentru-ca-femeile-nu-mint-336859\">\n<p data-index=\"1\">\u00centre Ludovic \u0219i Atanasiu l-a\u0219 fi ales pe Ludovic. E bine ca \u00een fruntea partidului s\u0103 fie o t\u00e2n\u0103r\u0103 pentru c\u0103 femeile nu mint. Alina Gorghiu este \u0219i t\u00e2n\u0103r\u0103, \u0219i femeie \u0219i merituoas\u0103.<\/p>\n<p data-index=\"2\"><span><strong><span>Citi\u021bi \u0219i:\u00a0<\/span><a href=\"https:\/\/www.digi24.ro\/Stiri\/Digi24\/Actualitate\/Politica\/ALEGERI+PRESEDINTE+PNL+ALINA+GORGHIU+LUDOVIC+ORBAN+IOHANNIS\" data-skip-linkfix=\"1\">Partidul Na\u021bional Liberal \u0219i-a ales pre\u0219edintele<\/a><\/strong><\/span><\/p>\n<\/div>\n<p> Source URL: https:\/\/www.digi24.ro\/stiri\/actualitate\/politica\/mircea-ionescu-quintus-e-bine-ca-in-fruntea-pnl-o-sa-fie-o-tanara-pentru-ca-femeile-nu-mint-336859<\/p>\n","protected":false},"excerpt":{"rendered":"<p>\u00centre Ludovic \u0219i Atanasiu l-a\u0219 fi ales pe Ludovic. E bine ca \u00een fruntea partidului s\u0103 fie o t\u00e2n\u0103r\u0103 pentru c\u0103 femeile nu mint. Alina Gorghiu este \u0219i t\u00e2n\u0103r\u0103, \u0219i femeie \u0219i merituoas\u0103. Citi\u021bi \u0219i:\u00a0Partidul Na\u021bional Liberal \u0219i-a ales pre\u0219edintele Source URL: https:\/\/www.digi24.ro\/stiri\/actualitate\/politica\/mircea-ionescu-quintus-e-bine-ca-in-fruntea-pnl-o-sa-fie-o-tanara-pentru-ca-femeile-nu-mint-336859<\/p>\n","protected":false},"author":1,"featured_media":190090,"comment_status":"open","ping_status":"","sticky":false,"template":"","format":"standard","meta":{"footnotes":""},"categories":[2],"tags":[11],"class_list":["post-190089","post","type-post","status-publish","format-standard","has-post-thumbnail","hentry","category-politics","tag-digi24"],"_links":{"self":[{"href":"https:\/\/analyse.optim.biz\/index.php?rest_route=\/wp\/v2\/posts\/190089","targetHints":{"allow":["GET"]}}],"collection":[{"href":"https:\/\/analyse.optim.biz\/index.php?rest_route=\/wp\/v2\/posts"}],"about":[{"href":"https:\/\/analyse.optim.biz\/index.php?rest_route=\/wp\/v2\/types\/post"}],"author":[{"embeddable":true,"href":"https:\/\/analyse.optim.biz\/index.php?rest_route=\/wp\/v2\/users\/1"}],"replies":[{"embeddable":true,"href":"https:\/\/analyse.optim.biz\/index.php?rest_route=%2Fwp%2Fv2%2Fcomments&post=190089"}],"version-history":[{"count":0,"href":"https:\/\/analyse.optim.biz\/index.php?rest_route=\/wp\/v2\/posts\/190089\/revisions"}],"wp:featuredmedia":[{"embeddable":true,"href":"https:\/\/analyse.optim.biz\/index.php?rest_route=\/wp\/v2\/media\/190090"}],"wp:attachment":[{"href":"https:\/\/analyse.optim.biz\/index.php?rest_route=%2Fwp%2Fv2%2Fmedia&parent=190089"}],"wp:term":[{"taxonomy":"category","embeddable":true,"href":"https:\/\/analyse.optim.biz\/index.php?rest_route=%2Fwp%2Fv2%2Fcategories&post=190089"},{"taxonomy":"post_tag","embeddable":true,"href":"https:\/\/analyse.optim.biz\/index.php?rest_route=%2Fwp%2Fv2%2Ftags&post=190089"}],"curies":[{"name":"wp","href":"https:\/\/api.w.org\/{rel}","templated":true}]}}