{"id":190086,"date":"2014-12-18T13:52:18","date_gmt":"2014-12-18T10:52:18","guid":{"rendered":"https:\/\/analyse.optim.biz\/?p=190086"},"modified":"2014-12-18T13:52:18","modified_gmt":"2014-12-18T10:52:18","slug":"vasile-blaga-despre-alegerea-alinei-gorghiu-in-functia-de-copresedinte-al-pnl","status":"publish","type":"post","link":"https:\/\/analyse.optim.biz\/?p=190086","title":{"rendered":"Vasile Blaga, despre alegerea Alinei Gorghiu \u00een func\u0163ia de copre\u015fedinte al PNL"},"content":{"rendered":"<div class=\"entry data-app-meta data-app-meta-article\" data-embed-base-url-canonical=\"https:\/\/www.digi24.ro\/embed\/stiri\/actualitate\/politica\/vasile-blaga-despre-alegerea-alinei-gorghiu-in-functia-de-copresedinte-al-pnl-336869\">\n<p data-index=\"1\"><img decoding=\"async\" src=\"https:\/\/analyse.optim.biz\/wp-content\/uploads\/2024\/09\/mdamagfzad0yy2m5mjg0ntvimjq1yzc4zdhkogu5nte3otfjzmq5za-thumb_.jpg\" data-skip-htmlfix=\"1\" title=\"mdamagfzad0yy2m5mjg0ntvimjq1yzc4zdhkogu5nte3otfjzmq5za-thumb_\"><\/p>\n<p data-index=\"2\">\u201eSalut alegerea Alinei Gorghiu \u00een func\u021bia de co-pre\u0219edinte al marelui Partid Na\u021bional Liberal \u0219i sunt convins c\u0103 \u00eempreun\u0103 vom reu\u0219i s\u0103 atingem obiectivul curajos pe care ni l-am propus cu to\u021bii \u00een urm\u0103 cu jum\u0103tate de an: fuziunea deplin\u0103 a PNL cu PDL \u0219i unificarea dreptei \u00eentr-o singur\u0103 for\u021b\u0103 politic\u0103, puternic\u0103 \u0219i determinat\u0103.<\/p>\n<p data-index=\"3\">S-a f\u0103cut ast\u0103zi \u00eenc\u0103 un pas \u00een construirea celui mai mare partid de dreapta din Rom\u00e2nia, noul Partid Na\u021bional Liberal. \u00cei asigur pe rom\u00e2ni c\u0103 vom respecta mesajul pe care ni l-au transmis prin votul din 16 noiembrie \u0219i vom duce la \u00eendeplinire proiectul de \u021bar\u0103 propus \u0219i sus\u021binut de pre\u0219edintele Klaus Iohannis.<\/p>\n<p data-index=\"4\">Doamne-ajut\u0103!\u201d, este mesajul co-pre\u015fedintelui PNL, Vasile Blaga.<\/p>\n<\/div>\n<p> Source URL: https:\/\/www.digi24.ro\/stiri\/actualitate\/politica\/vasile-blaga-despre-alegerea-alinei-gorghiu-in-functia-de-copresedinte-al-pnl-336869<\/p>\n","protected":false},"excerpt":{"rendered":"<p>\u201eSalut alegerea Alinei Gorghiu \u00een func\u021bia de co-pre\u0219edinte al marelui Partid Na\u021bional Liberal \u0219i sunt convins c\u0103 \u00eempreun\u0103 vom reu\u0219i s\u0103 atingem obiectivul curajos pe care ni l-am propus cu to\u021bii \u00een urm\u0103 cu jum\u0103tate de an: fuziunea deplin\u0103 a PNL cu PDL \u0219i unificarea dreptei \u00eentr-o singur\u0103 for\u021b\u0103 politic\u0103, puternic\u0103 \u0219i determinat\u0103. S-a f\u0103cut [&hellip;]<\/p>\n","protected":false},"author":1,"featured_media":190087,"comment_status":"open","ping_status":"","sticky":false,"template":"","format":"standard","meta":{"footnotes":""},"categories":[2],"tags":[11],"class_list":["post-190086","post","type-post","status-publish","format-standard","has-post-thumbnail","hentry","category-politics","tag-digi24"],"_links":{"self":[{"href":"https:\/\/analyse.optim.biz\/index.php?rest_route=\/wp\/v2\/posts\/190086","targetHints":{"allow":["GET"]}}],"collection":[{"href":"https:\/\/analyse.optim.biz\/index.php?rest_route=\/wp\/v2\/posts"}],"about":[{"href":"https:\/\/analyse.optim.biz\/index.php?rest_route=\/wp\/v2\/types\/post"}],"author":[{"embeddable":true,"href":"https:\/\/analyse.optim.biz\/index.php?rest_route=\/wp\/v2\/users\/1"}],"replies":[{"embeddable":true,"href":"https:\/\/analyse.optim.biz\/index.php?rest_route=%2Fwp%2Fv2%2Fcomments&post=190086"}],"version-history":[{"count":0,"href":"https:\/\/analyse.optim.biz\/index.php?rest_route=\/wp\/v2\/posts\/190086\/revisions"}],"wp:featuredmedia":[{"embeddable":true,"href":"https:\/\/analyse.optim.biz\/index.php?rest_route=\/wp\/v2\/media\/190087"}],"wp:attachment":[{"href":"https:\/\/analyse.optim.biz\/index.php?rest_route=%2Fwp%2Fv2%2Fmedia&parent=190086"}],"wp:term":[{"taxonomy":"category","embeddable":true,"href":"https:\/\/analyse.optim.biz\/index.php?rest_route=%2Fwp%2Fv2%2Fcategories&post=190086"},{"taxonomy":"post_tag","embeddable":true,"href":"https:\/\/analyse.optim.biz\/index.php?rest_route=%2Fwp%2Fv2%2Ftags&post=190086"}],"curies":[{"name":"wp","href":"https:\/\/api.w.org\/{rel}","templated":true}]}}