{"id":1900704,"date":"2026-04-24T14:32:26","date_gmt":"2026-04-24T11:32:26","guid":{"rendered":"https:\/\/analyse.optim.biz\/?p=1900704"},"modified":"2026-04-24T14:32:26","modified_gmt":"2026-04-24T11:32:26","slug":"primarul-vasile-rimbu-propune-desfiintarea-comisiei-pentru-actualizarea-regulamentului-parcarilor-din-suceava","status":"publish","type":"post","link":"https:\/\/analyse.optim.biz\/?p=1900704","title":{"rendered":"Primarul Vasile R\u00eembu propune desfiin\u021barea comisiei pentru actualizarea Regulamentului parc\u0103rilor din Suceava"},"content":{"rendered":"<p>[analyse_image type=&#8221;featured&#8221; src=&#8221;https:\/\/www.newsbucovina.ro\/wp-content\/uploads\/2026\/03\/rimbu.pnghttps:\/\/cdn.newsbucovina.ro\/wp-content\/uploads\/2026\/03\/rimbu.png&#8221;]<\/p>\n<div class=\"td-post-content tagdiv-type\">\n<div class=\"td-a-rec td-a-rec-id-content_top  tdi_3 td_block_template_1\"><strong>Intr\u0103 acum \u0219i \u00een grupul de <\/p>\n<div class=\"wp-block-button\"><a class=\"wp-block-button__link wp-element-button\" href=\"https:\/\/t.me\/+TH8wcfnp8fw5NWI0\">Telegram News Bucovina<\/a><\/div>\n<p><\/strong><\/div>\n<p>Primarul Sucevei Vasile R\u00eembu a ini\u021biat un proiect de hot\u0103r\u00e2re prin care solicit\u0103 revocarea Hot\u0103r\u00e2rii Consiliului Local nr. 80\/2026 privind constituirea comisiei de elaborare a unui nou Regulament de func\u021bionare a Serviciului parc\u0103ri auto de re\u0219edin\u021b\u0103.<\/p>\n<figure class=\"wp-block-image size-large\"><a href=\"https:\/\/cdn.newsbucovina.ro\/wp-content\/uploads\/2026\/02\/rimbu.png\"><img loading=\"lazy\" decoding=\"async\" width=\"1024\" height=\"499\" src=\"https:\/\/cdn.newsbucovina.ro\/wp-content\/uploads\/2026\/02\/rimbu-1024x499.png\" alt class=\"wp-image-432920\"><\/a><\/figure>\n<p>Motivul principal \u00eel reprezint\u0103 ac\u021biunea \u00een contencios administrativ formulat\u0103 de Institu\u021bia Prefectului \u0219i suspendarea de drept a regulamentului anterior.<\/p>\n<p>Potrivit referatului de aprobare, Hot\u0103r\u00e2rea nr. 80\/2026 a fost adoptat\u0103 pentru a analiza \u0219i actualiza prevederile Regulamentului aprobat prin HCL nr. 321\/2025, urm\u00e2nd s\u0103 preia propuneri din consult\u0103rile publice \u0219i institu\u021bionale. <\/p>\n<p>Demersul consiliului local a venit ca urmare a unei adrese a Prefecturii Suceava (nr. 2156\/10\/5 din 16.03.2026), prin care se solicita reanalizarea actului pentru asigurarea conformit\u0103\u021bii cu principiile legalit\u0103\u021bii, transparen\u021bei, egalit\u0103\u021bii de tratament \u0219i propor\u021bionalit\u0103\u021bii.\u00cens\u0103, la data de 3 aprilie 2026, Prefectura a informat Consiliul Local c\u0103 a introdus ac\u021biune \u00een contencios administrativ av\u00e2nd ca obiect anularea Hot\u0103r\u00e2rii nr. 321\/2025. <\/p>\n<p>Conform art. 3 alin. (1) \u0219i (3) din Legea nr. 554\/2004 a contenciosului administrativ, actul atacat de prefect este suspendat de drept p\u00e2n\u0103 la solu\u021bionarea definitiv\u0103 a cauzei.<\/p>\n<p>\u201eAv\u00e2nd \u00een vedere situa\u021bia de fapt \u0219i de drept mai sus expus\u0103, p\u00e2n\u0103 la solu\u021bionarea definitiv\u0103 a ac\u021biunii \u00een contencios administrativ nu pot fi adoptate alte reglement\u0103ri similare, astfel \u00eenc\u00e2t Hot\u0103r\u00e2rea Consiliului Local nr. 80\/2026 nu poate fi pus\u0103 \u00een aplicare\u201d, se arat\u0103 \u00een referatul \u00eentocmit de primar.<\/p>\n<p>\u00cen consecin\u021b\u0103, Vasile R\u00eembu propune dezbaterea \u0219i aprobarea \u00een plenul Consiliului Local a proiectului de hot\u0103r\u00e2re privind revocarea HCL nr. 80\/2026. <\/p>\n<p>M\u0103sura vizeaz\u0103 evitarea oric\u0103ror complica\u021bii legale pe perioada suspend\u0103rii regulamentului ini\u021bial.<\/p>\n<p>Proiectul urmeaz\u0103 s\u0103 intre pe ordinea de zi a \u0219edin\u021bei din 30 aprilie a Consiliului Local al municipiului Suceava.<\/p>\n<p> Situa\u021bia reflect\u0103 tensiunile existente \u00eentre administra\u021bia local\u0103 \u0219i Institu\u021bia Prefectului pe tema reglement\u0103rii parc\u0103rilor de domiciliu \u0219i \u00een regim mixt cu autotaxare.<\/p>\n<figure class=\"wp-block-embed is-type-video is-provider-youtube wp-block-embed-youtube wp-embed-aspect-16-9 wp-has-aspect-ratio\">\n<div class=\"wp-block-embed__wrapper\">\n<div class=\"youtube-embed\" data-video_id=\"WQLXcNbbIqs\"><iframe loading=\"lazy\" title=\"De la Furc\u0103 p\u00e2n\u0103 la Furculi\u021b\u0103 la cap\u0103t de Schengen - Familia care a pariat totul pe VITA rom\u00e2neasc\u0103\" width=\"696\" height=\"392\" src=\"https:\/\/www.youtube.com\/embed\/WQLXcNbbIqs?feature=oembed&amp;enablejsapi=1\" frameborder allow=\"accelerometer; autoplay; clipboard-write; encrypted-media; gyroscope; picture-in-picture; web-share\" referrerpolicy=\"strict-origin-when-cross-origin\" allowfullscreen><\/iframe><\/div>\n<\/div>\n<\/figure>\n<div class=\"td-a-rec td-a-rec-id-content_bottom  tdi_4 td_block_template_1\"><strong>Intr\u0103 acum \u0219i \u00een grupul de <\/p>\n<div class=\"wp-block-button\"><a class=\"wp-block-button__link wp-element-button\" href=\"https:\/\/t.me\/+TH8wcfnp8fw5NWI0\">Telegram News Bucovina<\/a><\/div>\n<p><\/strong><\/div>\n<\/div>\n<div class=\"td-post-content tagdiv-type\">\n<div class=\"td-a-rec td-a-rec-id-content_top  tdi_3 td_block_template_1\"><strong>Intr\u0103 acum \u0219i \u00een grupul de <\/p>\n<div class=\"wp-block-button\"><a class=\"wp-block-button__link wp-element-button\" href=\"https:\/\/t.me\/+TH8wcfnp8fw5NWI0\">Telegram News Bucovina<\/a><\/div>\n<p><\/strong><\/div>\n<p>Primarul Sucevei Vasile R\u00eembu a ini\u021biat un proiect de hot\u0103r\u00e2re prin care solicit\u0103 revocarea Hot\u0103r\u00e2rii Consiliului Local nr. 80\/2026 privind constituirea comisiei de elaborare a unui nou Regulament de func\u021bionare a Serviciului parc\u0103ri auto de re\u0219edin\u021b\u0103.<\/p>\n<figure class=\"wp-block-image size-large\"><a href=\"https:\/\/cdn.newsbucovina.ro\/wp-content\/uploads\/2026\/02\/rimbu.png\"><img loading=\"lazy\" decoding=\"async\" width=\"1024\" height=\"499\" src=\"https:\/\/cdn.newsbucovina.ro\/wp-content\/uploads\/2026\/02\/rimbu-1024x499.png\" alt class=\"wp-image-432920\"><\/a><\/figure>\n<p>Motivul principal \u00eel reprezint\u0103 ac\u021biunea \u00een contencios administrativ formulat\u0103 de Institu\u021bia Prefectului \u0219i suspendarea de drept a regulamentului anterior.<\/p>\n<p>Potrivit referatului de aprobare, Hot\u0103r\u00e2rea nr. 80\/2026 a fost adoptat\u0103 pentru a analiza \u0219i actualiza prevederile Regulamentului aprobat prin HCL nr. 321\/2025, urm\u00e2nd s\u0103 preia propuneri din consult\u0103rile publice \u0219i institu\u021bionale. <\/p>\n<p>Demersul consiliului local a venit ca urmare a unei adrese a Prefecturii Suceava (nr. 2156\/10\/5 din 16.03.2026), prin care se solicita reanalizarea actului pentru asigurarea conformit\u0103\u021bii cu principiile legalit\u0103\u021bii, transparen\u021bei, egalit\u0103\u021bii de tratament \u0219i propor\u021bionalit\u0103\u021bii.\u00cens\u0103, la data de 3 aprilie 2026, Prefectura a informat Consiliul Local c\u0103 a introdus ac\u021biune \u00een contencios administrativ av\u00e2nd ca obiect anularea Hot\u0103r\u00e2rii nr. 321\/2025. <\/p>\n<p>Conform art. 3 alin. (1) \u0219i (3) din Legea nr. 554\/2004 a contenciosului administrativ, actul atacat de prefect este suspendat de drept p\u00e2n\u0103 la solu\u021bionarea definitiv\u0103 a cauzei.<\/p>\n<p>\u201eAv\u00e2nd \u00een vedere situa\u021bia de fapt \u0219i de drept mai sus expus\u0103, p\u00e2n\u0103 la solu\u021bionarea definitiv\u0103 a ac\u021biunii \u00een contencios administrativ nu pot fi adoptate alte reglement\u0103ri similare, astfel \u00eenc\u00e2t Hot\u0103r\u00e2rea Consiliului Local nr. 80\/2026 nu poate fi pus\u0103 \u00een aplicare\u201d, se arat\u0103 \u00een referatul \u00eentocmit de primar.<\/p>\n<p>\u00cen consecin\u021b\u0103, Vasile R\u00eembu propune dezbaterea \u0219i aprobarea \u00een plenul Consiliului Local a proiectului de hot\u0103r\u00e2re privind revocarea HCL nr. 80\/2026. <\/p>\n<p>M\u0103sura vizeaz\u0103 evitarea oric\u0103ror complica\u021bii legale pe perioada suspend\u0103rii regulamentului ini\u021bial.<\/p>\n<p>Proiectul urmeaz\u0103 s\u0103 intre pe ordinea de zi a \u0219edin\u021bei din 30 aprilie a Consiliului Local al municipiului Suceava.<\/p>\n<p> Situa\u021bia reflect\u0103 tensiunile existente \u00eentre administra\u021bia local\u0103 \u0219i Institu\u021bia Prefectului pe tema reglement\u0103rii parc\u0103rilor de domiciliu \u0219i \u00een regim mixt cu autotaxare.<\/p>\n<figure class=\"wp-block-embed is-type-video is-provider-youtube wp-block-embed-youtube wp-embed-aspect-16-9 wp-has-aspect-ratio\">\n<div class=\"wp-block-embed__wrapper\">\n<div class=\"youtube-embed\" data-video_id=\"WQLXcNbbIqs\"><iframe loading=\"lazy\" title=\"De la Furc\u0103 p\u00e2n\u0103 la Furculi\u021b\u0103 la cap\u0103t de Schengen - Familia care a pariat totul pe VITA rom\u00e2neasc\u0103\" width=\"696\" height=\"392\" src=\"https:\/\/www.youtube.com\/embed\/WQLXcNbbIqs?feature=oembed&amp;enablejsapi=1\" frameborder allow=\"accelerometer; autoplay; clipboard-write; encrypted-media; gyroscope; picture-in-picture; web-share\" referrerpolicy=\"strict-origin-when-cross-origin\" allowfullscreen><\/iframe><\/div>\n<\/div>\n<\/figure>\n<div class=\"td-a-rec td-a-rec-id-content_bottom  tdi_4 td_block_template_1\"><strong>Intr\u0103 acum \u0219i \u00een grupul de <\/p>\n<div class=\"wp-block-button\"><a class=\"wp-block-button__link wp-element-button\" href=\"https:\/\/t.me\/+TH8wcfnp8fw5NWI0\">Telegram News Bucovina<\/a><\/div>\n<p><\/strong><\/div>\n<\/div>\n<p>[analyse_source url=&#8221;https:\/\/www.newsbucovina.ro\/actualitate\/436991\/primarul-vasile-rimbu-propune-desfiintarea-comisiei-pentru-actualizarea-regulamentului-parcarilor-din-suceava&#8221;]<\/p>\n","protected":false},"excerpt":{"rendered":"<p>[analyse_image type=&#8221;featured&#8221; src=&#8221;https:\/\/www.newsbucovina.ro\/wp-content\/uploads\/2026\/03\/rimbu.pnghttps:\/\/cdn.newsbucovina.ro\/wp-content\/uploads\/2026\/03\/rimbu.png&#8221;] Intr\u0103 acum \u0219i \u00een grupul de Telegram News Bucovina Primarul Sucevei Vasile R\u00eembu a ini\u021biat un proiect de hot\u0103r\u00e2re prin care solicit\u0103 revocarea Hot\u0103r\u00e2rii Consiliului Local nr. 80\/2026 privind constituirea comisiei de elaborare a unui nou Regulament de func\u021bionare a Serviciului parc\u0103ri auto de re\u0219edin\u021b\u0103. Motivul principal \u00eel reprezint\u0103 ac\u021biunea \u00een contencios [&hellip;]<\/p>\n","protected":false},"author":1,"featured_media":0,"comment_status":"open","ping_status":"","sticky":false,"template":"","format":"standard","meta":{"footnotes":""},"categories":[89],"tags":[226,165],"class_list":["post-1900704","post","type-post","status-publish","format-standard","hentry","category-romania","tag-crawlmanager","tag-newsbucovina-ro"],"_links":{"self":[{"href":"https:\/\/analyse.optim.biz\/index.php?rest_route=\/wp\/v2\/posts\/1900704","targetHints":{"allow":["GET"]}}],"collection":[{"href":"https:\/\/analyse.optim.biz\/index.php?rest_route=\/wp\/v2\/posts"}],"about":[{"href":"https:\/\/analyse.optim.biz\/index.php?rest_route=\/wp\/v2\/types\/post"}],"author":[{"embeddable":true,"href":"https:\/\/analyse.optim.biz\/index.php?rest_route=\/wp\/v2\/users\/1"}],"replies":[{"embeddable":true,"href":"https:\/\/analyse.optim.biz\/index.php?rest_route=%2Fwp%2Fv2%2Fcomments&post=1900704"}],"version-history":[{"count":0,"href":"https:\/\/analyse.optim.biz\/index.php?rest_route=\/wp\/v2\/posts\/1900704\/revisions"}],"wp:attachment":[{"href":"https:\/\/analyse.optim.biz\/index.php?rest_route=%2Fwp%2Fv2%2Fmedia&parent=1900704"}],"wp:term":[{"taxonomy":"category","embeddable":true,"href":"https:\/\/analyse.optim.biz\/index.php?rest_route=%2Fwp%2Fv2%2Fcategories&post=1900704"},{"taxonomy":"post_tag","embeddable":true,"href":"https:\/\/analyse.optim.biz\/index.php?rest_route=%2Fwp%2Fv2%2Ftags&post=1900704"}],"curies":[{"name":"wp","href":"https:\/\/api.w.org\/{rel}","templated":true}]}}