{"id":1900702,"date":"2026-04-24T12:23:31","date_gmt":"2026-04-24T09:23:31","guid":{"rendered":"https:\/\/analyse.optim.biz\/?p=1900702"},"modified":"2026-04-24T12:23:31","modified_gmt":"2026-04-24T09:23:31","slug":"respingere-categorica-a-autorizatiei-de-mediu-pentru-depozitul-de-deseuri-de-la-pojorata","status":"publish","type":"post","link":"https:\/\/analyse.optim.biz\/?p=1900702","title":{"rendered":"Respingere categoric\u0103 a autoriza\u021biei de mediu pentru depozitul de de\u0219euri de la Pojor\u00e2ta"},"content":{"rendered":"<p>[analyse_image type=&#8221;featured&#8221; src=&#8221;https:\/\/www.newsbucovina.ro\/wp-content\/uploads\/2023\/04\/groapa-depozit-mestecanis.jpghttps:\/\/cdn.newsbucovina.ro\/wp-content\/uploads\/2023\/04\/groapa-depozit-mestecanis.jpg&#8221;]<\/p>\n<div class=\"td-post-content tagdiv-type\">\n<div class=\"td-a-rec td-a-rec-id-content_top  tdi_3 td_block_template_1\"><strong>Intr\u0103 acum \u0219i \u00een grupul de <\/p>\n<div class=\"wp-block-button\"><a class=\"wp-block-button__link wp-element-button\" href=\"https:\/\/t.me\/+TH8wcfnp8fw5NWI0\">Telegram News Bucovina<\/a><\/div>\n<p><\/strong><\/div>\n<p>Direc\u021bia Jude\u021bean\u0103 de Mediu Suceava a respins, vineri 24 aprilie 2026, solicitarea de emitere a autoriza\u021biei integrate de mediu pentru \u201eDepozitul ecologic de de\u0219euri Pojor\u00e2ta\u201d, parte a Centrului de Management Integrat al De\u0219eurilor Pojor\u00e2ta.<\/p>\n<figure class=\"wp-block-image size-full\"><a href=\"https:\/\/cdn.newsbucovina.ro\/wp-content\/uploads\/2023\/04\/groapa-depozit-mestecanis.jpg\"><img loading=\"lazy\" decoding=\"async\" width=\"730\" height=\"505\" src=\"https:\/\/cdn.newsbucovina.ro\/wp-content\/uploads\/2023\/04\/groapa-depozit-mestecanis.jpg\" alt class=\"wp-image-363008\"><\/a><\/figure>\n<p>Decizia a fost luat\u0103 \u00een \u0219edin\u021ba Comisiei de Analiz\u0103 Tehnic\u0103, convocat\u0103 conform Legii nr. 278\/2013 \u0219i Ordinului nr. 818\/2003, principalul motiv fiind nerespectarea distan\u021bei legale de minimum 1.000 de metri dintre corpul depozitului \u0219i locuin\u021bele din zon\u0103.<\/p>\n<p>Potrivit comunicatului de pres\u0103 transmis de institu\u021bie, documenta\u021bia depus\u0103 de Consiliul Jude\u021bean Suceava ar\u0103ta c\u0103, \u00een anumite puncte, distan\u021ba dintre depozit \u0219i casele din apropiere este sub 1.000 de metri. <\/p>\n<p>De\u0219i beneficiarul a prezentat un studiu de impact asupra s\u0103n\u0103t\u0103\u021bii publice realizat de Institutul Na\u021bional de S\u0103n\u0103tate Public\u0103 \u2013 Centrul Regional de S\u0103n\u0103tate Public\u0103 Ia\u0219i (Studiul nr. 2816\/20.06.2019), modific\u0103rile legislative ulterioare au eliminat posibilitatea reducerii acestei distan\u021be.Concret, art. 20 alin. (1) din Normele de igien\u0103 \u0219i s\u0103n\u0103tate public\u0103 (aprobate prin Ordinul MS nr. 119\/2014) a fost abrogat prin Ordinul nr. 562\/2023, ca urmare a unei sentin\u021be judec\u0103tore\u0219ti, astfel \u00eenc\u00e2t distan\u021ba de 1.000 de metri este acum obligatorie \u0219i nu mai poate fi modificat\u0103.Decizia \u021bine cont \u0219i de:Directiva 1999\/31\/CE privind depozitarea de\u0219eurilor;O.G. nr. 2\/2021 privind depozitarea de\u0219eurilor (care a \u00eenlocuit H.G. nr. 349\/2005);Normele de igien\u0103 \u0219i s\u0103n\u0103tate public\u0103 actualizate prin Ordinul MS nr. 1257\/2023.<\/p>\n<p>Procedura a fost una transparent\u0103: publicul a fost informat prin anun\u021buri repetate, documenta\u021bia a fost afi\u0219at\u0103 pe site-ul institu\u021biei, a avut loc o dezbatere public\u0103 cu participarea a 103 persoane \u0219i au fost \u00eenregistrate aproximativ 678 de observa\u021bii \u0219i interpel\u0103ri din partea cet\u0103\u021benilor.<\/p>\n<p>Directorul Direc\u021biei Jude\u021bene de Mediu Suceava, Maria M\u0103d\u0103lina Siminic, a semnat comunicatul prin care se anun\u021b\u0103 publicul interesat c\u0103 solicitarea a fost respins\u0103 definitiv \u00een aceast\u0103 etap\u0103.<\/p>\n<figure class=\"wp-block-embed is-type-video is-provider-youtube wp-block-embed-youtube wp-embed-aspect-16-9 wp-has-aspect-ratio\">\n<div class=\"wp-block-embed__wrapper\">\n<div class=\"youtube-embed\" data-video_id=\"WQLXcNbbIqs\"><iframe loading=\"lazy\" title=\"De la Furc\u0103 p\u00e2n\u0103 la Furculi\u021b\u0103 la cap\u0103t de Schengen - Familia care a pariat totul pe VITA rom\u00e2neasc\u0103\" width=\"696\" height=\"392\" src=\"https:\/\/www.youtube.com\/embed\/WQLXcNbbIqs?feature=oembed&amp;enablejsapi=1\" frameborder allow=\"accelerometer; autoplay; clipboard-write; encrypted-media; gyroscope; picture-in-picture; web-share\" referrerpolicy=\"strict-origin-when-cross-origin\" allowfullscreen><\/iframe><\/div>\n<\/div>\n<\/figure>\n<div class=\"td-a-rec td-a-rec-id-content_bottom  tdi_4 td_block_template_1\"><strong>Intr\u0103 acum \u0219i \u00een grupul de <\/p>\n<div class=\"wp-block-button\"><a class=\"wp-block-button__link wp-element-button\" href=\"https:\/\/t.me\/+TH8wcfnp8fw5NWI0\">Telegram News Bucovina<\/a><\/div>\n<p><\/strong><\/div>\n<\/div>\n<div class=\"td-post-content tagdiv-type\">\n<div class=\"td-a-rec td-a-rec-id-content_top  tdi_3 td_block_template_1\"><strong>Intr\u0103 acum \u0219i \u00een grupul de <\/p>\n<div class=\"wp-block-button\"><a class=\"wp-block-button__link wp-element-button\" href=\"https:\/\/t.me\/+TH8wcfnp8fw5NWI0\">Telegram News Bucovina<\/a><\/div>\n<p><\/strong><\/div>\n<p>Direc\u021bia Jude\u021bean\u0103 de Mediu Suceava a respins, vineri 24 aprilie 2026, solicitarea de emitere a autoriza\u021biei integrate de mediu pentru \u201eDepozitul ecologic de de\u0219euri Pojor\u00e2ta\u201d, parte a Centrului de Management Integrat al De\u0219eurilor Pojor\u00e2ta.<\/p>\n<figure class=\"wp-block-image size-full\"><a href=\"https:\/\/cdn.newsbucovina.ro\/wp-content\/uploads\/2023\/04\/groapa-depozit-mestecanis.jpg\"><img loading=\"lazy\" decoding=\"async\" width=\"730\" height=\"505\" src=\"https:\/\/cdn.newsbucovina.ro\/wp-content\/uploads\/2023\/04\/groapa-depozit-mestecanis.jpg\" alt class=\"wp-image-363008\"><\/a><\/figure>\n<p>Decizia a fost luat\u0103 \u00een \u0219edin\u021ba Comisiei de Analiz\u0103 Tehnic\u0103, convocat\u0103 conform Legii nr. 278\/2013 \u0219i Ordinului nr. 818\/2003, principalul motiv fiind nerespectarea distan\u021bei legale de minimum 1.000 de metri dintre corpul depozitului \u0219i locuin\u021bele din zon\u0103.<\/p>\n<p>Potrivit comunicatului de pres\u0103 transmis de institu\u021bie, documenta\u021bia depus\u0103 de Consiliul Jude\u021bean Suceava ar\u0103ta c\u0103, \u00een anumite puncte, distan\u021ba dintre depozit \u0219i casele din apropiere este sub 1.000 de metri. <\/p>\n<p>De\u0219i beneficiarul a prezentat un studiu de impact asupra s\u0103n\u0103t\u0103\u021bii publice realizat de Institutul Na\u021bional de S\u0103n\u0103tate Public\u0103 \u2013 Centrul Regional de S\u0103n\u0103tate Public\u0103 Ia\u0219i (Studiul nr. 2816\/20.06.2019), modific\u0103rile legislative ulterioare au eliminat posibilitatea reducerii acestei distan\u021be.Concret, art. 20 alin. (1) din Normele de igien\u0103 \u0219i s\u0103n\u0103tate public\u0103 (aprobate prin Ordinul MS nr. 119\/2014) a fost abrogat prin Ordinul nr. 562\/2023, ca urmare a unei sentin\u021be judec\u0103tore\u0219ti, astfel \u00eenc\u00e2t distan\u021ba de 1.000 de metri este acum obligatorie \u0219i nu mai poate fi modificat\u0103.Decizia \u021bine cont \u0219i de:Directiva 1999\/31\/CE privind depozitarea de\u0219eurilor;O.G. nr. 2\/2021 privind depozitarea de\u0219eurilor (care a \u00eenlocuit H.G. nr. 349\/2005);Normele de igien\u0103 \u0219i s\u0103n\u0103tate public\u0103 actualizate prin Ordinul MS nr. 1257\/2023.<\/p>\n<p>Procedura a fost una transparent\u0103: publicul a fost informat prin anun\u021buri repetate, documenta\u021bia a fost afi\u0219at\u0103 pe site-ul institu\u021biei, a avut loc o dezbatere public\u0103 cu participarea a 103 persoane \u0219i au fost \u00eenregistrate aproximativ 678 de observa\u021bii \u0219i interpel\u0103ri din partea cet\u0103\u021benilor.<\/p>\n<p>Directorul Direc\u021biei Jude\u021bene de Mediu Suceava, Maria M\u0103d\u0103lina Siminic, a semnat comunicatul prin care se anun\u021b\u0103 publicul interesat c\u0103 solicitarea a fost respins\u0103 definitiv \u00een aceast\u0103 etap\u0103.<\/p>\n<figure class=\"wp-block-embed is-type-video is-provider-youtube wp-block-embed-youtube wp-embed-aspect-16-9 wp-has-aspect-ratio\">\n<div class=\"wp-block-embed__wrapper\">\n<div class=\"youtube-embed\" data-video_id=\"WQLXcNbbIqs\"><iframe loading=\"lazy\" title=\"De la Furc\u0103 p\u00e2n\u0103 la Furculi\u021b\u0103 la cap\u0103t de Schengen - Familia care a pariat totul pe VITA rom\u00e2neasc\u0103\" width=\"696\" height=\"392\" src=\"https:\/\/www.youtube.com\/embed\/WQLXcNbbIqs?feature=oembed&amp;enablejsapi=1\" frameborder allow=\"accelerometer; autoplay; clipboard-write; encrypted-media; gyroscope; picture-in-picture; web-share\" referrerpolicy=\"strict-origin-when-cross-origin\" allowfullscreen><\/iframe><\/div>\n<\/div>\n<\/figure>\n<div class=\"td-a-rec td-a-rec-id-content_bottom  tdi_4 td_block_template_1\"><strong>Intr\u0103 acum \u0219i \u00een grupul de <\/p>\n<div class=\"wp-block-button\"><a class=\"wp-block-button__link wp-element-button\" href=\"https:\/\/t.me\/+TH8wcfnp8fw5NWI0\">Telegram News Bucovina<\/a><\/div>\n<p><\/strong><\/div>\n<\/div>\n<p>[analyse_source url=&#8221;https:\/\/www.newsbucovina.ro\/actualitate\/436957\/respingere-categorica-a-autorizatiei-de-mediu-pentru-depozitul-de-deseuri-de-la-pojorata&#8221;]<\/p>\n","protected":false},"excerpt":{"rendered":"<p>[analyse_image type=&#8221;featured&#8221; src=&#8221;https:\/\/www.newsbucovina.ro\/wp-content\/uploads\/2023\/04\/groapa-depozit-mestecanis.jpghttps:\/\/cdn.newsbucovina.ro\/wp-content\/uploads\/2023\/04\/groapa-depozit-mestecanis.jpg&#8221;] Intr\u0103 acum \u0219i \u00een grupul de Telegram News Bucovina Direc\u021bia Jude\u021bean\u0103 de Mediu Suceava a respins, vineri 24 aprilie 2026, solicitarea de emitere a autoriza\u021biei integrate de mediu pentru \u201eDepozitul ecologic de de\u0219euri Pojor\u00e2ta\u201d, parte a Centrului de Management Integrat al De\u0219eurilor Pojor\u00e2ta. Decizia a fost luat\u0103 \u00een \u0219edin\u021ba Comisiei de Analiz\u0103 [&hellip;]<\/p>\n","protected":false},"author":1,"featured_media":0,"comment_status":"open","ping_status":"","sticky":false,"template":"","format":"standard","meta":{"footnotes":""},"categories":[89],"tags":[226,165],"class_list":["post-1900702","post","type-post","status-publish","format-standard","hentry","category-romania","tag-crawlmanager","tag-newsbucovina-ro"],"_links":{"self":[{"href":"https:\/\/analyse.optim.biz\/index.php?rest_route=\/wp\/v2\/posts\/1900702","targetHints":{"allow":["GET"]}}],"collection":[{"href":"https:\/\/analyse.optim.biz\/index.php?rest_route=\/wp\/v2\/posts"}],"about":[{"href":"https:\/\/analyse.optim.biz\/index.php?rest_route=\/wp\/v2\/types\/post"}],"author":[{"embeddable":true,"href":"https:\/\/analyse.optim.biz\/index.php?rest_route=\/wp\/v2\/users\/1"}],"replies":[{"embeddable":true,"href":"https:\/\/analyse.optim.biz\/index.php?rest_route=%2Fwp%2Fv2%2Fcomments&post=1900702"}],"version-history":[{"count":0,"href":"https:\/\/analyse.optim.biz\/index.php?rest_route=\/wp\/v2\/posts\/1900702\/revisions"}],"wp:attachment":[{"href":"https:\/\/analyse.optim.biz\/index.php?rest_route=%2Fwp%2Fv2%2Fmedia&parent=1900702"}],"wp:term":[{"taxonomy":"category","embeddable":true,"href":"https:\/\/analyse.optim.biz\/index.php?rest_route=%2Fwp%2Fv2%2Fcategories&post=1900702"},{"taxonomy":"post_tag","embeddable":true,"href":"https:\/\/analyse.optim.biz\/index.php?rest_route=%2Fwp%2Fv2%2Ftags&post=1900702"}],"curies":[{"name":"wp","href":"https:\/\/api.w.org\/{rel}","templated":true}]}}