{"id":1900700,"date":"2026-04-24T05:03:58","date_gmt":"2026-04-24T02:03:58","guid":{"rendered":"https:\/\/analyse.optim.biz\/?p=1900700"},"modified":"2026-04-24T05:03:58","modified_gmt":"2026-04-24T02:03:58","slug":"aeroportul-stefan-cel-mare-suceava-va-avea-un-parc-fotovoltaic-off-grid-investitie-de-peste-83-milioane-lei-pentru-independenta-energetica","status":"publish","type":"post","link":"https:\/\/analyse.optim.biz\/?p=1900700","title":{"rendered":"Aeroportul \u201e\u0218tefan cel Mare\u201d Suceava va avea un parc fotovoltaic Off-Grid: investi\u021bie de peste 8,3 milioane lei pentru independen\u021b\u0103 energetic\u0103"},"content":{"rendered":"<p>[analyse_image type=&#8221;featured&#8221; src=&#8221;https:\/\/www.newsbucovina.ro\/wp-content\/uploads\/2025\/12\/aeroport-wizz-avion-calibrare-ILS-8.jpeghttps:\/\/cdn.newsbucovina.ro\/wp-content\/uploads\/2025\/12\/aeroport-wizz-avion-calibrare-ILS-8.jpeg&#8221;]<\/p>\n<div class=\"td-post-content tagdiv-type\">\n<div class=\"td-a-rec td-a-rec-id-content_top  tdi_3 td_block_template_1\"><strong>Intr\u0103 acum \u0219i \u00een grupul de <\/p>\n<div class=\"wp-block-button\"><a class=\"wp-block-button__link wp-element-button\" href=\"https:\/\/t.me\/+TH8wcfnp8fw5NWI0\">Telegram News Bucovina<\/a><\/div>\n<p><\/strong><\/div>\n<p>Pre\u0219edintele Consiliului Jude\u021bean Suceava, Gheorghe \u0218oldan, a ini\u021biat un proiect de hot\u0103r\u00e2re privind aprobarea Studiului de Fezabilitate \u0219i a indicatorilor tehnico-economici pentru construirea unui parc de panouri fotovoltaice Off-Grid \u00een incinta Regiei Autonome Aeroportul \u201e\u0218tefan cel Mare\u201d Suceava. Investi\u021bia, estimat\u0103 la <strong>8.316.520,19 lei<\/strong> (inclusiv TVA), are ca scop reducerea costurilor energetice \u0219i asigurarea independen\u021bei energetice a aeroportului, sus\u021bin\u00e2nd totodat\u0103 dezvoltarea sa sustenabil\u0103.<\/p>\n<figure class=\"wp-block-image size-large\"><a href=\"https:\/\/cdn.newsbucovina.ro\/wp-content\/uploads\/2025\/12\/aeroport.jpeg\"><img loading=\"lazy\" decoding=\"async\" width=\"1024\" height=\"683\" src=\"https:\/\/cdn.newsbucovina.ro\/wp-content\/uploads\/2025\/12\/aeroport-1024x683.jpeg\" alt class=\"wp-image-427981\"><\/a><\/figure>\n<p>Potrivit referatului de aprobare, Aeroportul \u201e\u0218tefan cel Mare\u201d joac\u0103 un rol esen\u021bial \u00een conectarea Nord-Estului Rom\u00e2niei, inclusiv cu Ucraina \u0219i Republica Moldova, contribuind la coeziunea economic\u0103 \u0219i social\u0103 a regiunii. Strategia actual\u0103 de dezvoltare vizeaz\u0103 atragerea de noi companii aeriene, operatori \u0219i agen\u021bii de turism, cre\u0219terea traficului de pasageri \u0219i extinderea infrastructurii, inclusiv construirea unui nou terminal. Aceste dezvolt\u0103ri genereaz\u0103 \u00eens\u0103 o cerere tot mai mare de energie, at\u00e2t din punct de vedere cantitativ, c\u00e2t \u0219i al siguran\u021bei \u0219i continuit\u0103\u021bii aliment\u0103rii.<\/p>\n<p>Noul parc fotovoltaic Off-Grid va permite reducerea dependen\u021bei de re\u021beaua na\u021bional\u0103, sc\u0103derea costurilor opera\u021bionale \u0219i diminuarea amprentei de carbon, \u00een linie cu obiectivele de eficien\u021b\u0103 energetic\u0103 \u0219i protec\u021bie a mediului. Proiectul va fi promovat spre finan\u021bare de c\u0103tre Regia Autonom\u0103 Aeroportul \u201e\u0218tefan cel Mare\u201d Suceava \u00een cadrul <strong>Apelului 2<\/strong> al Programului-cheie 9 \u2013 \u201eEficien\u021b\u0103 energetic\u0103 \u00een transporturi\u201d, dedicat investi\u021biilor \u00een surse regenerabile pentru autoconsumul aerodromurilor, inclusiv sisteme de stocare a energiei.<\/p>\n<p>Studiul de Fezabilitate a fost recep\u021bionat pe data de <strong>16 aprilie 2026<\/strong>, valoarea estimat\u0103 a lucr\u0103rilor de construc\u021bie-montaj fiind de <strong>1.892.024,97 lei<\/strong> (inclusiv TVA).<\/p>\n<p>\u201eDezvoltarea aeroportului prin cre\u0219terea traficului aerian \u0219i extinderea infrastructurii impune solu\u021bii moderne de asigurare a necesarului energetic. Parcul fotovoltaic reprezint\u0103 un pas important spre independen\u021b\u0103 energetic\u0103 \u0219i sustenabilitate, contribuind la modernizarea \u0219i cre\u0219terea capacit\u0103\u021bii de operare a aeroportului \u00een condi\u021bii de siguran\u021b\u0103\u201d, se arat\u0103 \u00een referatul ini\u021biat de pre\u0219edintele Gheorghe \u0218oldan.<\/p>\n<p>Proiectul de hot\u0103r\u00e2re va fi supus dezbaterii \u0219i aprob\u0103rii \u00een plenul Consiliului Jude\u021bean Suceava \u00een \u0219edin\u021ba din 29 aprilie.<\/p>\n<figure class=\"wp-block-embed is-type-video is-provider-youtube wp-block-embed-youtube wp-embed-aspect-16-9 wp-has-aspect-ratio\">\n<div class=\"wp-block-embed__wrapper\">\n<div class=\"youtube-embed\" data-video_id=\"c7iLFNmUnAg\"><iframe loading=\"lazy\" title=\"Alex avea prioritate! Alex a murit..!!! Cine urmeaz\u0103??? \" width=\"696\" height=\"392\" src=\"https:\/\/www.youtube.com\/embed\/c7iLFNmUnAg?feature=oembed&amp;enablejsapi=1\" frameborder allow=\"accelerometer; autoplay; clipboard-write; encrypted-media; gyroscope; picture-in-picture; web-share\" referrerpolicy=\"strict-origin-when-cross-origin\" allowfullscreen><\/iframe><\/div>\n<\/div>\n<\/figure>\n<div class=\"td-a-rec td-a-rec-id-content_bottom  tdi_4 td_block_template_1\"><strong>Intr\u0103 acum \u0219i \u00een grupul de <\/p>\n<div class=\"wp-block-button\"><a class=\"wp-block-button__link wp-element-button\" href=\"https:\/\/t.me\/+TH8wcfnp8fw5NWI0\">Telegram News Bucovina<\/a><\/div>\n<p><\/strong><\/div>\n<\/div>\n<div class=\"td-post-content tagdiv-type\">\n<div class=\"td-a-rec td-a-rec-id-content_top  tdi_3 td_block_template_1\"><strong>Intr\u0103 acum \u0219i \u00een grupul de <\/p>\n<div class=\"wp-block-button\"><a class=\"wp-block-button__link wp-element-button\" href=\"https:\/\/t.me\/+TH8wcfnp8fw5NWI0\">Telegram News Bucovina<\/a><\/div>\n<p><\/strong><\/div>\n<p>Pre\u0219edintele Consiliului Jude\u021bean Suceava, Gheorghe \u0218oldan, a ini\u021biat un proiect de hot\u0103r\u00e2re privind aprobarea Studiului de Fezabilitate \u0219i a indicatorilor tehnico-economici pentru construirea unui parc de panouri fotovoltaice Off-Grid \u00een incinta Regiei Autonome Aeroportul \u201e\u0218tefan cel Mare\u201d Suceava. Investi\u021bia, estimat\u0103 la <strong>8.316.520,19 lei<\/strong> (inclusiv TVA), are ca scop reducerea costurilor energetice \u0219i asigurarea independen\u021bei energetice a aeroportului, sus\u021bin\u00e2nd totodat\u0103 dezvoltarea sa sustenabil\u0103.<\/p>\n<figure class=\"wp-block-image size-large\"><a href=\"https:\/\/cdn.newsbucovina.ro\/wp-content\/uploads\/2025\/12\/aeroport.jpeg\"><img loading=\"lazy\" decoding=\"async\" width=\"1024\" height=\"683\" src=\"https:\/\/cdn.newsbucovina.ro\/wp-content\/uploads\/2025\/12\/aeroport-1024x683.jpeg\" alt class=\"wp-image-427981\"><\/a><\/figure>\n<p>Potrivit referatului de aprobare, Aeroportul \u201e\u0218tefan cel Mare\u201d joac\u0103 un rol esen\u021bial \u00een conectarea Nord-Estului Rom\u00e2niei, inclusiv cu Ucraina \u0219i Republica Moldova, contribuind la coeziunea economic\u0103 \u0219i social\u0103 a regiunii. Strategia actual\u0103 de dezvoltare vizeaz\u0103 atragerea de noi companii aeriene, operatori \u0219i agen\u021bii de turism, cre\u0219terea traficului de pasageri \u0219i extinderea infrastructurii, inclusiv construirea unui nou terminal. Aceste dezvolt\u0103ri genereaz\u0103 \u00eens\u0103 o cerere tot mai mare de energie, at\u00e2t din punct de vedere cantitativ, c\u00e2t \u0219i al siguran\u021bei \u0219i continuit\u0103\u021bii aliment\u0103rii.<\/p>\n<p>Noul parc fotovoltaic Off-Grid va permite reducerea dependen\u021bei de re\u021beaua na\u021bional\u0103, sc\u0103derea costurilor opera\u021bionale \u0219i diminuarea amprentei de carbon, \u00een linie cu obiectivele de eficien\u021b\u0103 energetic\u0103 \u0219i protec\u021bie a mediului. Proiectul va fi promovat spre finan\u021bare de c\u0103tre Regia Autonom\u0103 Aeroportul \u201e\u0218tefan cel Mare\u201d Suceava \u00een cadrul <strong>Apelului 2<\/strong> al Programului-cheie 9 \u2013 \u201eEficien\u021b\u0103 energetic\u0103 \u00een transporturi\u201d, dedicat investi\u021biilor \u00een surse regenerabile pentru autoconsumul aerodromurilor, inclusiv sisteme de stocare a energiei.<\/p>\n<p>Studiul de Fezabilitate a fost recep\u021bionat pe data de <strong>16 aprilie 2026<\/strong>, valoarea estimat\u0103 a lucr\u0103rilor de construc\u021bie-montaj fiind de <strong>1.892.024,97 lei<\/strong> (inclusiv TVA).<\/p>\n<p>\u201eDezvoltarea aeroportului prin cre\u0219terea traficului aerian \u0219i extinderea infrastructurii impune solu\u021bii moderne de asigurare a necesarului energetic. Parcul fotovoltaic reprezint\u0103 un pas important spre independen\u021b\u0103 energetic\u0103 \u0219i sustenabilitate, contribuind la modernizarea \u0219i cre\u0219terea capacit\u0103\u021bii de operare a aeroportului \u00een condi\u021bii de siguran\u021b\u0103\u201d, se arat\u0103 \u00een referatul ini\u021biat de pre\u0219edintele Gheorghe \u0218oldan.<\/p>\n<p>Proiectul de hot\u0103r\u00e2re va fi supus dezbaterii \u0219i aprob\u0103rii \u00een plenul Consiliului Jude\u021bean Suceava \u00een \u0219edin\u021ba din 29 aprilie.<\/p>\n<figure class=\"wp-block-embed is-type-video is-provider-youtube wp-block-embed-youtube wp-embed-aspect-16-9 wp-has-aspect-ratio\">\n<div class=\"wp-block-embed__wrapper\">\n<div class=\"youtube-embed\" data-video_id=\"c7iLFNmUnAg\"><iframe loading=\"lazy\" title=\"Alex avea prioritate! Alex a murit..!!! Cine urmeaz\u0103??? \" width=\"696\" height=\"392\" src=\"https:\/\/www.youtube.com\/embed\/c7iLFNmUnAg?feature=oembed&amp;enablejsapi=1\" frameborder allow=\"accelerometer; autoplay; clipboard-write; encrypted-media; gyroscope; picture-in-picture; web-share\" referrerpolicy=\"strict-origin-when-cross-origin\" allowfullscreen><\/iframe><\/div>\n<\/div>\n<\/figure>\n<div class=\"td-a-rec td-a-rec-id-content_bottom  tdi_4 td_block_template_1\"><strong>Intr\u0103 acum \u0219i \u00een grupul de <\/p>\n<div class=\"wp-block-button\"><a class=\"wp-block-button__link wp-element-button\" href=\"https:\/\/t.me\/+TH8wcfnp8fw5NWI0\">Telegram News Bucovina<\/a><\/div>\n<p><\/strong><\/div>\n<\/div>\n<p>[analyse_source url=&#8221;https:\/\/www.newsbucovina.ro\/actualitate\/436911\/aeroportul-stefan-cel-mare-suceava-va-avea-un-parc-fotovoltaic-off-grid-investitie-de-peste-83-milioane-lei-pentru-independenta-energetica&#8221;]<\/p>\n","protected":false},"excerpt":{"rendered":"<p>[analyse_image type=&#8221;featured&#8221; src=&#8221;https:\/\/www.newsbucovina.ro\/wp-content\/uploads\/2025\/12\/aeroport-wizz-avion-calibrare-ILS-8.jpeghttps:\/\/cdn.newsbucovina.ro\/wp-content\/uploads\/2025\/12\/aeroport-wizz-avion-calibrare-ILS-8.jpeg&#8221;] Intr\u0103 acum \u0219i \u00een grupul de Telegram News Bucovina Pre\u0219edintele Consiliului Jude\u021bean Suceava, Gheorghe \u0218oldan, a ini\u021biat un proiect de hot\u0103r\u00e2re privind aprobarea Studiului de Fezabilitate \u0219i a indicatorilor tehnico-economici pentru construirea unui parc de panouri fotovoltaice Off-Grid \u00een incinta Regiei Autonome Aeroportul \u201e\u0218tefan cel Mare\u201d Suceava. Investi\u021bia, estimat\u0103 la 8.316.520,19 lei [&hellip;]<\/p>\n","protected":false},"author":1,"featured_media":0,"comment_status":"open","ping_status":"","sticky":false,"template":"","format":"standard","meta":{"footnotes":""},"categories":[89],"tags":[226,165],"class_list":["post-1900700","post","type-post","status-publish","format-standard","hentry","category-romania","tag-crawlmanager","tag-newsbucovina-ro"],"_links":{"self":[{"href":"https:\/\/analyse.optim.biz\/index.php?rest_route=\/wp\/v2\/posts\/1900700","targetHints":{"allow":["GET"]}}],"collection":[{"href":"https:\/\/analyse.optim.biz\/index.php?rest_route=\/wp\/v2\/posts"}],"about":[{"href":"https:\/\/analyse.optim.biz\/index.php?rest_route=\/wp\/v2\/types\/post"}],"author":[{"embeddable":true,"href":"https:\/\/analyse.optim.biz\/index.php?rest_route=\/wp\/v2\/users\/1"}],"replies":[{"embeddable":true,"href":"https:\/\/analyse.optim.biz\/index.php?rest_route=%2Fwp%2Fv2%2Fcomments&post=1900700"}],"version-history":[{"count":0,"href":"https:\/\/analyse.optim.biz\/index.php?rest_route=\/wp\/v2\/posts\/1900700\/revisions"}],"wp:attachment":[{"href":"https:\/\/analyse.optim.biz\/index.php?rest_route=%2Fwp%2Fv2%2Fmedia&parent=1900700"}],"wp:term":[{"taxonomy":"category","embeddable":true,"href":"https:\/\/analyse.optim.biz\/index.php?rest_route=%2Fwp%2Fv2%2Fcategories&post=1900700"},{"taxonomy":"post_tag","embeddable":true,"href":"https:\/\/analyse.optim.biz\/index.php?rest_route=%2Fwp%2Fv2%2Ftags&post=1900700"}],"curies":[{"name":"wp","href":"https:\/\/api.w.org\/{rel}","templated":true}]}}