{"id":1900695,"date":"2026-04-24T13:20:11","date_gmt":"2026-04-24T10:20:11","guid":{"rendered":"https:\/\/analyse.optim.biz\/?p=1900695"},"modified":"2026-04-24T13:20:11","modified_gmt":"2026-04-24T10:20:11","slug":"viceprimarul-dan-ioan-cusnir-in-ceea-ce-priveste-parcarile-de-resedinta-in-doar-4-luni-am-facut-ce-fosta-administratie-lungu-harsovschi-nu-a-reusit-in-20-de-ani","status":"publish","type":"post","link":"https:\/\/analyse.optim.biz\/?p=1900695","title":{"rendered":"Viceprimarul Dan Ioan Cu\u0219nir: \u00cen ceea ce prive\u0219te parc\u0103rile de re\u0219edin\u021b\u0103 \u00een doar 4 luni am f\u0103cut ce fosta administra\u021bie Lungu-Har\u0219ovschi nu a reu\u0219it \u00een 20 de ani\u201d"},"content":{"rendered":"<p>[analyse_image type=&#8221;featured&#8221; src=&#8221;https:\/\/www.newsbucovina.ro\/wp-content\/uploads\/2026\/04\/678267125_4685104501755871_42896992565011402_n.jpghttps:\/\/cdn.newsbucovina.ro\/wp-content\/uploads\/2026\/04\/678267125_4685104501755871_42896992565011402_n.jpg&#8221;]<\/p>\n<div class=\"td-post-content tagdiv-type\">\n<div class=\"td-a-rec td-a-rec-id-content_top  tdi_3 td_block_template_1\"><strong>Intr\u0103 acum \u0219i \u00een grupul de <\/p>\n<div class=\"wp-block-button\"><a class=\"wp-block-button__link wp-element-button\" href=\"https:\/\/t.me\/+TH8wcfnp8fw5NWI0\">Telegram News Bucovina<\/a><\/div>\n<p><\/strong><\/div>\n<p>Viceprimarul Dan Ioan Cu\u0219nir a prezentat vineri progresele \u00eenregistrate \u00een implementarea Regulamentului parc\u0103rilor de re\u0219edin\u021b\u0103, subliniind contrastul major fa\u021b\u0103 de administra\u021bia precedent\u0103 condus\u0103 de Ion Lungu \u0219i Lucian Har\u0219ovschi.<\/p>\n<figure class=\"wp-block-image size-large\"><a href=\"https:\/\/cdn.newsbucovina.ro\/wp-content\/uploads\/2026\/04\/678267125_4685104501755871_42896992565011402_n.jpg\"><img loading=\"lazy\" decoding=\"async\" width=\"1024\" height=\"576\" src=\"https:\/\/cdn.newsbucovina.ro\/wp-content\/uploads\/2026\/04\/678267125_4685104501755871_42896992565011402_n-1024x576.jpg\" alt class=\"wp-image-436982\"><\/a><\/figure>\n<p>\u201eO compara\u021bie cu fosta administra\u021bie este inutil\u0103; cifrele lor sunt zero pe linie. \u00cen locul unui regulament care s\u0103 aduc\u0103 ordine, i-a preocupat doar instagramabilitatea imaginii lor, \u00een detrimentul plus-valorii aduse nivelului de trai al sucevenilor\u201d, a declarat viceprimarul.<\/p>\n<p>Conform datelor prezentate:<\/p>\n<ul class=\"wp-block-list\">\n<li>Au fost inventariate, amenajate \u0219i \u00eenc\u0103rcate \u00een aplica\u021bie <strong>2.675 locuri de parcare<\/strong>;<\/li>\n<li>Au fost deja atribuite <strong>1.531 locuri de parcare de re\u0219edin\u021b\u0103<\/strong>;<\/li>\n<li>Alte <strong>2.757 locuri<\/strong> sunt \u00een curs de inventariere (953 marcate \u0219i 1.804 \u00een curs de marcare).<\/li>\n<\/ul>\n<p>Obiectivul municipalit\u0103\u021bii este s\u0103 ajung\u0103 la minimum <strong>10.000 de locuri de parcare de re\u0219edin\u021b\u0103<\/strong> \u00een cartierele Sucevei.<\/p>\n<p>Totodat\u0103, \u00een urma aplic\u0103rii noilor reguli, au fost ridicate <strong>121 de ma\u0219ini abandonate<\/strong>, cu ITP-ul expirat, eliber\u00e2nd astfel locuri de parcare care erau abuzate de ani de zile.<\/p>\n<p>\u201eProiect cu proiect, om cu om, ne str\u0103duim s\u0103 facem bine pentru cei mul\u021bi \u0219i s\u0103 implement\u0103m ceea ce sucevenii ne-au cerut de at\u00e2ta timp\u201d, a mai transmis Dan Ioan Cu\u0219nir.<\/p>\n<figure class=\"wp-block-embed is-type-video is-provider-youtube wp-block-embed-youtube wp-embed-aspect-16-9 wp-has-aspect-ratio\">\n<div class=\"wp-block-embed__wrapper\">\n<div class=\"youtube-embed\" data-video_id=\"WQLXcNbbIqs\"><iframe loading=\"lazy\" title=\"De la Furc\u0103 p\u00e2n\u0103 la Furculi\u021b\u0103 la cap\u0103t de Schengen - Familia care a pariat totul pe VITA rom\u00e2neasc\u0103\" width=\"696\" height=\"392\" src=\"https:\/\/www.youtube.com\/embed\/WQLXcNbbIqs?feature=oembed&amp;enablejsapi=1\" frameborder allow=\"accelerometer; autoplay; clipboard-write; encrypted-media; gyroscope; picture-in-picture; web-share\" referrerpolicy=\"strict-origin-when-cross-origin\" allowfullscreen><\/iframe><\/div>\n<\/div>\n<\/figure>\n<div class=\"td-a-rec td-a-rec-id-content_bottom  tdi_4 td_block_template_1\"><strong>Intr\u0103 acum \u0219i \u00een grupul de <\/p>\n<div class=\"wp-block-button\"><a class=\"wp-block-button__link wp-element-button\" href=\"https:\/\/t.me\/+TH8wcfnp8fw5NWI0\">Telegram News Bucovina<\/a><\/div>\n<p><\/strong><\/div>\n<\/div>\n<div class=\"td-post-content tagdiv-type\">\n<div class=\"td-a-rec td-a-rec-id-content_top  tdi_3 td_block_template_1\"><strong>Intr\u0103 acum \u0219i \u00een grupul de <\/p>\n<div class=\"wp-block-button\"><a class=\"wp-block-button__link wp-element-button\" href=\"https:\/\/t.me\/+TH8wcfnp8fw5NWI0\">Telegram News Bucovina<\/a><\/div>\n<p><\/strong><\/div>\n<p>Viceprimarul Dan Ioan Cu\u0219nir a prezentat vineri progresele \u00eenregistrate \u00een implementarea Regulamentului parc\u0103rilor de re\u0219edin\u021b\u0103, subliniind contrastul major fa\u021b\u0103 de administra\u021bia precedent\u0103 condus\u0103 de Ion Lungu \u0219i Lucian Har\u0219ovschi.<\/p>\n<figure class=\"wp-block-image size-large\"><a href=\"https:\/\/cdn.newsbucovina.ro\/wp-content\/uploads\/2026\/04\/678267125_4685104501755871_42896992565011402_n.jpg\"><img loading=\"lazy\" decoding=\"async\" width=\"1024\" height=\"576\" src=\"https:\/\/cdn.newsbucovina.ro\/wp-content\/uploads\/2026\/04\/678267125_4685104501755871_42896992565011402_n-1024x576.jpg\" alt class=\"wp-image-436982\"><\/a><\/figure>\n<p>\u201eO compara\u021bie cu fosta administra\u021bie este inutil\u0103; cifrele lor sunt zero pe linie. \u00cen locul unui regulament care s\u0103 aduc\u0103 ordine, i-a preocupat doar instagramabilitatea imaginii lor, \u00een detrimentul plus-valorii aduse nivelului de trai al sucevenilor\u201d, a declarat viceprimarul.<\/p>\n<p>Conform datelor prezentate:<\/p>\n<ul class=\"wp-block-list\">\n<li>Au fost inventariate, amenajate \u0219i \u00eenc\u0103rcate \u00een aplica\u021bie <strong>2.675 locuri de parcare<\/strong>;<\/li>\n<li>Au fost deja atribuite <strong>1.531 locuri de parcare de re\u0219edin\u021b\u0103<\/strong>;<\/li>\n<li>Alte <strong>2.757 locuri<\/strong> sunt \u00een curs de inventariere (953 marcate \u0219i 1.804 \u00een curs de marcare).<\/li>\n<\/ul>\n<p>Obiectivul municipalit\u0103\u021bii este s\u0103 ajung\u0103 la minimum <strong>10.000 de locuri de parcare de re\u0219edin\u021b\u0103<\/strong> \u00een cartierele Sucevei.<\/p>\n<p>Totodat\u0103, \u00een urma aplic\u0103rii noilor reguli, au fost ridicate <strong>121 de ma\u0219ini abandonate<\/strong>, cu ITP-ul expirat, eliber\u00e2nd astfel locuri de parcare care erau abuzate de ani de zile.<\/p>\n<p>\u201eProiect cu proiect, om cu om, ne str\u0103duim s\u0103 facem bine pentru cei mul\u021bi \u0219i s\u0103 implement\u0103m ceea ce sucevenii ne-au cerut de at\u00e2ta timp\u201d, a mai transmis Dan Ioan Cu\u0219nir.<\/p>\n<figure class=\"wp-block-embed is-type-video is-provider-youtube wp-block-embed-youtube wp-embed-aspect-16-9 wp-has-aspect-ratio\">\n<div class=\"wp-block-embed__wrapper\">\n<div class=\"youtube-embed\" data-video_id=\"WQLXcNbbIqs\"><iframe loading=\"lazy\" title=\"De la Furc\u0103 p\u00e2n\u0103 la Furculi\u021b\u0103 la cap\u0103t de Schengen - Familia care a pariat totul pe VITA rom\u00e2neasc\u0103\" width=\"696\" height=\"392\" src=\"https:\/\/www.youtube.com\/embed\/WQLXcNbbIqs?feature=oembed&amp;enablejsapi=1\" frameborder allow=\"accelerometer; autoplay; clipboard-write; encrypted-media; gyroscope; picture-in-picture; web-share\" referrerpolicy=\"strict-origin-when-cross-origin\" allowfullscreen><\/iframe><\/div>\n<\/div>\n<\/figure>\n<div class=\"td-a-rec td-a-rec-id-content_bottom  tdi_4 td_block_template_1\"><strong>Intr\u0103 acum \u0219i \u00een grupul de <\/p>\n<div class=\"wp-block-button\"><a class=\"wp-block-button__link wp-element-button\" href=\"https:\/\/t.me\/+TH8wcfnp8fw5NWI0\">Telegram News Bucovina<\/a><\/div>\n<p><\/strong><\/div>\n<\/div>\n<p>[analyse_source url=&#8221;https:\/\/www.newsbucovina.ro\/actualitate\/436981\/viceprimarul-dan-ioan-cusnir-in-ceea-ce-priveste-parcarile-de-resedinta-in-doar-4-luni-am-facut-ce-fosta-administratie-lungu-harsovschi-nu-a-reusit-in-20-de-ani&#8221;]<\/p>\n","protected":false},"excerpt":{"rendered":"<p>[analyse_image type=&#8221;featured&#8221; src=&#8221;https:\/\/www.newsbucovina.ro\/wp-content\/uploads\/2026\/04\/678267125_4685104501755871_42896992565011402_n.jpghttps:\/\/cdn.newsbucovina.ro\/wp-content\/uploads\/2026\/04\/678267125_4685104501755871_42896992565011402_n.jpg&#8221;] Intr\u0103 acum \u0219i \u00een grupul de Telegram News Bucovina Viceprimarul Dan Ioan Cu\u0219nir a prezentat vineri progresele \u00eenregistrate \u00een implementarea Regulamentului parc\u0103rilor de re\u0219edin\u021b\u0103, subliniind contrastul major fa\u021b\u0103 de administra\u021bia precedent\u0103 condus\u0103 de Ion Lungu \u0219i Lucian Har\u0219ovschi. \u201eO compara\u021bie cu fosta administra\u021bie este inutil\u0103; cifrele lor sunt zero pe linie. \u00cen [&hellip;]<\/p>\n","protected":false},"author":1,"featured_media":0,"comment_status":"open","ping_status":"","sticky":false,"template":"","format":"standard","meta":{"footnotes":""},"categories":[89],"tags":[226,165],"class_list":["post-1900695","post","type-post","status-publish","format-standard","hentry","category-romania","tag-crawlmanager","tag-newsbucovina-ro"],"_links":{"self":[{"href":"https:\/\/analyse.optim.biz\/index.php?rest_route=\/wp\/v2\/posts\/1900695","targetHints":{"allow":["GET"]}}],"collection":[{"href":"https:\/\/analyse.optim.biz\/index.php?rest_route=\/wp\/v2\/posts"}],"about":[{"href":"https:\/\/analyse.optim.biz\/index.php?rest_route=\/wp\/v2\/types\/post"}],"author":[{"embeddable":true,"href":"https:\/\/analyse.optim.biz\/index.php?rest_route=\/wp\/v2\/users\/1"}],"replies":[{"embeddable":true,"href":"https:\/\/analyse.optim.biz\/index.php?rest_route=%2Fwp%2Fv2%2Fcomments&post=1900695"}],"version-history":[{"count":0,"href":"https:\/\/analyse.optim.biz\/index.php?rest_route=\/wp\/v2\/posts\/1900695\/revisions"}],"wp:attachment":[{"href":"https:\/\/analyse.optim.biz\/index.php?rest_route=%2Fwp%2Fv2%2Fmedia&parent=1900695"}],"wp:term":[{"taxonomy":"category","embeddable":true,"href":"https:\/\/analyse.optim.biz\/index.php?rest_route=%2Fwp%2Fv2%2Fcategories&post=1900695"},{"taxonomy":"post_tag","embeddable":true,"href":"https:\/\/analyse.optim.biz\/index.php?rest_route=%2Fwp%2Fv2%2Ftags&post=1900695"}],"curies":[{"name":"wp","href":"https:\/\/api.w.org\/{rel}","templated":true}]}}