{"id":1900690,"date":"2026-04-24T14:16:56","date_gmt":"2026-04-24T11:16:56","guid":{"rendered":"https:\/\/analyse.optim.biz\/?p=1900690"},"modified":"2026-04-24T14:16:56","modified_gmt":"2026-04-24T11:16:56","slug":"bolojan-romania-s-a-angajat-pentru-a-accesa-fondurile-din-pnrr-ca-va-veni-cu-o-lege-a-salarizarii-unitare-per-total-aplicarea-acestei-legi-nu-va-scadea-niciun-salariu-in-sectorul-public","status":"publish","type":"post","link":"https:\/\/analyse.optim.biz\/?p=1900690","title":{"rendered":"Bolojan \u2013 Rom\u00e2nia s-a angajat, pentru a accesa fondurile din PNRR, c\u0103 va veni cu o lege a salariz\u0103rii unitare. Per total, aplicarea acestei legi nu va sc\u0103dea niciun salariu \u00een sectorul public"},"content":{"rendered":"<p>[analyse_image type=&#8221;featured&#8221; src=&#8221;https:\/\/ziardesuceava.ro\/wp-content\/uploads\/2025\/08\/BOLOJAN-2.jpg&#8221;]<\/p>\n<div class=\"post-content clearfix\">\n<div class=\"blog-post-thumb\"><img loading=\"lazy\" decoding=\"async\" width=\"860\" height=\"572\" src=\"https:\/\/ziardesuceava.ro\/wp-content\/uploads\/2025\/08\/BOLOJAN-2.jpg\" class=\"attachment-inhype-blog-thumb size-inhype-blog-thumb wp-post-image\" alt><\/div>\n<div class=\"entry-content\">\n<div>\n<p>Premierul Ilie Bolojan a declarat, vineri, c\u0103 Rom\u00e2nia s-a angajat, pentru a accesa fondurile din PNRR, c\u0103 va veni cu o lege a salariz\u0103rii unitare pe care trebuie s\u0103 o aprob\u0103m \u00een vara acestui an, el ar\u0103t\u00e2nd c\u0103, per total, aplicarea acestei legi nu va sc\u0103dea niciun salariu \u00een sectorul public.<\/p>\n<p>Premierul a precizat c\u0103 \u201dRom\u00e2nia s-a angajat pentru a accesa fondurile din PNRR c\u0103 va veni cu o lege a salariz\u0103rii unitare pe care trebuie s\u0103 o aprob\u0103m \u00een vara acestui an, pentru c\u0103 de aprobare ei prin Parlament depinde accesarea a peste 700 de milioane de euro de c\u0103tre Rom\u00e2nia\u201d.<\/p>\n<p>\u201dPrin \u00a0urmare, toate for\u0163ele care au fost \u00een aceast\u0103 coali\u0163ie sunt de acord c\u0103 trebuie s\u0103 avem aceast\u0103 lege. Deci asta este o condi\u0163ie pe care ne-am asumat-o. De ce avem aceast\u0103 lege? Pentru c\u0103 de la vechile legi ale salariz\u0103rii, prin diferite tehnici, prin diferite m\u0103suri, introducerea unor sporuri, introducerea unor clase de salarizare, includerea unor sporuri \u00een salariile de baz\u0103, cei care au putut \u00een administra\u0163ie \u015fi-au crescut salariile \u015fi acordarea de sporuri nu a mai fost o m\u0103sur\u0103 pentru a proteja de un anumit risc, ci a fost un instrument de a cre\u015fte salariile \u00een mod direct. \u015ei deci, prin aceast\u0103 propunere de lege, pentru c\u0103 am avut chiar ieri o \u00eent\u00e2lnire pe tema asta, cu actualul Ministru al Muncii, domnul Manole, care \u015fi-a dat demisia, \u015fi cu viitorul Ministru al Muncii, domnul P\u00eeslaru, de la Proiectele Europene, care trebuie s\u0103 \u00eenchid\u0103 acest proiect, am avut o prima analiz\u0103, \u015fi sunt c\u00e2teva probleme pe care trebuie s\u0103 ne discut\u0103m foarte deschis\u201d, a subliniat \u015feful Executivului.<\/p>\n<p>\u201dPer total, aplicarea acestei legi de salarizare nu va sc\u0103dea niciun salariu \u00een sectorul public din Rom\u00e2nia, ca s\u0103 fie lucrurile c\u00e2t se poate de clare. Nici un c\u00e2\u015ftig, per total, nici un venit per total, care \u00eenseamn\u0103 salarii plus sporuri. (..) Logica este ca cei care ast\u0103zi au c\u00e2\u015ftiguri mai mari dec\u00e2t s-ar cuveni, ca urmare a clasific\u0103rii meseriillor \u015fi func\u0163iilor din sectorul public, s\u0103 r\u0103m\u00e2n\u0103 la c\u00e2\u015ftigurile pe care le au, p\u00e2n\u0103 sunt ajun\u015fi din urm\u0103 de cei c\u0103rora, an de an, le vor cre\u015fte c\u00e2\u015ftigurile, \u00een a\u015fa fel \u00eenc\u00e2t \u00een urm\u0103torii ani s\u0103 exist\u0103 o echitate\u201d, a spus premierul Bolojan.<\/p>\n<p>\u015eeful Executivului a mai spus c\u0103 Rom\u00e2nia are anul acesta, \u00een total, cheltuieli de personal pentru to\u0163i angaja\u0163ii din sectorul public de aproximativ 166 de miliarde de lei, ceea ce reprezint\u0103 pu\u0163in peste 8% din produsul intern brut al Rom\u00e2niei.<\/p>\n<p>\u201dNoi, conform angajamentelor pe care le avem, nu putem s\u0103 dep\u0103\u015fim acest procent\u201d, a mai afirmat el.<\/p>\n<\/div>\n<\/div>\n<div class=\"inhype-social-share-fixed sidebar-position-right\">\n<div class=\"post-social-wrapper\">\n<div class=\"post-social-title\"><span class=\"post-social-title-text\">Share<\/span><\/div>\n<\/div>\n<\/div>\n<\/div>\n<p>[analyse_source url=&#8221;https:\/\/ziardesuceava.ro\/bolojan-romania-s-a-angajat-pentru-a-accesa-fondurile-din-pnrr-ca-va-veni-cu-o-lege-a-salarizarii-unitare-per-total-aplicarea-acestei-legi-nu-va-scadea-niciun-salariu-in-sectorul-public\/&#8221;]<\/p>\n","protected":false},"excerpt":{"rendered":"<p>[analyse_image type=&#8221;featured&#8221; src=&#8221;https:\/\/ziardesuceava.ro\/wp-content\/uploads\/2025\/08\/BOLOJAN-2.jpg&#8221;] Premierul Ilie Bolojan a declarat, vineri, c\u0103 Rom\u00e2nia s-a angajat, pentru a accesa fondurile din PNRR, c\u0103 va veni cu o lege a salariz\u0103rii unitare pe care trebuie s\u0103 o aprob\u0103m \u00een vara acestui an, el ar\u0103t\u00e2nd c\u0103, per total, aplicarea acestei legi nu va sc\u0103dea niciun salariu \u00een sectorul public. Premierul [&hellip;]<\/p>\n","protected":false},"author":1,"featured_media":0,"comment_status":"open","ping_status":"","sticky":false,"template":"","format":"standard","meta":{"footnotes":""},"categories":[89],"tags":[226,171],"class_list":["post-1900690","post","type-post","status-publish","format-standard","hentry","category-romania","tag-crawlmanager","tag-ziardesuceava-ro"],"_links":{"self":[{"href":"https:\/\/analyse.optim.biz\/index.php?rest_route=\/wp\/v2\/posts\/1900690","targetHints":{"allow":["GET"]}}],"collection":[{"href":"https:\/\/analyse.optim.biz\/index.php?rest_route=\/wp\/v2\/posts"}],"about":[{"href":"https:\/\/analyse.optim.biz\/index.php?rest_route=\/wp\/v2\/types\/post"}],"author":[{"embeddable":true,"href":"https:\/\/analyse.optim.biz\/index.php?rest_route=\/wp\/v2\/users\/1"}],"replies":[{"embeddable":true,"href":"https:\/\/analyse.optim.biz\/index.php?rest_route=%2Fwp%2Fv2%2Fcomments&post=1900690"}],"version-history":[{"count":0,"href":"https:\/\/analyse.optim.biz\/index.php?rest_route=\/wp\/v2\/posts\/1900690\/revisions"}],"wp:attachment":[{"href":"https:\/\/analyse.optim.biz\/index.php?rest_route=%2Fwp%2Fv2%2Fmedia&parent=1900690"}],"wp:term":[{"taxonomy":"category","embeddable":true,"href":"https:\/\/analyse.optim.biz\/index.php?rest_route=%2Fwp%2Fv2%2Fcategories&post=1900690"},{"taxonomy":"post_tag","embeddable":true,"href":"https:\/\/analyse.optim.biz\/index.php?rest_route=%2Fwp%2Fv2%2Ftags&post=1900690"}],"curies":[{"name":"wp","href":"https:\/\/api.w.org\/{rel}","templated":true}]}}