{"id":1900688,"date":"2026-04-24T12:09:07","date_gmt":"2026-04-24T09:09:07","guid":{"rendered":"https:\/\/analyse.optim.biz\/?p=1900688"},"modified":"2026-04-24T12:09:07","modified_gmt":"2026-04-24T09:09:07","slug":"incendiu-violent-in-ipotesti-doua-gospodarii-afectate-o-femeie-de-75-de-ani-salvata-de-pompieri","status":"publish","type":"post","link":"https:\/\/analyse.optim.biz\/?p=1900688","title":{"rendered":"Incendiu violent \u00een Ipote\u0219ti: Dou\u0103 gospod\u0103rii afectate, o femeie de 75 de ani salvat\u0103 de pompieri"},"content":{"rendered":"<p>[analyse_image type=&#8221;featured&#8221; src=&#8221;https:\/\/www.newsbucovina.ro\/wp-content\/uploads\/2026\/04\/IMG-20260424-WA0010.jpghttps:\/\/cdn.newsbucovina.ro\/wp-content\/uploads\/2026\/04\/IMG-20260424-WA0010.jpg&#8221;]<\/p>\n<div class=\"td-post-content tagdiv-type\">\n<div class=\"td-a-rec td-a-rec-id-content_top  tdi_3 td_block_template_1\"><strong>Intr\u0103 acum \u0219i \u00een grupul de <\/p>\n<div class=\"wp-block-button\"><a class=\"wp-block-button__link wp-element-button\" href=\"https:\/\/t.me\/+TH8wcfnp8fw5NWI0\">Telegram News Bucovina<\/a><\/div>\n<p><\/strong><\/div>\n<p>Un incendiu puternic a izbucnit vineri la o gospod\u0103rie din localitatea Ipote\u0219ti, jude\u021bul Suceava. Fl\u0103c\u0103rile s-au extins rapid la o a doua locuin\u021b\u0103 din cauza v\u00e2ntului puternic, pun\u00e2nd \u00een pericol \u0219i alte construc\u021bii din vecin\u0103tate.<\/p>\n<figure class=\"wp-block-gallery has-nested-images columns-default is-cropped wp-block-gallery-1 is-layout-flex wp-block-gallery-is-layout-flex\">\n<figure class=\"wp-block-image size-large\"><a href=\"https:\/\/cdn.newsbucovina.ro\/wp-content\/uploads\/2026\/04\/IMG-20260424-WA0012.jpg\"><img loading=\"lazy\" decoding=\"async\" width=\"1024\" height=\"768\" data-id=\"436953\" src=\"https:\/\/cdn.newsbucovina.ro\/wp-content\/uploads\/2026\/04\/IMG-20260424-WA0012-1024x768.jpg\" alt class=\"wp-image-436953\"><\/a><\/figure>\n<figure class=\"wp-block-image size-large\"><a href=\"https:\/\/cdn.newsbucovina.ro\/wp-content\/uploads\/2026\/04\/IMG-20260424-WA0010.jpg\"><img loading=\"lazy\" decoding=\"async\" width=\"1024\" height=\"768\" data-id=\"436954\" src=\"https:\/\/cdn.newsbucovina.ro\/wp-content\/uploads\/2026\/04\/IMG-20260424-WA0010-1024x768.jpg\" alt class=\"wp-image-436954\"><\/a><\/figure>\n<figure class=\"wp-block-image size-large\"><a href=\"https:\/\/cdn.newsbucovina.ro\/wp-content\/uploads\/2026\/04\/IMG-20260424-WA0011.jpg\"><img loading=\"lazy\" decoding=\"async\" width=\"1024\" height=\"768\" data-id=\"436955\" src=\"https:\/\/cdn.newsbucovina.ro\/wp-content\/uploads\/2026\/04\/IMG-20260424-WA0011-1024x768.jpg\" alt class=\"wp-image-436955\"><\/a><\/figure>\n<\/figure>\n<p>Porivit sublocotenent Radu Gabriel din cadrul ISU Suceava, pompierii militari din cadrul Deta\u0219amentelor Suceava, F\u0103lticeni, R\u0103d\u0103u\u021bi \u0219i Sta\u021biei Gura Humorului, \u00eempreun\u0103 cu Serviciul Voluntar pentru Situa\u021bii de Urgen\u021b\u0103 Bosanci, intervin cu \u0219apte autospeciale de stingere \u0219i o ambulan\u021b\u0103 SMURD B2. <\/p>\n<p>La sosirea echipajelor, incendiul se manifesta generalizat at\u00e2t la casa de locuit, c\u00e2t \u0219i la anexele gospod\u0103re\u0219ti.<\/p>\n<p>Echipajele au reu\u0219it s\u0103 localizeze incendiul \u00een limitele g\u0103site \u0219i l-au lichidat complet.<\/p>\n<p>\u00cen timpul interven\u021biei, pompierii au salvat o femeie \u00een v\u00e2rst\u0103 de 75 de ani din interiorul unei locuin\u021be afectate de incendiu. B\u0103tr\u00e2na, dependent\u0103 de oxigen, a suferit un atac de panic\u0103. Dup\u0103 stabilizarea acesteia la fa\u021ba locului, a fost solicitat un echipaj SAJ, care a transportat-o la spital pentru investiga\u021bii medicale suplimentare.<\/p>\n<figure class=\"wp-block-embed is-type-video is-provider-youtube wp-block-embed-youtube wp-embed-aspect-9-16 wp-has-aspect-ratio\">\n<div class=\"wp-block-embed__wrapper\">\n<div class=\"youtube-embed\" data-video_id><iframe loading=\"lazy\" title=\"E panic\u0103 la Ipote\u0219ti - 7 autospeciale de stingere nu fac fa\u021b\u0103 incendiului pornit la o gospod\u0103rie!\" width=\"563\" height=\"1000\" src=\"https:\/\/www.youtube.com\/embed\/dpPgZg0b4-w?feature=oembed&amp;enablejsapi=1\" frameborder allow=\"accelerometer; autoplay; clipboard-write; encrypted-media; gyroscope; picture-in-picture; web-share\" referrerpolicy=\"strict-origin-when-cross-origin\" allowfullscreen><\/iframe><\/div>\n<\/div>\n<\/figure>\n<div class=\"td-a-rec td-a-rec-id-content_bottom  tdi_4 td_block_template_1\"><strong>Intr\u0103 acum \u0219i \u00een grupul de <\/p>\n<div class=\"wp-block-button\"><a class=\"wp-block-button__link wp-element-button\" href=\"https:\/\/t.me\/+TH8wcfnp8fw5NWI0\">Telegram News Bucovina<\/a><\/div>\n<p><\/strong><\/div>\n<\/div>\n<div class=\"td-post-content tagdiv-type\">\n<div class=\"td-a-rec td-a-rec-id-content_top  tdi_3 td_block_template_1\"><strong>Intr\u0103 acum \u0219i \u00een grupul de <\/p>\n<div class=\"wp-block-button\"><a class=\"wp-block-button__link wp-element-button\" href=\"https:\/\/t.me\/+TH8wcfnp8fw5NWI0\">Telegram News Bucovina<\/a><\/div>\n<p><\/strong><\/div>\n<p>Un incendiu puternic a izbucnit vineri la o gospod\u0103rie din localitatea Ipote\u0219ti, jude\u021bul Suceava. Fl\u0103c\u0103rile s-au extins rapid la o a doua locuin\u021b\u0103 din cauza v\u00e2ntului puternic, pun\u00e2nd \u00een pericol \u0219i alte construc\u021bii din vecin\u0103tate.<\/p>\n<figure class=\"wp-block-gallery has-nested-images columns-default is-cropped wp-block-gallery-1 is-layout-flex wp-block-gallery-is-layout-flex\">\n<figure class=\"wp-block-image size-large\"><a href=\"https:\/\/cdn.newsbucovina.ro\/wp-content\/uploads\/2026\/04\/IMG-20260424-WA0012.jpg\"><img loading=\"lazy\" decoding=\"async\" width=\"1024\" height=\"768\" data-id=\"436953\" src=\"https:\/\/cdn.newsbucovina.ro\/wp-content\/uploads\/2026\/04\/IMG-20260424-WA0012-1024x768.jpg\" alt class=\"wp-image-436953\"><\/a><\/figure>\n<figure class=\"wp-block-image size-large\"><a href=\"https:\/\/cdn.newsbucovina.ro\/wp-content\/uploads\/2026\/04\/IMG-20260424-WA0010.jpg\"><img loading=\"lazy\" decoding=\"async\" width=\"1024\" height=\"768\" data-id=\"436954\" src=\"https:\/\/cdn.newsbucovina.ro\/wp-content\/uploads\/2026\/04\/IMG-20260424-WA0010-1024x768.jpg\" alt class=\"wp-image-436954\"><\/a><\/figure>\n<figure class=\"wp-block-image size-large\"><a href=\"https:\/\/cdn.newsbucovina.ro\/wp-content\/uploads\/2026\/04\/IMG-20260424-WA0011.jpg\"><img loading=\"lazy\" decoding=\"async\" width=\"1024\" height=\"768\" data-id=\"436955\" src=\"https:\/\/cdn.newsbucovina.ro\/wp-content\/uploads\/2026\/04\/IMG-20260424-WA0011-1024x768.jpg\" alt class=\"wp-image-436955\"><\/a><\/figure>\n<\/figure>\n<p>Porivit sublocotenent Radu Gabriel din cadrul ISU Suceava, pompierii militari din cadrul Deta\u0219amentelor Suceava, F\u0103lticeni, R\u0103d\u0103u\u021bi \u0219i Sta\u021biei Gura Humorului, \u00eempreun\u0103 cu Serviciul Voluntar pentru Situa\u021bii de Urgen\u021b\u0103 Bosanci, intervin cu \u0219apte autospeciale de stingere \u0219i o ambulan\u021b\u0103 SMURD B2. <\/p>\n<p>La sosirea echipajelor, incendiul se manifesta generalizat at\u00e2t la casa de locuit, c\u00e2t \u0219i la anexele gospod\u0103re\u0219ti.<\/p>\n<p>Echipajele au reu\u0219it s\u0103 localizeze incendiul \u00een limitele g\u0103site \u0219i l-au lichidat complet.<\/p>\n<p>\u00cen timpul interven\u021biei, pompierii au salvat o femeie \u00een v\u00e2rst\u0103 de 75 de ani din interiorul unei locuin\u021be afectate de incendiu. B\u0103tr\u00e2na, dependent\u0103 de oxigen, a suferit un atac de panic\u0103. Dup\u0103 stabilizarea acesteia la fa\u021ba locului, a fost solicitat un echipaj SAJ, care a transportat-o la spital pentru investiga\u021bii medicale suplimentare.<\/p>\n<figure class=\"wp-block-embed is-type-video is-provider-youtube wp-block-embed-youtube wp-embed-aspect-9-16 wp-has-aspect-ratio\">\n<div class=\"wp-block-embed__wrapper\">\n<div class=\"youtube-embed\" data-video_id><iframe loading=\"lazy\" title=\"E panic\u0103 la Ipote\u0219ti - 7 autospeciale de stingere nu fac fa\u021b\u0103 incendiului pornit la o gospod\u0103rie!\" width=\"563\" height=\"1000\" src=\"https:\/\/www.youtube.com\/embed\/dpPgZg0b4-w?feature=oembed&amp;enablejsapi=1\" frameborder allow=\"accelerometer; autoplay; clipboard-write; encrypted-media; gyroscope; picture-in-picture; web-share\" referrerpolicy=\"strict-origin-when-cross-origin\" allowfullscreen><\/iframe><\/div>\n<\/div>\n<\/figure>\n<div class=\"td-a-rec td-a-rec-id-content_bottom  tdi_4 td_block_template_1\"><strong>Intr\u0103 acum \u0219i \u00een grupul de <\/p>\n<div class=\"wp-block-button\"><a class=\"wp-block-button__link wp-element-button\" href=\"https:\/\/t.me\/+TH8wcfnp8fw5NWI0\">Telegram News Bucovina<\/a><\/div>\n<p><\/strong><\/div>\n<\/div>\n<p>[analyse_source url=&#8221;https:\/\/www.newsbucovina.ro\/actualitate\/436952\/incendiu-violent-in-ipotesti-doua-gospodarii-afectate-o-femeie-de-75-de-ani-salvata-de-pompieri&#8221;]<\/p>\n","protected":false},"excerpt":{"rendered":"<p>[analyse_image type=&#8221;featured&#8221; src=&#8221;https:\/\/www.newsbucovina.ro\/wp-content\/uploads\/2026\/04\/IMG-20260424-WA0010.jpghttps:\/\/cdn.newsbucovina.ro\/wp-content\/uploads\/2026\/04\/IMG-20260424-WA0010.jpg&#8221;] Intr\u0103 acum \u0219i \u00een grupul de Telegram News Bucovina Un incendiu puternic a izbucnit vineri la o gospod\u0103rie din localitatea Ipote\u0219ti, jude\u021bul Suceava. Fl\u0103c\u0103rile s-au extins rapid la o a doua locuin\u021b\u0103 din cauza v\u00e2ntului puternic, pun\u00e2nd \u00een pericol \u0219i alte construc\u021bii din vecin\u0103tate. Porivit sublocotenent Radu Gabriel din cadrul ISU Suceava, [&hellip;]<\/p>\n","protected":false},"author":1,"featured_media":0,"comment_status":"open","ping_status":"","sticky":false,"template":"","format":"standard","meta":{"footnotes":""},"categories":[89],"tags":[226,165],"class_list":["post-1900688","post","type-post","status-publish","format-standard","hentry","category-romania","tag-crawlmanager","tag-newsbucovina-ro"],"_links":{"self":[{"href":"https:\/\/analyse.optim.biz\/index.php?rest_route=\/wp\/v2\/posts\/1900688","targetHints":{"allow":["GET"]}}],"collection":[{"href":"https:\/\/analyse.optim.biz\/index.php?rest_route=\/wp\/v2\/posts"}],"about":[{"href":"https:\/\/analyse.optim.biz\/index.php?rest_route=\/wp\/v2\/types\/post"}],"author":[{"embeddable":true,"href":"https:\/\/analyse.optim.biz\/index.php?rest_route=\/wp\/v2\/users\/1"}],"replies":[{"embeddable":true,"href":"https:\/\/analyse.optim.biz\/index.php?rest_route=%2Fwp%2Fv2%2Fcomments&post=1900688"}],"version-history":[{"count":0,"href":"https:\/\/analyse.optim.biz\/index.php?rest_route=\/wp\/v2\/posts\/1900688\/revisions"}],"wp:attachment":[{"href":"https:\/\/analyse.optim.biz\/index.php?rest_route=%2Fwp%2Fv2%2Fmedia&parent=1900688"}],"wp:term":[{"taxonomy":"category","embeddable":true,"href":"https:\/\/analyse.optim.biz\/index.php?rest_route=%2Fwp%2Fv2%2Fcategories&post=1900688"},{"taxonomy":"post_tag","embeddable":true,"href":"https:\/\/analyse.optim.biz\/index.php?rest_route=%2Fwp%2Fv2%2Ftags&post=1900688"}],"curies":[{"name":"wp","href":"https:\/\/api.w.org\/{rel}","templated":true}]}}