{"id":1900686,"date":"2026-04-24T08:38:25","date_gmt":"2026-04-24T05:38:25","guid":{"rendered":"https:\/\/analyse.optim.biz\/?p=1900686"},"modified":"2026-04-24T08:38:25","modified_gmt":"2026-04-24T05:38:25","slug":"interventie-contracronometru-de-salvare-a-unui-barbat-prins-intr-un-utilaj-agricol-la-darmanesti","status":"publish","type":"post","link":"https:\/\/analyse.optim.biz\/?p=1900686","title":{"rendered":"Interven\u021bie contracronometru de salvare a unui b\u0103rbat prins \u00eentr-un utilaj agricol la D\u0103rm\u0103ne\u0219ti"},"content":{"rendered":"<p>[analyse_image type=&#8221;featured&#8221; src=&#8221;https:\/\/www.newsbucovina.ro\/wp-content\/uploads\/2026\/04\/IMG-20260424-WA0009.jpghttps:\/\/cdn.newsbucovina.ro\/wp-content\/uploads\/2026\/04\/IMG-20260424-WA0009.jpg&#8221;]<\/p>\n<div class=\"td-post-content tagdiv-type\">\n<div class=\"td-a-rec td-a-rec-id-content_top  tdi_3 td_block_template_1\"><strong>Intr\u0103 acum \u0219i \u00een grupul de <\/p>\n<div class=\"wp-block-button\"><a class=\"wp-block-button__link wp-element-button\" href=\"https:\/\/t.me\/+TH8wcfnp8fw5NWI0\">Telegram News Bucovina<\/a><\/div>\n<p><\/strong><\/div>\n<p>Pompierii militari din cadrul Deta\u0219amentului Suceava au reu\u0219it, vineri diminea\u021ba, s\u0103 salveze un b\u0103rbat de 71 de ani care r\u0103m\u0103sese cu un membru inferior blocat \u00eentr-un utilaj agricol, pe raza localit\u0103\u021bii D\u0103rm\u0103ne\u0219ti.<\/p>\n<figure class=\"wp-block-image size-large\"><a href=\"https:\/\/cdn.newsbucovina.ro\/wp-content\/uploads\/2026\/04\/IMG-20260424-WA0009.jpg\"><img loading=\"lazy\" decoding=\"async\" width=\"1024\" height=\"576\" src=\"https:\/\/cdn.newsbucovina.ro\/wp-content\/uploads\/2026\/04\/IMG-20260424-WA0009-1024x576.jpg\" alt class=\"wp-image-436949\"><\/a><\/figure>\n<p>Potrivit sublocotenent Radu Gabriel din cadrul ISU Suceava, alerta a fost primit\u0103 \u00een jurul orei 8:00, iar echipajele de interven\u021bie au ajuns rapid la fa\u021ba locului.<\/p>\n<p> Pentru descarcerare au fost mobilizate o autospecial\u0103 pentru descarcerare \u0219i o ambulan\u021b\u0103 SMURD B2, fiind solicitat \u0219i sprijinul unui echipaj SAJ cu medic.<br \/>B\u0103rbatul se afla \u00eentr-o situa\u021bie extrem de dificil\u0103, cu piciorul prins \u00een mecanismul utilajului.<\/p>\n<p> Pompierii au folosit accesoriile din dotare \u2013 echipamente hidraulice \u0219i unelte speciale \u2013 pentru a-l elibera cu grij\u0103, f\u0103r\u0103 a agrava eventualele leziuni.<br \/>Dup\u0103 extrac\u021bie, victima a fost predat\u0103 imediat echipajului SAJ, care i-a acordat primul ajutor medical la fa\u021ba locului \u0219i l-a transportat de urgen\u021b\u0103 la spital pentru investiga\u021bii \u0219i tratament de specialitate.<br \/>Starea b\u0103rbatului este stabil\u0103, dar urmeaz\u0103 s\u0103 fie evaluat\u0103 de medicii din unitatea spitaliceasc\u0103.<\/p>\n<figure class=\"wp-block-embed is-type-video is-provider-youtube wp-block-embed-youtube wp-embed-aspect-16-9 wp-has-aspect-ratio\">\n<div class=\"wp-block-embed__wrapper\">\n<div class=\"youtube-embed\" data-video_id=\"WQLXcNbbIqs\"><iframe loading=\"lazy\" title=\"De la Furc\u0103 p\u00e2n\u0103 la Furculi\u021b\u0103 la cap\u0103t de Schengen - Familia care a pariat totul pe VITA rom\u00e2neasc\u0103\" width=\"696\" height=\"392\" src=\"https:\/\/www.youtube.com\/embed\/WQLXcNbbIqs?feature=oembed&amp;enablejsapi=1\" frameborder allow=\"accelerometer; autoplay; clipboard-write; encrypted-media; gyroscope; picture-in-picture; web-share\" referrerpolicy=\"strict-origin-when-cross-origin\" allowfullscreen><\/iframe><\/div>\n<\/div>\n<\/figure>\n<div class=\"td-a-rec td-a-rec-id-content_bottom  tdi_4 td_block_template_1\"><strong>Intr\u0103 acum \u0219i \u00een grupul de <\/p>\n<div class=\"wp-block-button\"><a class=\"wp-block-button__link wp-element-button\" href=\"https:\/\/t.me\/+TH8wcfnp8fw5NWI0\">Telegram News Bucovina<\/a><\/div>\n<p><\/strong><\/div>\n<\/div>\n<div class=\"td-post-content tagdiv-type\">\n<div class=\"td-a-rec td-a-rec-id-content_top  tdi_3 td_block_template_1\"><strong>Intr\u0103 acum \u0219i \u00een grupul de <\/p>\n<div class=\"wp-block-button\"><a class=\"wp-block-button__link wp-element-button\" href=\"https:\/\/t.me\/+TH8wcfnp8fw5NWI0\">Telegram News Bucovina<\/a><\/div>\n<p><\/strong><\/div>\n<p>Pompierii militari din cadrul Deta\u0219amentului Suceava au reu\u0219it, vineri diminea\u021ba, s\u0103 salveze un b\u0103rbat de 71 de ani care r\u0103m\u0103sese cu un membru inferior blocat \u00eentr-un utilaj agricol, pe raza localit\u0103\u021bii D\u0103rm\u0103ne\u0219ti.<\/p>\n<figure class=\"wp-block-image size-large\"><a href=\"https:\/\/cdn.newsbucovina.ro\/wp-content\/uploads\/2026\/04\/IMG-20260424-WA0009.jpg\"><img loading=\"lazy\" decoding=\"async\" width=\"1024\" height=\"576\" src=\"https:\/\/cdn.newsbucovina.ro\/wp-content\/uploads\/2026\/04\/IMG-20260424-WA0009-1024x576.jpg\" alt class=\"wp-image-436949\"><\/a><\/figure>\n<p>Potrivit sublocotenent Radu Gabriel din cadrul ISU Suceava, alerta a fost primit\u0103 \u00een jurul orei 8:00, iar echipajele de interven\u021bie au ajuns rapid la fa\u021ba locului.<\/p>\n<p> Pentru descarcerare au fost mobilizate o autospecial\u0103 pentru descarcerare \u0219i o ambulan\u021b\u0103 SMURD B2, fiind solicitat \u0219i sprijinul unui echipaj SAJ cu medic.<br \/>B\u0103rbatul se afla \u00eentr-o situa\u021bie extrem de dificil\u0103, cu piciorul prins \u00een mecanismul utilajului.<\/p>\n<p> Pompierii au folosit accesoriile din dotare \u2013 echipamente hidraulice \u0219i unelte speciale \u2013 pentru a-l elibera cu grij\u0103, f\u0103r\u0103 a agrava eventualele leziuni.<br \/>Dup\u0103 extrac\u021bie, victima a fost predat\u0103 imediat echipajului SAJ, care i-a acordat primul ajutor medical la fa\u021ba locului \u0219i l-a transportat de urgen\u021b\u0103 la spital pentru investiga\u021bii \u0219i tratament de specialitate.<br \/>Starea b\u0103rbatului este stabil\u0103, dar urmeaz\u0103 s\u0103 fie evaluat\u0103 de medicii din unitatea spitaliceasc\u0103.<\/p>\n<figure class=\"wp-block-embed is-type-video is-provider-youtube wp-block-embed-youtube wp-embed-aspect-16-9 wp-has-aspect-ratio\">\n<div class=\"wp-block-embed__wrapper\">\n<div class=\"youtube-embed\" data-video_id=\"WQLXcNbbIqs\"><iframe loading=\"lazy\" title=\"De la Furc\u0103 p\u00e2n\u0103 la Furculi\u021b\u0103 la cap\u0103t de Schengen - Familia care a pariat totul pe VITA rom\u00e2neasc\u0103\" width=\"696\" height=\"392\" src=\"https:\/\/www.youtube.com\/embed\/WQLXcNbbIqs?feature=oembed&amp;enablejsapi=1\" frameborder allow=\"accelerometer; autoplay; clipboard-write; encrypted-media; gyroscope; picture-in-picture; web-share\" referrerpolicy=\"strict-origin-when-cross-origin\" allowfullscreen><\/iframe><\/div>\n<\/div>\n<\/figure>\n<div class=\"td-a-rec td-a-rec-id-content_bottom  tdi_4 td_block_template_1\"><strong>Intr\u0103 acum \u0219i \u00een grupul de <\/p>\n<div class=\"wp-block-button\"><a class=\"wp-block-button__link wp-element-button\" href=\"https:\/\/t.me\/+TH8wcfnp8fw5NWI0\">Telegram News Bucovina<\/a><\/div>\n<p><\/strong><\/div>\n<\/div>\n<p>[analyse_source url=&#8221;https:\/\/www.newsbucovina.ro\/actualitate\/436948\/interventie-contracronometru-de-salvare-a-unui-barbat-prins-intr-un-utilaj-agricol-la-darmanesti&#8221;]<\/p>\n","protected":false},"excerpt":{"rendered":"<p>[analyse_image type=&#8221;featured&#8221; src=&#8221;https:\/\/www.newsbucovina.ro\/wp-content\/uploads\/2026\/04\/IMG-20260424-WA0009.jpghttps:\/\/cdn.newsbucovina.ro\/wp-content\/uploads\/2026\/04\/IMG-20260424-WA0009.jpg&#8221;] Intr\u0103 acum \u0219i \u00een grupul de Telegram News Bucovina Pompierii militari din cadrul Deta\u0219amentului Suceava au reu\u0219it, vineri diminea\u021ba, s\u0103 salveze un b\u0103rbat de 71 de ani care r\u0103m\u0103sese cu un membru inferior blocat \u00eentr-un utilaj agricol, pe raza localit\u0103\u021bii D\u0103rm\u0103ne\u0219ti. Potrivit sublocotenent Radu Gabriel din cadrul ISU Suceava, alerta a fost [&hellip;]<\/p>\n","protected":false},"author":1,"featured_media":0,"comment_status":"open","ping_status":"","sticky":false,"template":"","format":"standard","meta":{"footnotes":""},"categories":[89],"tags":[226,165],"class_list":["post-1900686","post","type-post","status-publish","format-standard","hentry","category-romania","tag-crawlmanager","tag-newsbucovina-ro"],"_links":{"self":[{"href":"https:\/\/analyse.optim.biz\/index.php?rest_route=\/wp\/v2\/posts\/1900686","targetHints":{"allow":["GET"]}}],"collection":[{"href":"https:\/\/analyse.optim.biz\/index.php?rest_route=\/wp\/v2\/posts"}],"about":[{"href":"https:\/\/analyse.optim.biz\/index.php?rest_route=\/wp\/v2\/types\/post"}],"author":[{"embeddable":true,"href":"https:\/\/analyse.optim.biz\/index.php?rest_route=\/wp\/v2\/users\/1"}],"replies":[{"embeddable":true,"href":"https:\/\/analyse.optim.biz\/index.php?rest_route=%2Fwp%2Fv2%2Fcomments&post=1900686"}],"version-history":[{"count":0,"href":"https:\/\/analyse.optim.biz\/index.php?rest_route=\/wp\/v2\/posts\/1900686\/revisions"}],"wp:attachment":[{"href":"https:\/\/analyse.optim.biz\/index.php?rest_route=%2Fwp%2Fv2%2Fmedia&parent=1900686"}],"wp:term":[{"taxonomy":"category","embeddable":true,"href":"https:\/\/analyse.optim.biz\/index.php?rest_route=%2Fwp%2Fv2%2Fcategories&post=1900686"},{"taxonomy":"post_tag","embeddable":true,"href":"https:\/\/analyse.optim.biz\/index.php?rest_route=%2Fwp%2Fv2%2Ftags&post=1900686"}],"curies":[{"name":"wp","href":"https:\/\/api.w.org\/{rel}","templated":true}]}}