{"id":1900684,"date":"2026-04-24T07:22:46","date_gmt":"2026-04-24T04:22:46","guid":{"rendered":"https:\/\/analyse.optim.biz\/?p=1900684"},"modified":"2026-04-24T07:22:46","modified_gmt":"2026-04-24T04:22:46","slug":"cod-galben-de-vant-puternic-in-suceava-si-nord-estul-moldovei-cu-viteze-de-50-65-km-h","status":"publish","type":"post","link":"https:\/\/analyse.optim.biz\/?p=1900684","title":{"rendered":"Cod Galben de v\u00e2nt puternic \u00een Suceava \u0219i nord-estul Moldovei cu viteze de 50-65 km\/h"},"content":{"rendered":"<p>[analyse_image type=&#8221;featured&#8221; src=&#8221;https:\/\/www.newsbucovina.ro\/wp-content\/uploads\/2020\/07\/vant.jpeghttps:\/\/cdn.newsbucovina.ro\/wp-content\/uploads\/2020\/07\/vant.jpeg&#8221;]<\/p>\n<div class=\"td-post-content tagdiv-type\">\n<div class=\"td-a-rec td-a-rec-id-content_top  tdi_3 td_block_template_1\"><strong>Intr\u0103 acum \u0219i \u00een grupul de <\/p>\n<div class=\"wp-block-button\"><a class=\"wp-block-button__link wp-element-button\" href=\"https:\/\/t.me\/+TH8wcfnp8fw5NWI0\">Telegram News Bucovina<\/a><\/div>\n<p><\/strong><\/div>\n<p>Administra\u021bia Na\u021bional\u0103 de Meteorologie a emis o <strong>aten\u021bionare Cod Galben<\/strong> de intensific\u0103ri ale v\u00e2ntului valabil\u0103 ast\u0103zi, <strong>vineri, 24 aprilie 2026<\/strong>, \u00eentre orele <strong>10:00 \u2013 21:00<\/strong>.<\/p>\n<div class=\"wp-block-image\">\n<figure class=\"aligncenter size-full\"><a href=\"https:\/\/cdn.newsbucovina.ro\/wp-content\/uploads\/2020\/07\/vant.jpeg\"><img loading=\"lazy\" decoding=\"async\" width=\"765\" height=\"412\" src=\"https:\/\/cdn.newsbucovina.ro\/wp-content\/uploads\/2020\/07\/vant.jpeg.webp\" alt class=\"wp-image-290280\"><\/a><\/figure>\n<\/div>\n<p>Conform avertiz\u0103rii, \u00een nordul, estul \u0219i sud-estul Transilvaniei, nord-estul Moldovei (inclusiv jude\u021bul Suceava) \u0219i vestul Olteniei v\u00e2ntul va sufla cu viteze de <strong>50-65 km\/h<\/strong>. La munte, \u00een Carpa\u021bii Meridionali \u0219i de Curbur\u0103, rafalele vor atinge local <strong>70-90 km\/h<\/strong>.<\/p>\n<p>Intensific\u0103ri temporare ale v\u00e2ntului, cu viteze de <strong>40-45 km\/h<\/strong>, se vor semnala \u0219i \u00een restul teritoriului.<\/p>\n<figure class=\"wp-block-embed is-type-video is-provider-youtube wp-block-embed-youtube wp-embed-aspect-16-9 wp-has-aspect-ratio\">\n<div class=\"wp-block-embed__wrapper\">\n<div class=\"youtube-embed\" data-video_id=\"WQLXcNbbIqs\"><iframe loading=\"lazy\" title=\"De la Furc\u0103 p\u00e2n\u0103 la Furculi\u021b\u0103 la cap\u0103t de Schengen - Familia care a pariat totul pe VITA rom\u00e2neasc\u0103\" width=\"696\" height=\"392\" src=\"https:\/\/www.youtube.com\/embed\/WQLXcNbbIqs?feature=oembed&amp;enablejsapi=1\" frameborder allow=\"accelerometer; autoplay; clipboard-write; encrypted-media; gyroscope; picture-in-picture; web-share\" referrerpolicy=\"strict-origin-when-cross-origin\" allowfullscreen><\/iframe><\/div>\n<\/div>\n<\/figure>\n<div class=\"td-a-rec td-a-rec-id-content_bottom  tdi_4 td_block_template_1\"><strong>Intr\u0103 acum \u0219i \u00een grupul de <\/p>\n<div class=\"wp-block-button\"><a class=\"wp-block-button__link wp-element-button\" href=\"https:\/\/t.me\/+TH8wcfnp8fw5NWI0\">Telegram News Bucovina<\/a><\/div>\n<p><\/strong><\/div>\n<\/div>\n<div class=\"td-post-content tagdiv-type\">\n<div class=\"td-a-rec td-a-rec-id-content_top  tdi_3 td_block_template_1\"><strong>Intr\u0103 acum \u0219i \u00een grupul de <\/p>\n<div class=\"wp-block-button\"><a class=\"wp-block-button__link wp-element-button\" href=\"https:\/\/t.me\/+TH8wcfnp8fw5NWI0\">Telegram News Bucovina<\/a><\/div>\n<p><\/strong><\/div>\n<p>Administra\u021bia Na\u021bional\u0103 de Meteorologie a emis o <strong>aten\u021bionare Cod Galben<\/strong> de intensific\u0103ri ale v\u00e2ntului valabil\u0103 ast\u0103zi, <strong>vineri, 24 aprilie 2026<\/strong>, \u00eentre orele <strong>10:00 \u2013 21:00<\/strong>.<\/p>\n<div class=\"wp-block-image\">\n<figure class=\"aligncenter size-full\"><a href=\"https:\/\/cdn.newsbucovina.ro\/wp-content\/uploads\/2020\/07\/vant.jpeg\"><img loading=\"lazy\" decoding=\"async\" width=\"765\" height=\"412\" src=\"https:\/\/cdn.newsbucovina.ro\/wp-content\/uploads\/2020\/07\/vant.jpeg.webp\" alt class=\"wp-image-290280\"><\/a><\/figure>\n<\/div>\n<p>Conform avertiz\u0103rii, \u00een nordul, estul \u0219i sud-estul Transilvaniei, nord-estul Moldovei (inclusiv jude\u021bul Suceava) \u0219i vestul Olteniei v\u00e2ntul va sufla cu viteze de <strong>50-65 km\/h<\/strong>. La munte, \u00een Carpa\u021bii Meridionali \u0219i de Curbur\u0103, rafalele vor atinge local <strong>70-90 km\/h<\/strong>.<\/p>\n<p>Intensific\u0103ri temporare ale v\u00e2ntului, cu viteze de <strong>40-45 km\/h<\/strong>, se vor semnala \u0219i \u00een restul teritoriului.<\/p>\n<figure class=\"wp-block-embed is-type-video is-provider-youtube wp-block-embed-youtube wp-embed-aspect-16-9 wp-has-aspect-ratio\">\n<div class=\"wp-block-embed__wrapper\">\n<div class=\"youtube-embed\" data-video_id=\"WQLXcNbbIqs\"><iframe loading=\"lazy\" title=\"De la Furc\u0103 p\u00e2n\u0103 la Furculi\u021b\u0103 la cap\u0103t de Schengen - Familia care a pariat totul pe VITA rom\u00e2neasc\u0103\" width=\"696\" height=\"392\" src=\"https:\/\/www.youtube.com\/embed\/WQLXcNbbIqs?feature=oembed&amp;enablejsapi=1\" frameborder allow=\"accelerometer; autoplay; clipboard-write; encrypted-media; gyroscope; picture-in-picture; web-share\" referrerpolicy=\"strict-origin-when-cross-origin\" allowfullscreen><\/iframe><\/div>\n<\/div>\n<\/figure>\n<div class=\"td-a-rec td-a-rec-id-content_bottom  tdi_4 td_block_template_1\"><strong>Intr\u0103 acum \u0219i \u00een grupul de <\/p>\n<div class=\"wp-block-button\"><a class=\"wp-block-button__link wp-element-button\" href=\"https:\/\/t.me\/+TH8wcfnp8fw5NWI0\">Telegram News Bucovina<\/a><\/div>\n<p><\/strong><\/div>\n<\/div>\n<p>[analyse_source url=&#8221;https:\/\/www.newsbucovina.ro\/actualitate\/436938\/cod-galben-de-vant-puternic-in-suceava-si-nord-estul-moldovei-cu-viteze-de-50-65-km-h&#8221;]<\/p>\n","protected":false},"excerpt":{"rendered":"<p>[analyse_image type=&#8221;featured&#8221; src=&#8221;https:\/\/www.newsbucovina.ro\/wp-content\/uploads\/2020\/07\/vant.jpeghttps:\/\/cdn.newsbucovina.ro\/wp-content\/uploads\/2020\/07\/vant.jpeg&#8221;] Intr\u0103 acum \u0219i \u00een grupul de Telegram News Bucovina Administra\u021bia Na\u021bional\u0103 de Meteorologie a emis o aten\u021bionare Cod Galben de intensific\u0103ri ale v\u00e2ntului valabil\u0103 ast\u0103zi, vineri, 24 aprilie 2026, \u00eentre orele 10:00 \u2013 21:00. Conform avertiz\u0103rii, \u00een nordul, estul \u0219i sud-estul Transilvaniei, nord-estul Moldovei (inclusiv jude\u021bul Suceava) \u0219i vestul Olteniei v\u00e2ntul va [&hellip;]<\/p>\n","protected":false},"author":1,"featured_media":0,"comment_status":"open","ping_status":"","sticky":false,"template":"","format":"standard","meta":{"footnotes":""},"categories":[89],"tags":[226,165],"class_list":["post-1900684","post","type-post","status-publish","format-standard","hentry","category-romania","tag-crawlmanager","tag-newsbucovina-ro"],"_links":{"self":[{"href":"https:\/\/analyse.optim.biz\/index.php?rest_route=\/wp\/v2\/posts\/1900684","targetHints":{"allow":["GET"]}}],"collection":[{"href":"https:\/\/analyse.optim.biz\/index.php?rest_route=\/wp\/v2\/posts"}],"about":[{"href":"https:\/\/analyse.optim.biz\/index.php?rest_route=\/wp\/v2\/types\/post"}],"author":[{"embeddable":true,"href":"https:\/\/analyse.optim.biz\/index.php?rest_route=\/wp\/v2\/users\/1"}],"replies":[{"embeddable":true,"href":"https:\/\/analyse.optim.biz\/index.php?rest_route=%2Fwp%2Fv2%2Fcomments&post=1900684"}],"version-history":[{"count":0,"href":"https:\/\/analyse.optim.biz\/index.php?rest_route=\/wp\/v2\/posts\/1900684\/revisions"}],"wp:attachment":[{"href":"https:\/\/analyse.optim.biz\/index.php?rest_route=%2Fwp%2Fv2%2Fmedia&parent=1900684"}],"wp:term":[{"taxonomy":"category","embeddable":true,"href":"https:\/\/analyse.optim.biz\/index.php?rest_route=%2Fwp%2Fv2%2Fcategories&post=1900684"},{"taxonomy":"post_tag","embeddable":true,"href":"https:\/\/analyse.optim.biz\/index.php?rest_route=%2Fwp%2Fv2%2Ftags&post=1900684"}],"curies":[{"name":"wp","href":"https:\/\/api.w.org\/{rel}","templated":true}]}}