{"id":1900680,"date":"2026-04-24T13:32:28","date_gmt":"2026-04-24T10:32:28","guid":{"rendered":"https:\/\/analyse.optim.biz\/?p=1900680"},"modified":"2026-04-24T13:32:28","modified_gmt":"2026-04-24T10:32:28","slug":"detalii-in-cazul-accidentului-grav-de-la-vama-soferul-si-a-pierdut-cunostinta-si-a-lovit-un-biciclist-urmat-de-un-lant-de-coliziuni","status":"publish","type":"post","link":"https:\/\/analyse.optim.biz\/?p=1900680","title":{"rendered":"Detalii \u00een cazul accidentului grav de la Vama: \u0219oferul \u0219i-a pierdut cuno\u0219tin\u021ba \u0219i a lovit un biciclist, urmat de un lan\u021b de coliziuni"},"content":{"rendered":"<p>[analyse_image type=&#8221;featured&#8221; src=&#8221;https:\/\/www.newsbucovina.ro\/wp-content\/uploads\/2026\/04\/678812756_1564722168986926_8743491880925591798_n.jpghttps:\/\/cdn.newsbucovina.ro\/wp-content\/uploads\/2026\/04\/678812756_1564722168986926_8743491880925591798_n.jpg&#8221;]<\/p>\n<div class=\"td-post-content tagdiv-type\">\n<div class=\"td-a-rec td-a-rec-id-content_top  tdi_3 td_block_template_1\"><strong>Intr\u0103 acum \u0219i \u00een grupul de <\/p>\n<div class=\"wp-block-button\"><a class=\"wp-block-button__link wp-element-button\" href=\"https:\/\/t.me\/+TH8wcfnp8fw5NWI0\">Telegram News Bucovina<\/a><\/div>\n<p><\/strong><\/div>\n<p>Un accident rutier \u00een lan\u021b s-a produs joi, 23 aprilie 2026, \u00een jurul orei 14:09, pe DN17, la kilometrul 201+630, \u00een comuna Vama. Un conduc\u0103tor auto \u00een v\u00e2rst\u0103 de 65 de ani, aflat singur \u00een autoturismul marca Volkswagen, \u0219i-a pierdut cuno\u0219tin\u021ba la volan \u0219i a pierdut controlul direc\u021biei, intr\u00e2nd \u00een coliziune cu un biciclist care circula pe acostamentul consolidat, \u00een aceea\u0219i direc\u021bie de mers (dinspre Gura Humorului spre C\u00e2mpulung Moldovenesc).<\/p>\n<figure class=\"wp-block-image size-large\"><a href=\"https:\/\/cdn.newsbucovina.ro\/wp-content\/uploads\/2026\/04\/678812756_1564722168986926_8743491880925591798_n.jpg\"><img loading=\"lazy\" decoding=\"async\" width=\"1024\" height=\"576\" src=\"https:\/\/cdn.newsbucovina.ro\/wp-content\/uploads\/2026\/04\/678812756_1564722168986926_8743491880925591798_n-1024x576.jpg\" alt class=\"wp-image-436885\"><\/a><\/figure>\n<p>\u00cen urma impactului, biciclistul a fost proiectat pe capota autoturismului Volkswagen \u0219i purtat pe aceasta p\u00e2n\u0103 c\u00e2nd vehiculul a lovit un autoturism marca Land Rover sta\u021bionat pe acostamentul din dreapta.<\/p>\n<p>La r\u00e2ndul s\u0103u, Land Rover-ul a fost \u00eempins aproximativ 2-3 metri \u0219i a intrat \u00een coliziune cu un autoturism marca Toyota parcat \u00een fa\u021ba sa.<\/p>\n<p>Biciclistul a suferit contuzie omoplat st\u00e2ng, contuzie coloan\u0103 lombar\u0103, traumatism cranio-cerebral (TCC) f\u0103r\u0103 pierdere de cuno\u0219tin\u021b\u0103 \u0219i contuzie coloan\u0103 cervical\u0103. Acesta a fost transportat de un echipaj SAJ la Spitalul Jude\u021bean de Urgen\u021b\u0103 \u201eSf. Ioan cel Nou\u201d Suceava.<\/p>\n<p>Conduc\u0103torul autoturismului Volkswagen a acuzat dureri \u0219i a fost diagnosticat cu policontuzii prin accident rutier, criz\u0103 de suspendare a st\u0103rii de con\u0219tien\u021b\u0103 \u0219i aritmie extrasistolic\u0103 ventricular\u0103. El a fost transportat la Spitalul Municipal C\u00e2mpulung Moldovenesc. Medicul cardiolog nu a identificat probleme cardiologice acute care s\u0103 explice pierderea cuno\u0219tin\u021bei \u0219i a recomandat un consult neurologic suplimentar.<\/p>\n<p>At\u00e2t conduc\u0103torul auto, c\u00e2t \u0219i biciclistul au fost testa\u021bi cu aparatul etilometru, rezultatele fiind negative \u2013 0,00 mg\/l alcool pur \u00een aerul expirat.<\/p>\n<figure class=\"wp-block-embed is-type-video is-provider-youtube wp-block-embed-youtube wp-embed-aspect-16-9 wp-has-aspect-ratio\">\n<div class=\"wp-block-embed__wrapper\">\n<div class=\"youtube-embed\" data-video_id=\"WQLXcNbbIqs\"><iframe loading=\"lazy\" title=\"De la Furc\u0103 p\u00e2n\u0103 la Furculi\u021b\u0103 la cap\u0103t de Schengen - Familia care a pariat totul pe VITA rom\u00e2neasc\u0103\" width=\"696\" height=\"392\" src=\"https:\/\/www.youtube.com\/embed\/WQLXcNbbIqs?feature=oembed&amp;enablejsapi=1\" frameborder allow=\"accelerometer; autoplay; clipboard-write; encrypted-media; gyroscope; picture-in-picture; web-share\" referrerpolicy=\"strict-origin-when-cross-origin\" allowfullscreen><\/iframe><\/div>\n<\/div>\n<\/figure>\n<div class=\"td-a-rec td-a-rec-id-content_bottom  tdi_4 td_block_template_1\"><strong>Intr\u0103 acum \u0219i \u00een grupul de <\/p>\n<div class=\"wp-block-button\"><a class=\"wp-block-button__link wp-element-button\" href=\"https:\/\/t.me\/+TH8wcfnp8fw5NWI0\">Telegram News Bucovina<\/a><\/div>\n<p><\/strong><\/div>\n<\/div>\n<div class=\"td-post-content tagdiv-type\">\n<div class=\"td-a-rec td-a-rec-id-content_top  tdi_3 td_block_template_1\"><strong>Intr\u0103 acum \u0219i \u00een grupul de <\/p>\n<div class=\"wp-block-button\"><a class=\"wp-block-button__link wp-element-button\" href=\"https:\/\/t.me\/+TH8wcfnp8fw5NWI0\">Telegram News Bucovina<\/a><\/div>\n<p><\/strong><\/div>\n<p>Un accident rutier \u00een lan\u021b s-a produs joi, 23 aprilie 2026, \u00een jurul orei 14:09, pe DN17, la kilometrul 201+630, \u00een comuna Vama. Un conduc\u0103tor auto \u00een v\u00e2rst\u0103 de 65 de ani, aflat singur \u00een autoturismul marca Volkswagen, \u0219i-a pierdut cuno\u0219tin\u021ba la volan \u0219i a pierdut controlul direc\u021biei, intr\u00e2nd \u00een coliziune cu un biciclist care circula pe acostamentul consolidat, \u00een aceea\u0219i direc\u021bie de mers (dinspre Gura Humorului spre C\u00e2mpulung Moldovenesc).<\/p>\n<figure class=\"wp-block-image size-large\"><a href=\"https:\/\/cdn.newsbucovina.ro\/wp-content\/uploads\/2026\/04\/678812756_1564722168986926_8743491880925591798_n.jpg\"><img loading=\"lazy\" decoding=\"async\" width=\"1024\" height=\"576\" src=\"https:\/\/cdn.newsbucovina.ro\/wp-content\/uploads\/2026\/04\/678812756_1564722168986926_8743491880925591798_n-1024x576.jpg\" alt class=\"wp-image-436885\"><\/a><\/figure>\n<p>\u00cen urma impactului, biciclistul a fost proiectat pe capota autoturismului Volkswagen \u0219i purtat pe aceasta p\u00e2n\u0103 c\u00e2nd vehiculul a lovit un autoturism marca Land Rover sta\u021bionat pe acostamentul din dreapta.<\/p>\n<p>La r\u00e2ndul s\u0103u, Land Rover-ul a fost \u00eempins aproximativ 2-3 metri \u0219i a intrat \u00een coliziune cu un autoturism marca Toyota parcat \u00een fa\u021ba sa.<\/p>\n<p>Biciclistul a suferit contuzie omoplat st\u00e2ng, contuzie coloan\u0103 lombar\u0103, traumatism cranio-cerebral (TCC) f\u0103r\u0103 pierdere de cuno\u0219tin\u021b\u0103 \u0219i contuzie coloan\u0103 cervical\u0103. Acesta a fost transportat de un echipaj SAJ la Spitalul Jude\u021bean de Urgen\u021b\u0103 \u201eSf. Ioan cel Nou\u201d Suceava.<\/p>\n<p>Conduc\u0103torul autoturismului Volkswagen a acuzat dureri \u0219i a fost diagnosticat cu policontuzii prin accident rutier, criz\u0103 de suspendare a st\u0103rii de con\u0219tien\u021b\u0103 \u0219i aritmie extrasistolic\u0103 ventricular\u0103. El a fost transportat la Spitalul Municipal C\u00e2mpulung Moldovenesc. Medicul cardiolog nu a identificat probleme cardiologice acute care s\u0103 explice pierderea cuno\u0219tin\u021bei \u0219i a recomandat un consult neurologic suplimentar.<\/p>\n<p>At\u00e2t conduc\u0103torul auto, c\u00e2t \u0219i biciclistul au fost testa\u021bi cu aparatul etilometru, rezultatele fiind negative \u2013 0,00 mg\/l alcool pur \u00een aerul expirat.<\/p>\n<figure class=\"wp-block-embed is-type-video is-provider-youtube wp-block-embed-youtube wp-embed-aspect-16-9 wp-has-aspect-ratio\">\n<div class=\"wp-block-embed__wrapper\">\n<div class=\"youtube-embed\" data-video_id=\"WQLXcNbbIqs\"><iframe loading=\"lazy\" title=\"De la Furc\u0103 p\u00e2n\u0103 la Furculi\u021b\u0103 la cap\u0103t de Schengen - Familia care a pariat totul pe VITA rom\u00e2neasc\u0103\" width=\"696\" height=\"392\" src=\"https:\/\/www.youtube.com\/embed\/WQLXcNbbIqs?feature=oembed&amp;enablejsapi=1\" frameborder allow=\"accelerometer; autoplay; clipboard-write; encrypted-media; gyroscope; picture-in-picture; web-share\" referrerpolicy=\"strict-origin-when-cross-origin\" allowfullscreen><\/iframe><\/div>\n<\/div>\n<\/figure>\n<div class=\"td-a-rec td-a-rec-id-content_bottom  tdi_4 td_block_template_1\"><strong>Intr\u0103 acum \u0219i \u00een grupul de <\/p>\n<div class=\"wp-block-button\"><a class=\"wp-block-button__link wp-element-button\" href=\"https:\/\/t.me\/+TH8wcfnp8fw5NWI0\">Telegram News Bucovina<\/a><\/div>\n<p><\/strong><\/div>\n<\/div>\n<p>[analyse_source url=&#8221;https:\/\/www.newsbucovina.ro\/social\/436987\/detalii-in-cazul-accidentului-grav-de-la-vama-soferul-si-a-pierdut-cunostinta-si-a-lovit-un-biciclist-urmat-de-un-lant-de-coliziuni&#8221;]<\/p>\n","protected":false},"excerpt":{"rendered":"<p>[analyse_image type=&#8221;featured&#8221; src=&#8221;https:\/\/www.newsbucovina.ro\/wp-content\/uploads\/2026\/04\/678812756_1564722168986926_8743491880925591798_n.jpghttps:\/\/cdn.newsbucovina.ro\/wp-content\/uploads\/2026\/04\/678812756_1564722168986926_8743491880925591798_n.jpg&#8221;] Intr\u0103 acum \u0219i \u00een grupul de Telegram News Bucovina Un accident rutier \u00een lan\u021b s-a produs joi, 23 aprilie 2026, \u00een jurul orei 14:09, pe DN17, la kilometrul 201+630, \u00een comuna Vama. Un conduc\u0103tor auto \u00een v\u00e2rst\u0103 de 65 de ani, aflat singur \u00een autoturismul marca Volkswagen, \u0219i-a pierdut cuno\u0219tin\u021ba la volan [&hellip;]<\/p>\n","protected":false},"author":1,"featured_media":0,"comment_status":"open","ping_status":"","sticky":false,"template":"","format":"standard","meta":{"footnotes":""},"categories":[89],"tags":[226,165],"class_list":["post-1900680","post","type-post","status-publish","format-standard","hentry","category-romania","tag-crawlmanager","tag-newsbucovina-ro"],"_links":{"self":[{"href":"https:\/\/analyse.optim.biz\/index.php?rest_route=\/wp\/v2\/posts\/1900680","targetHints":{"allow":["GET"]}}],"collection":[{"href":"https:\/\/analyse.optim.biz\/index.php?rest_route=\/wp\/v2\/posts"}],"about":[{"href":"https:\/\/analyse.optim.biz\/index.php?rest_route=\/wp\/v2\/types\/post"}],"author":[{"embeddable":true,"href":"https:\/\/analyse.optim.biz\/index.php?rest_route=\/wp\/v2\/users\/1"}],"replies":[{"embeddable":true,"href":"https:\/\/analyse.optim.biz\/index.php?rest_route=%2Fwp%2Fv2%2Fcomments&post=1900680"}],"version-history":[{"count":0,"href":"https:\/\/analyse.optim.biz\/index.php?rest_route=\/wp\/v2\/posts\/1900680\/revisions"}],"wp:attachment":[{"href":"https:\/\/analyse.optim.biz\/index.php?rest_route=%2Fwp%2Fv2%2Fmedia&parent=1900680"}],"wp:term":[{"taxonomy":"category","embeddable":true,"href":"https:\/\/analyse.optim.biz\/index.php?rest_route=%2Fwp%2Fv2%2Fcategories&post=1900680"},{"taxonomy":"post_tag","embeddable":true,"href":"https:\/\/analyse.optim.biz\/index.php?rest_route=%2Fwp%2Fv2%2Ftags&post=1900680"}],"curies":[{"name":"wp","href":"https:\/\/api.w.org\/{rel}","templated":true}]}}