{"id":1900679,"date":"2026-04-23T12:57:56","date_gmt":"2026-04-23T09:57:56","guid":{"rendered":"https:\/\/analyse.optim.biz\/?p=1900679"},"modified":"2026-04-23T12:57:56","modified_gmt":"2026-04-23T09:57:56","slug":"sofer-beat-oprit-in-centrul-cajvanei-dupa-ce-a-ignorat-trecerea-de-pietoni-a-primit-amenda-de-5670-de-lei-si-este-cercetat-penal","status":"publish","type":"post","link":"https:\/\/analyse.optim.biz\/?p=1900679","title":{"rendered":"\u0218ofer beat, oprit \u00een centrul Cajvanei dup\u0103 ce a ignorat trecerea de pietoni. A primit amend\u0103 de 5670 de lei \u0219i este cercetat penal"},"content":{"rendered":"<p>[analyse_image type=&#8221;featured&#8221; src=&#8221;https:\/\/www.newsbucovina.ro\/wp-content\/uploads\/2026\/04\/politie-razie-11.jpeghttps:\/\/cdn.newsbucovina.ro\/wp-content\/uploads\/2026\/04\/politie-razie-11.jpeg&#8221;]<\/p>\n<div class=\"td-post-content tagdiv-type\">\n<div class=\"td-a-rec td-a-rec-id-content_top  tdi_3 td_block_template_1\"><strong>Intr\u0103 acum \u0219i \u00een grupul de <\/p>\n<div class=\"wp-block-button\"><a class=\"wp-block-button__link wp-element-button\" href=\"https:\/\/t.me\/+TH8wcfnp8fw5NWI0\">Telegram News Bucovina<\/a><\/div>\n<p><\/strong><\/div>\n<p>Un b\u0103rbat de 37 de ani din ora\u0219ul Cajvana a fost depistat miercuri, 22 aprilie 2026, \u00een jurul orei 14:20, conduc\u00e2nd sub influen\u021ba alcoolului pe DJ 178D, \u00een zona central\u0103 a localit\u0103\u021bii.<\/p>\n<figure class=\"wp-block-image size-large\"><a href=\"https:\/\/cdn.newsbucovina.ro\/wp-content\/uploads\/2026\/04\/politie-razie-10-1.jpeg\"><img loading=\"lazy\" decoding=\"async\" width=\"1024\" height=\"576\" src=\"https:\/\/cdn.newsbucovina.ro\/wp-content\/uploads\/2026\/04\/politie-razie-10-1-1024x576.jpeg\" alt class=\"wp-image-436434\"><\/a><\/figure>\n<p>Poli\u021bi\u0219tii din cadrul Poli\u021biei Ora\u0219ului Cajvana, afla\u021bi \u00een ac\u021biune de supraveghere a traficului rutier, au observat autoturismul marca VW Passat care nu a respectat indicatorul \u0219i marcajul \u201eTrecere pentru pietoni\u201d, trec\u00e2nd f\u0103r\u0103 s\u0103 acorde prioritate pietonilor care traversau regulamentar. Vehiculul a fost imediat oprit pentru control.<\/p>\n<p>La volan a fost identificat un b\u0103rbat de 37 de ani, domiciliat \u00een Cajvana. \u00cen urma verific\u0103rilor, poli\u021bi\u0219tii au constatat c\u0103 Inspec\u021bia Tehnic\u0103 Periodic\u0103 (ITP) a autoturismului era expirat\u0103. De asemenea, conduc\u0103torul auto emana halen\u0103 alcoolic\u0103 \u0219i a fost testat cu aparatul etilometru, rezultatul indic\u00e2nd o concentra\u021bie de <strong>1,22 mg\/l alcool pur \u00een aerul expirat<\/strong>.<\/p>\n<p>B\u0103rbatul a fost condus la Spitalul Municipal R\u0103d\u0103u\u021bi pentru recoltarea probelor biologice de s\u00e2nge \u00een vederea stabilirii alcoolemiei exacte.<\/p>\n<p>Pentru abaterile constatate, \u0219oferul a fost sanc\u021bionat contraven\u021bional cu amend\u0103 \u00een valoare de <strong>5.670 lei<\/strong>, conform OUG 195\/2002, iar ca m\u0103sur\u0103 complementar\u0103 i-au fost re\u021binute permisul de conducere \u0219i certificatul de \u00eenmatriculare al vehiculului.<\/p>\n<p>\u00cen cauz\u0103 a fost \u00eentocmit dosar penal sub aspectul s\u0103v\u00e2r\u0219irii infrac\u021biunii de <strong>conducere a unui vehicul sub influen\u021ba alcoolului<\/strong>,. Cercet\u0103rile sunt continuate de Poli\u021bia Ora\u0219ului Cajvana.<\/p>\n<figure class=\"wp-block-embed is-type-video is-provider-youtube wp-block-embed-youtube wp-embed-aspect-16-9 wp-has-aspect-ratio\">\n<div class=\"wp-block-embed__wrapper\">\n<div class=\"youtube-embed\" data-video_id=\"c7iLFNmUnAg\"><iframe loading=\"lazy\" title=\"Alex avea prioritate! Alex a murit..!!! Cine urmeaz\u0103??? \" width=\"696\" height=\"392\" src=\"https:\/\/www.youtube.com\/embed\/c7iLFNmUnAg?feature=oembed&amp;enablejsapi=1\" frameborder allow=\"accelerometer; autoplay; clipboard-write; encrypted-media; gyroscope; picture-in-picture; web-share\" referrerpolicy=\"strict-origin-when-cross-origin\" allowfullscreen><\/iframe><\/div>\n<\/div>\n<\/figure>\n<div class=\"td-a-rec td-a-rec-id-content_bottom  tdi_4 td_block_template_1\"><strong>Intr\u0103 acum \u0219i \u00een grupul de <\/p>\n<div class=\"wp-block-button\"><a class=\"wp-block-button__link wp-element-button\" href=\"https:\/\/t.me\/+TH8wcfnp8fw5NWI0\">Telegram News Bucovina<\/a><\/div>\n<p><\/strong><\/div>\n<\/div>\n<div class=\"td-post-content tagdiv-type\">\n<div class=\"td-a-rec td-a-rec-id-content_top  tdi_3 td_block_template_1\"><strong>Intr\u0103 acum \u0219i \u00een grupul de <\/p>\n<div class=\"wp-block-button\"><a class=\"wp-block-button__link wp-element-button\" href=\"https:\/\/t.me\/+TH8wcfnp8fw5NWI0\">Telegram News Bucovina<\/a><\/div>\n<p><\/strong><\/div>\n<p>Un b\u0103rbat de 37 de ani din ora\u0219ul Cajvana a fost depistat miercuri, 22 aprilie 2026, \u00een jurul orei 14:20, conduc\u00e2nd sub influen\u021ba alcoolului pe DJ 178D, \u00een zona central\u0103 a localit\u0103\u021bii.<\/p>\n<figure class=\"wp-block-image size-large\"><a href=\"https:\/\/cdn.newsbucovina.ro\/wp-content\/uploads\/2026\/04\/politie-razie-10-1.jpeg\"><img loading=\"lazy\" decoding=\"async\" width=\"1024\" height=\"576\" src=\"https:\/\/cdn.newsbucovina.ro\/wp-content\/uploads\/2026\/04\/politie-razie-10-1-1024x576.jpeg\" alt class=\"wp-image-436434\"><\/a><\/figure>\n<p>Poli\u021bi\u0219tii din cadrul Poli\u021biei Ora\u0219ului Cajvana, afla\u021bi \u00een ac\u021biune de supraveghere a traficului rutier, au observat autoturismul marca VW Passat care nu a respectat indicatorul \u0219i marcajul \u201eTrecere pentru pietoni\u201d, trec\u00e2nd f\u0103r\u0103 s\u0103 acorde prioritate pietonilor care traversau regulamentar. Vehiculul a fost imediat oprit pentru control.<\/p>\n<p>La volan a fost identificat un b\u0103rbat de 37 de ani, domiciliat \u00een Cajvana. \u00cen urma verific\u0103rilor, poli\u021bi\u0219tii au constatat c\u0103 Inspec\u021bia Tehnic\u0103 Periodic\u0103 (ITP) a autoturismului era expirat\u0103. De asemenea, conduc\u0103torul auto emana halen\u0103 alcoolic\u0103 \u0219i a fost testat cu aparatul etilometru, rezultatul indic\u00e2nd o concentra\u021bie de <strong>1,22 mg\/l alcool pur \u00een aerul expirat<\/strong>.<\/p>\n<p>B\u0103rbatul a fost condus la Spitalul Municipal R\u0103d\u0103u\u021bi pentru recoltarea probelor biologice de s\u00e2nge \u00een vederea stabilirii alcoolemiei exacte.<\/p>\n<p>Pentru abaterile constatate, \u0219oferul a fost sanc\u021bionat contraven\u021bional cu amend\u0103 \u00een valoare de <strong>5.670 lei<\/strong>, conform OUG 195\/2002, iar ca m\u0103sur\u0103 complementar\u0103 i-au fost re\u021binute permisul de conducere \u0219i certificatul de \u00eenmatriculare al vehiculului.<\/p>\n<p>\u00cen cauz\u0103 a fost \u00eentocmit dosar penal sub aspectul s\u0103v\u00e2r\u0219irii infrac\u021biunii de <strong>conducere a unui vehicul sub influen\u021ba alcoolului<\/strong>,. Cercet\u0103rile sunt continuate de Poli\u021bia Ora\u0219ului Cajvana.<\/p>\n<figure class=\"wp-block-embed is-type-video is-provider-youtube wp-block-embed-youtube wp-embed-aspect-16-9 wp-has-aspect-ratio\">\n<div class=\"wp-block-embed__wrapper\">\n<div class=\"youtube-embed\" data-video_id=\"c7iLFNmUnAg\"><iframe loading=\"lazy\" title=\"Alex avea prioritate! Alex a murit..!!! Cine urmeaz\u0103??? \" width=\"696\" height=\"392\" src=\"https:\/\/www.youtube.com\/embed\/c7iLFNmUnAg?feature=oembed&amp;enablejsapi=1\" frameborder allow=\"accelerometer; autoplay; clipboard-write; encrypted-media; gyroscope; picture-in-picture; web-share\" referrerpolicy=\"strict-origin-when-cross-origin\" allowfullscreen><\/iframe><\/div>\n<\/div>\n<\/figure>\n<div class=\"td-a-rec td-a-rec-id-content_bottom  tdi_4 td_block_template_1\"><strong>Intr\u0103 acum \u0219i \u00een grupul de <\/p>\n<div class=\"wp-block-button\"><a class=\"wp-block-button__link wp-element-button\" href=\"https:\/\/t.me\/+TH8wcfnp8fw5NWI0\">Telegram News Bucovina<\/a><\/div>\n<p><\/strong><\/div>\n<\/div>\n<p>[analyse_source url=&#8221;https:\/\/www.newsbucovina.ro\/social\/436892\/sofer-beat-oprit-in-centrul-cajvanei-dupa-ce-a-ignorat-trecerea-de-pietoni-a-primit-amenda-de-5670-de-lei-si-este-cercetat-penal&#8221;]<\/p>\n","protected":false},"excerpt":{"rendered":"<p>[analyse_image type=&#8221;featured&#8221; src=&#8221;https:\/\/www.newsbucovina.ro\/wp-content\/uploads\/2026\/04\/politie-razie-11.jpeghttps:\/\/cdn.newsbucovina.ro\/wp-content\/uploads\/2026\/04\/politie-razie-11.jpeg&#8221;] Intr\u0103 acum \u0219i \u00een grupul de Telegram News Bucovina Un b\u0103rbat de 37 de ani din ora\u0219ul Cajvana a fost depistat miercuri, 22 aprilie 2026, \u00een jurul orei 14:20, conduc\u00e2nd sub influen\u021ba alcoolului pe DJ 178D, \u00een zona central\u0103 a localit\u0103\u021bii. Poli\u021bi\u0219tii din cadrul Poli\u021biei Ora\u0219ului Cajvana, afla\u021bi \u00een ac\u021biune de supraveghere [&hellip;]<\/p>\n","protected":false},"author":1,"featured_media":0,"comment_status":"open","ping_status":"","sticky":false,"template":"","format":"standard","meta":{"footnotes":""},"categories":[89],"tags":[226,165],"class_list":["post-1900679","post","type-post","status-publish","format-standard","hentry","category-romania","tag-crawlmanager","tag-newsbucovina-ro"],"_links":{"self":[{"href":"https:\/\/analyse.optim.biz\/index.php?rest_route=\/wp\/v2\/posts\/1900679","targetHints":{"allow":["GET"]}}],"collection":[{"href":"https:\/\/analyse.optim.biz\/index.php?rest_route=\/wp\/v2\/posts"}],"about":[{"href":"https:\/\/analyse.optim.biz\/index.php?rest_route=\/wp\/v2\/types\/post"}],"author":[{"embeddable":true,"href":"https:\/\/analyse.optim.biz\/index.php?rest_route=\/wp\/v2\/users\/1"}],"replies":[{"embeddable":true,"href":"https:\/\/analyse.optim.biz\/index.php?rest_route=%2Fwp%2Fv2%2Fcomments&post=1900679"}],"version-history":[{"count":0,"href":"https:\/\/analyse.optim.biz\/index.php?rest_route=\/wp\/v2\/posts\/1900679\/revisions"}],"wp:attachment":[{"href":"https:\/\/analyse.optim.biz\/index.php?rest_route=%2Fwp%2Fv2%2Fmedia&parent=1900679"}],"wp:term":[{"taxonomy":"category","embeddable":true,"href":"https:\/\/analyse.optim.biz\/index.php?rest_route=%2Fwp%2Fv2%2Fcategories&post=1900679"},{"taxonomy":"post_tag","embeddable":true,"href":"https:\/\/analyse.optim.biz\/index.php?rest_route=%2Fwp%2Fv2%2Ftags&post=1900679"}],"curies":[{"name":"wp","href":"https:\/\/api.w.org\/{rel}","templated":true}]}}