{"id":1900676,"date":"2026-04-23T12:49:51","date_gmt":"2026-04-23T09:49:51","guid":{"rendered":"https:\/\/analyse.optim.biz\/?p=1900676"},"modified":"2026-04-23T12:49:51","modified_gmt":"2026-04-23T09:49:51","slug":"accident-rutier-grav-la-brodina-dupa-ce-un-tanar-sofer-a-rupt-cu-masina-balustrada-podului-si-a-cazut-in-raul-suceava","status":"publish","type":"post","link":"https:\/\/analyse.optim.biz\/?p=1900676","title":{"rendered":"Accident rutier grav la Brodina dup\u0103 ce un t\u00e2n\u0103r \u0219ofer \u00a0a rupt cu ma\u0219ina balustrada podului \u0219i a c\u0103zut \u00een r\u00e2ul Suceava"},"content":{"rendered":"<p>[analyse_image type=&#8221;featured&#8221; src=&#8221;https:\/\/www.newsbucovina.ro\/wp-content\/uploads\/2026\/04\/WhatsApp-Image-2026-04-22-at-23.13.34-1.jpeghttps:\/\/cdn.newsbucovina.ro\/wp-content\/uploads\/2026\/04\/WhatsApp-Image-2026-04-22-at-23.13.34-1.jpeg&#8221;]<\/p>\n<div class=\"td-post-content tagdiv-type\">\n<div class=\"td-a-rec td-a-rec-id-content_top  tdi_3 td_block_template_1\"><strong>Intr\u0103 acum \u0219i \u00een grupul de <\/p>\n<div class=\"wp-block-button\"><a class=\"wp-block-button__link wp-element-button\" href=\"https:\/\/t.me\/+TH8wcfnp8fw5NWI0\">Telegram News Bucovina<\/a><\/div>\n<p><\/strong><\/div>\n<p>Un accident rutier grav s-a produs mar\u021bi, 22 aprilie 2026, \u00een jurul orei 22:05, pe drumul jude\u021bean DJ 209G, pe raza localit\u0103\u021bii Brodina. Un autoturism marca Volkswagen a p\u0103r\u0103sit partea carosabil\u0103, a distrus balustrada podului de peste r\u00e2ul Suceava \u0219i a c\u0103zut de la o \u00een\u0103l\u021bime de aproximativ 4 metri \u00een albia r\u00e2ului.<\/p>\n<figure class=\"wp-block-image size-large\"><a href=\"https:\/\/cdn.newsbucovina.ro\/wp-content\/uploads\/2026\/04\/WhatsApp-Image-2026-04-22-at-23.13.34-1.jpeg\"><img loading=\"lazy\" decoding=\"async\" width=\"1024\" height=\"576\" src=\"https:\/\/cdn.newsbucovina.ro\/wp-content\/uploads\/2026\/04\/WhatsApp-Image-2026-04-22-at-23.13.34-1-1024x576.jpeg\" alt class=\"wp-image-436797\"><\/a><\/figure>\n<p>Potrivit primelor informa\u021bii, conduc\u0103torul auto, un b\u0103rbat de 23 de ani din comuna Brodina, nu a adaptat viteza la condi\u021biile de drum \u00eentr-o curb\u0103 la dreapta \u0219i a pierdut controlul direc\u021biei. \u00cen urma impactului, \u0219oferul a fost r\u0103nit, iar autoturismul a suferit avarii importante.<\/p>\n<p>La fa\u021ba locului s-a deplasat un echipaj de pompieri din cadrul Grupei de Interven\u021bie ISU Vicovu de Sus, care a reu\u0219it s\u0103 extrag\u0103 conduc\u0103torul auto din vehiculul aflat \u00een albia r\u00e2ului. Ulterior, victima a fost transportat\u0103 la Spitalul Municipal R\u0103d\u0103u\u021bi de c\u0103tre un echipaj al Serviciului de Ambulan\u021b\u0103 Jude\u021bean.<\/p>\n<p>Conduc\u0103torul auto a fost testat cu aparatul etilometru la spital, rezultatul fiind negativ \u2013 0,00 mg\/L alcool pur \u00een aerul expirat.<\/p>\n<p>Poli\u021bi\u0219tii din cadrul Biroului Rutier al Poli\u021biei Municipiului R\u0103d\u0103u\u021bi au \u00eentocmit dosar penal sub aspectul s\u0103v\u00e2r\u0219irii infrac\u021biunii de <strong>v\u0103t\u0103mare corporal\u0103 din culp\u0103<\/strong>.<\/p>\n<figure class=\"wp-block-embed is-type-video is-provider-youtube wp-block-embed-youtube wp-embed-aspect-16-9 wp-has-aspect-ratio\">\n<div class=\"wp-block-embed__wrapper\">\n<div class=\"youtube-embed\" data-video_id=\"cQP6CLkQ0sQ\"><iframe loading=\"lazy\" title=\"Aripioare la Co\u0219arc\u0103, Bere p\u00e2n\u0103 la refuz - Distrac\u021bie Adev\u0103rat\u0103 Made in Suceava!! O nebunie va fi...\" width=\"696\" height=\"392\" src=\"https:\/\/www.youtube.com\/embed\/cQP6CLkQ0sQ?feature=oembed&amp;enablejsapi=1\" frameborder allow=\"accelerometer; autoplay; clipboard-write; encrypted-media; gyroscope; picture-in-picture; web-share\" referrerpolicy=\"strict-origin-when-cross-origin\" allowfullscreen><\/iframe><\/div>\n<\/div>\n<\/figure>\n<div class=\"td-a-rec td-a-rec-id-content_bottom  tdi_4 td_block_template_1\"><strong>Intr\u0103 acum \u0219i \u00een grupul de <\/p>\n<div class=\"wp-block-button\"><a class=\"wp-block-button__link wp-element-button\" href=\"https:\/\/t.me\/+TH8wcfnp8fw5NWI0\">Telegram News Bucovina<\/a><\/div>\n<p><\/strong><\/div>\n<\/div>\n<div class=\"td-post-content tagdiv-type\">\n<div class=\"td-a-rec td-a-rec-id-content_top  tdi_3 td_block_template_1\"><strong>Intr\u0103 acum \u0219i \u00een grupul de <\/p>\n<div class=\"wp-block-button\"><a class=\"wp-block-button__link wp-element-button\" href=\"https:\/\/t.me\/+TH8wcfnp8fw5NWI0\">Telegram News Bucovina<\/a><\/div>\n<p><\/strong><\/div>\n<p>Un accident rutier grav s-a produs mar\u021bi, 22 aprilie 2026, \u00een jurul orei 22:05, pe drumul jude\u021bean DJ 209G, pe raza localit\u0103\u021bii Brodina. Un autoturism marca Volkswagen a p\u0103r\u0103sit partea carosabil\u0103, a distrus balustrada podului de peste r\u00e2ul Suceava \u0219i a c\u0103zut de la o \u00een\u0103l\u021bime de aproximativ 4 metri \u00een albia r\u00e2ului.<\/p>\n<figure class=\"wp-block-image size-large\"><a href=\"https:\/\/cdn.newsbucovina.ro\/wp-content\/uploads\/2026\/04\/WhatsApp-Image-2026-04-22-at-23.13.34-1.jpeg\"><img loading=\"lazy\" decoding=\"async\" width=\"1024\" height=\"576\" src=\"https:\/\/cdn.newsbucovina.ro\/wp-content\/uploads\/2026\/04\/WhatsApp-Image-2026-04-22-at-23.13.34-1-1024x576.jpeg\" alt class=\"wp-image-436797\"><\/a><\/figure>\n<p>Potrivit primelor informa\u021bii, conduc\u0103torul auto, un b\u0103rbat de 23 de ani din comuna Brodina, nu a adaptat viteza la condi\u021biile de drum \u00eentr-o curb\u0103 la dreapta \u0219i a pierdut controlul direc\u021biei. \u00cen urma impactului, \u0219oferul a fost r\u0103nit, iar autoturismul a suferit avarii importante.<\/p>\n<p>La fa\u021ba locului s-a deplasat un echipaj de pompieri din cadrul Grupei de Interven\u021bie ISU Vicovu de Sus, care a reu\u0219it s\u0103 extrag\u0103 conduc\u0103torul auto din vehiculul aflat \u00een albia r\u00e2ului. Ulterior, victima a fost transportat\u0103 la Spitalul Municipal R\u0103d\u0103u\u021bi de c\u0103tre un echipaj al Serviciului de Ambulan\u021b\u0103 Jude\u021bean.<\/p>\n<p>Conduc\u0103torul auto a fost testat cu aparatul etilometru la spital, rezultatul fiind negativ \u2013 0,00 mg\/L alcool pur \u00een aerul expirat.<\/p>\n<p>Poli\u021bi\u0219tii din cadrul Biroului Rutier al Poli\u021biei Municipiului R\u0103d\u0103u\u021bi au \u00eentocmit dosar penal sub aspectul s\u0103v\u00e2r\u0219irii infrac\u021biunii de <strong>v\u0103t\u0103mare corporal\u0103 din culp\u0103<\/strong>.<\/p>\n<figure class=\"wp-block-embed is-type-video is-provider-youtube wp-block-embed-youtube wp-embed-aspect-16-9 wp-has-aspect-ratio\">\n<div class=\"wp-block-embed__wrapper\">\n<div class=\"youtube-embed\" data-video_id=\"cQP6CLkQ0sQ\"><iframe loading=\"lazy\" title=\"Aripioare la Co\u0219arc\u0103, Bere p\u00e2n\u0103 la refuz - Distrac\u021bie Adev\u0103rat\u0103 Made in Suceava!! O nebunie va fi...\" width=\"696\" height=\"392\" src=\"https:\/\/www.youtube.com\/embed\/cQP6CLkQ0sQ?feature=oembed&amp;enablejsapi=1\" frameborder allow=\"accelerometer; autoplay; clipboard-write; encrypted-media; gyroscope; picture-in-picture; web-share\" referrerpolicy=\"strict-origin-when-cross-origin\" allowfullscreen><\/iframe><\/div>\n<\/div>\n<\/figure>\n<div class=\"td-a-rec td-a-rec-id-content_bottom  tdi_4 td_block_template_1\"><strong>Intr\u0103 acum \u0219i \u00een grupul de <\/p>\n<div class=\"wp-block-button\"><a class=\"wp-block-button__link wp-element-button\" href=\"https:\/\/t.me\/+TH8wcfnp8fw5NWI0\">Telegram News Bucovina<\/a><\/div>\n<p><\/strong><\/div>\n<\/div>\n<p>[analyse_source url=&#8221;https:\/\/www.newsbucovina.ro\/social\/436887\/accident-rutier-grav-la-brodina-dupa-ce-un-tanar-sofer-a-rupt-cu-masina-balustrada-podului-si-a-cazut-in-raul-suceava&#8221;]<\/p>\n","protected":false},"excerpt":{"rendered":"<p>[analyse_image type=&#8221;featured&#8221; src=&#8221;https:\/\/www.newsbucovina.ro\/wp-content\/uploads\/2026\/04\/WhatsApp-Image-2026-04-22-at-23.13.34-1.jpeghttps:\/\/cdn.newsbucovina.ro\/wp-content\/uploads\/2026\/04\/WhatsApp-Image-2026-04-22-at-23.13.34-1.jpeg&#8221;] Intr\u0103 acum \u0219i \u00een grupul de Telegram News Bucovina Un accident rutier grav s-a produs mar\u021bi, 22 aprilie 2026, \u00een jurul orei 22:05, pe drumul jude\u021bean DJ 209G, pe raza localit\u0103\u021bii Brodina. Un autoturism marca Volkswagen a p\u0103r\u0103sit partea carosabil\u0103, a distrus balustrada podului de peste r\u00e2ul Suceava \u0219i a c\u0103zut de [&hellip;]<\/p>\n","protected":false},"author":1,"featured_media":0,"comment_status":"open","ping_status":"","sticky":false,"template":"","format":"standard","meta":{"footnotes":""},"categories":[89],"tags":[226,165],"class_list":["post-1900676","post","type-post","status-publish","format-standard","hentry","category-romania","tag-crawlmanager","tag-newsbucovina-ro"],"_links":{"self":[{"href":"https:\/\/analyse.optim.biz\/index.php?rest_route=\/wp\/v2\/posts\/1900676","targetHints":{"allow":["GET"]}}],"collection":[{"href":"https:\/\/analyse.optim.biz\/index.php?rest_route=\/wp\/v2\/posts"}],"about":[{"href":"https:\/\/analyse.optim.biz\/index.php?rest_route=\/wp\/v2\/types\/post"}],"author":[{"embeddable":true,"href":"https:\/\/analyse.optim.biz\/index.php?rest_route=\/wp\/v2\/users\/1"}],"replies":[{"embeddable":true,"href":"https:\/\/analyse.optim.biz\/index.php?rest_route=%2Fwp%2Fv2%2Fcomments&post=1900676"}],"version-history":[{"count":0,"href":"https:\/\/analyse.optim.biz\/index.php?rest_route=\/wp\/v2\/posts\/1900676\/revisions"}],"wp:attachment":[{"href":"https:\/\/analyse.optim.biz\/index.php?rest_route=%2Fwp%2Fv2%2Fmedia&parent=1900676"}],"wp:term":[{"taxonomy":"category","embeddable":true,"href":"https:\/\/analyse.optim.biz\/index.php?rest_route=%2Fwp%2Fv2%2Fcategories&post=1900676"},{"taxonomy":"post_tag","embeddable":true,"href":"https:\/\/analyse.optim.biz\/index.php?rest_route=%2Fwp%2Fv2%2Ftags&post=1900676"}],"curies":[{"name":"wp","href":"https:\/\/api.w.org\/{rel}","templated":true}]}}