{"id":1900674,"date":"2026-04-24T07:28:35","date_gmt":"2026-04-24T04:28:35","guid":{"rendered":"https:\/\/analyse.optim.biz\/?p=1900674"},"modified":"2026-04-24T07:28:35","modified_gmt":"2026-04-24T04:28:35","slug":"studente-sucevene-premiate-la-concursul-international-de-arta-si-literatura-iubirea-nu-e-roz","status":"publish","type":"post","link":"https:\/\/analyse.optim.biz\/?p=1900674","title":{"rendered":"Studente sucevene, premiate la Concursul Interna\u021bional de Art\u0103 \u0219i Literatur\u0103 \u201eIubirea nu e roz\u201d"},"content":{"rendered":"<p>[analyse_image type=&#8221;featured&#8221; src=&#8221;https:\/\/www.newsbucovina.ro\/wp-content\/uploads\/2026\/04\/Bianca-Irimescu-poezie-locul-III-1.jpghttps:\/\/cdn.newsbucovina.ro\/wp-content\/uploads\/2026\/04\/Bianca-Irimescu-poezie-locul-III-1.jpg&#8221;]<\/p>\n<div class=\"td-post-content tagdiv-type\">\n<div class=\"td-a-rec td-a-rec-id-content_top  tdi_3 td_block_template_1\"><strong>Intr\u0103 acum \u0219i \u00een grupul de <\/p>\n<div class=\"wp-block-button\"><a class=\"wp-block-button__link wp-element-button\" href=\"https:\/\/t.me\/+TH8wcfnp8fw5NWI0\">Telegram News Bucovina<\/a><\/div>\n<p><\/strong><\/div>\n<p>Dou\u0103 studente ale Facult\u0103\u021bii de Litere \u0219i \u0218tiin\u021be ale Comunic\u0103rii din cadrul Universit\u0103\u021bii \u201e\u0218tefan cel Mare\u201d Suceava au ob\u021binut rezultate de excep\u021bie la Concursul Tematic Interna\u021bional de Art\u0103 \u0219i Literatur\u0103 \u201eIubirea nu e roz\u201d, organizat la Bucure\u0219ti de SC JOLIE ARTE SRL.<\/p>\n<p>Concursul, desf\u0103\u0219urat \u00een perioada 14 ianuarie \u2013 28 februarie 2026, a fost deschis participan\u021bilor din Rom\u00e2nia, Republica Moldova \u0219i diaspora, invit\u00e2ndu-i s\u0103 reflecteze artistic asupra iubirii reale \u2013 imperfecte, intense, contradictorii sau profunde \u2013 prin sec\u021biunile de art\u0103 vizual\u0103 \u0219i crea\u021bie literar\u0103 (proz\u0103 \u0219i poezie).<\/p>\n<p>La finalul procesului de jurizare, pe 15 martie 2026, au fost anun\u021bate premiile, dou\u0103 dintre ele revenind talentelor sucevene:<\/p>\n<figure class=\"wp-block-gallery has-nested-images columns-default is-cropped wp-block-gallery-1 is-layout-flex wp-block-gallery-is-layout-flex\">\n<figure class=\"wp-block-image size-large\"><a href=\"https:\/\/cdn.newsbucovina.ro\/wp-content\/uploads\/2026\/04\/Alexandra-Velneciuc-Proza-locul-I.jpg\"><img loading=\"lazy\" decoding=\"async\" width=\"768\" height=\"1024\" data-id=\"436944\" src=\"https:\/\/cdn.newsbucovina.ro\/wp-content\/uploads\/2026\/04\/Alexandra-Velneciuc-Proza-locul-I-768x1024.jpg\" alt class=\"wp-image-436944\"><\/a><\/figure>\n<figure class=\"wp-block-image size-large\"><a href=\"https:\/\/cdn.newsbucovina.ro\/wp-content\/uploads\/2026\/04\/premiu-Velneciuc.jpg\"><img loading=\"lazy\" decoding=\"async\" width=\"461\" height=\"1024\" data-id=\"436943\" src=\"https:\/\/cdn.newsbucovina.ro\/wp-content\/uploads\/2026\/04\/premiu-Velneciuc-461x1024.jpg\" alt class=\"wp-image-436943\"><\/a><\/figure>\n<\/figure>\n<ul class=\"wp-block-list\">\n<li><strong>Nicoleta-Alexandra Velneciuc<\/strong>, student\u0103 \u00een anul al III-lea, specializarea Limba \u0219i Literatura Rom\u00e2n\u0103 \u2013 Limba \u0219i Literatura Spaniol\u0103, a c\u00e2\u0219tigat <strong>Premiul I<\/strong> pentru fragmentul de proz\u0103 \u00eenscris \u00een concurs;<\/li>\n<li><strong>Lavinia-Bianca Irimescu<\/strong>, student\u0103 \u00een anul I la masteratul de Literatur\u0103 rom\u00e2n\u0103 \u00een context european, a ob\u021binut <strong>Premiul al III-lea<\/strong> pentru crea\u021biile sale lirice.<\/li>\n<\/ul>\n<figure class=\"wp-block-gallery has-nested-images columns-default is-cropped wp-block-gallery-2 is-layout-flex wp-block-gallery-is-layout-flex\">\n<figure class=\"wp-block-image size-large\"><a href=\"https:\/\/cdn.newsbucovina.ro\/wp-content\/uploads\/2026\/04\/Bianca-Irimescu-poezie-locul-III.jpg\"><img loading=\"lazy\" decoding=\"async\" width=\"772\" height=\"1024\" data-id=\"436941\" src=\"https:\/\/cdn.newsbucovina.ro\/wp-content\/uploads\/2026\/04\/Bianca-Irimescu-poezie-locul-III-772x1024.jpg\" alt class=\"wp-image-436941\"><\/a><\/figure>\n<figure class=\"wp-block-image size-large\"><a href=\"https:\/\/cdn.newsbucovina.ro\/wp-content\/uploads\/2026\/04\/premiu-Irimescu.jpg\"><img decoding=\"async\" loading=\"lazy\" width=\"768\" height=\"1024\" data-id=\"436942\" src=\"https:\/\/cdn.newsbucovina.ro\/wp-content\/uploads\/2026\/04\/premiu-Irimescu-768x1024.jpg\" alt class=\"wp-image-436942\"><\/a><\/figure>\n<\/figure>\n<p>Celor dou\u0103 studente le-au fost acordate trofee, diplome \u0219i c\u00e2te un exemplar gratuit din antologia concursului \u201eIubirea nu e roz\u201d, publicat\u0103 de Editura Jolie Arte \u00een colec\u021bia \u201eAntologiile Jolie Arte 2026\u201d.<\/p>\n<p>Ambele tinere creatoare sunt membre active ale <strong>Centrului de Scriere Creativ\u0103<\/strong> al USV \u0219i au fost coordonate de <strong>prof. univ. dr. habil. Ovidiu Morar<\/strong> \u0219i <strong>asist. univ. dr. Lavinia Ienceanu<\/strong>, coordonatorii workshop-urilor centrului.<\/p>\n<figure class=\"wp-block-embed is-type-video is-provider-youtube wp-block-embed-youtube wp-embed-aspect-16-9 wp-has-aspect-ratio\">\n<div class=\"wp-block-embed__wrapper\">\n<div class=\"youtube-embed\" data-video_id=\"WQLXcNbbIqs\"><iframe loading=\"lazy\" title=\"De la Furc\u0103 p\u00e2n\u0103 la Furculi\u021b\u0103 la cap\u0103t de Schengen - Familia care a pariat totul pe VITA rom\u00e2neasc\u0103\" width=\"696\" height=\"392\" src=\"https:\/\/www.youtube.com\/embed\/WQLXcNbbIqs?feature=oembed&amp;enablejsapi=1\" frameborder allow=\"accelerometer; autoplay; clipboard-write; encrypted-media; gyroscope; picture-in-picture; web-share\" referrerpolicy=\"strict-origin-when-cross-origin\" allowfullscreen><\/iframe><\/div>\n<\/div>\n<\/figure>\n<div class=\"td-a-rec td-a-rec-id-content_bottom  tdi_4 td_block_template_1\"><strong>Intr\u0103 acum \u0219i \u00een grupul de <\/p>\n<div class=\"wp-block-button\"><a class=\"wp-block-button__link wp-element-button\" href=\"https:\/\/t.me\/+TH8wcfnp8fw5NWI0\">Telegram News Bucovina<\/a><\/div>\n<p><\/strong><\/div>\n<\/div>\n<div class=\"td-post-content tagdiv-type\">\n<div class=\"td-a-rec td-a-rec-id-content_top  tdi_3 td_block_template_1\"><strong>Intr\u0103 acum \u0219i \u00een grupul de <\/p>\n<div class=\"wp-block-button\"><a class=\"wp-block-button__link wp-element-button\" href=\"https:\/\/t.me\/+TH8wcfnp8fw5NWI0\">Telegram News Bucovina<\/a><\/div>\n<p><\/strong><\/div>\n<p>Dou\u0103 studente ale Facult\u0103\u021bii de Litere \u0219i \u0218tiin\u021be ale Comunic\u0103rii din cadrul Universit\u0103\u021bii \u201e\u0218tefan cel Mare\u201d Suceava au ob\u021binut rezultate de excep\u021bie la Concursul Tematic Interna\u021bional de Art\u0103 \u0219i Literatur\u0103 \u201eIubirea nu e roz\u201d, organizat la Bucure\u0219ti de SC JOLIE ARTE SRL.<\/p>\n<p>Concursul, desf\u0103\u0219urat \u00een perioada 14 ianuarie \u2013 28 februarie 2026, a fost deschis participan\u021bilor din Rom\u00e2nia, Republica Moldova \u0219i diaspora, invit\u00e2ndu-i s\u0103 reflecteze artistic asupra iubirii reale \u2013 imperfecte, intense, contradictorii sau profunde \u2013 prin sec\u021biunile de art\u0103 vizual\u0103 \u0219i crea\u021bie literar\u0103 (proz\u0103 \u0219i poezie).<\/p>\n<p>La finalul procesului de jurizare, pe 15 martie 2026, au fost anun\u021bate premiile, dou\u0103 dintre ele revenind talentelor sucevene:<\/p>\n<figure class=\"wp-block-gallery has-nested-images columns-default is-cropped wp-block-gallery-1 is-layout-flex wp-block-gallery-is-layout-flex\">\n<figure class=\"wp-block-image size-large\"><a href=\"https:\/\/cdn.newsbucovina.ro\/wp-content\/uploads\/2026\/04\/Alexandra-Velneciuc-Proza-locul-I.jpg\"><img loading=\"lazy\" decoding=\"async\" width=\"768\" height=\"1024\" data-id=\"436944\" src=\"https:\/\/cdn.newsbucovina.ro\/wp-content\/uploads\/2026\/04\/Alexandra-Velneciuc-Proza-locul-I-768x1024.jpg\" alt class=\"wp-image-436944\"><\/a><\/figure>\n<figure class=\"wp-block-image size-large\"><a href=\"https:\/\/cdn.newsbucovina.ro\/wp-content\/uploads\/2026\/04\/premiu-Velneciuc.jpg\"><img loading=\"lazy\" decoding=\"async\" width=\"461\" height=\"1024\" data-id=\"436943\" src=\"https:\/\/cdn.newsbucovina.ro\/wp-content\/uploads\/2026\/04\/premiu-Velneciuc-461x1024.jpg\" alt class=\"wp-image-436943\"><\/a><\/figure>\n<\/figure>\n<ul class=\"wp-block-list\">\n<li><strong>Nicoleta-Alexandra Velneciuc<\/strong>, student\u0103 \u00een anul al III-lea, specializarea Limba \u0219i Literatura Rom\u00e2n\u0103 \u2013 Limba \u0219i Literatura Spaniol\u0103, a c\u00e2\u0219tigat <strong>Premiul I<\/strong> pentru fragmentul de proz\u0103 \u00eenscris \u00een concurs;<\/li>\n<li><strong>Lavinia-Bianca Irimescu<\/strong>, student\u0103 \u00een anul I la masteratul de Literatur\u0103 rom\u00e2n\u0103 \u00een context european, a ob\u021binut <strong>Premiul al III-lea<\/strong> pentru crea\u021biile sale lirice.<\/li>\n<\/ul>\n<figure class=\"wp-block-gallery has-nested-images columns-default is-cropped wp-block-gallery-2 is-layout-flex wp-block-gallery-is-layout-flex\">\n<figure class=\"wp-block-image size-large\"><a href=\"https:\/\/cdn.newsbucovina.ro\/wp-content\/uploads\/2026\/04\/Bianca-Irimescu-poezie-locul-III.jpg\"><img loading=\"lazy\" decoding=\"async\" width=\"772\" height=\"1024\" data-id=\"436941\" src=\"https:\/\/cdn.newsbucovina.ro\/wp-content\/uploads\/2026\/04\/Bianca-Irimescu-poezie-locul-III-772x1024.jpg\" alt class=\"wp-image-436941\"><\/a><\/figure>\n<figure class=\"wp-block-image size-large\"><a href=\"https:\/\/cdn.newsbucovina.ro\/wp-content\/uploads\/2026\/04\/premiu-Irimescu.jpg\"><img decoding=\"async\" loading=\"lazy\" width=\"768\" height=\"1024\" data-id=\"436942\" src=\"https:\/\/cdn.newsbucovina.ro\/wp-content\/uploads\/2026\/04\/premiu-Irimescu-768x1024.jpg\" alt class=\"wp-image-436942\"><\/a><\/figure>\n<\/figure>\n<p>Celor dou\u0103 studente le-au fost acordate trofee, diplome \u0219i c\u00e2te un exemplar gratuit din antologia concursului \u201eIubirea nu e roz\u201d, publicat\u0103 de Editura Jolie Arte \u00een colec\u021bia \u201eAntologiile Jolie Arte 2026\u201d.<\/p>\n<p>Ambele tinere creatoare sunt membre active ale <strong>Centrului de Scriere Creativ\u0103<\/strong> al USV \u0219i au fost coordonate de <strong>prof. univ. dr. habil. Ovidiu Morar<\/strong> \u0219i <strong>asist. univ. dr. Lavinia Ienceanu<\/strong>, coordonatorii workshop-urilor centrului.<\/p>\n<figure class=\"wp-block-embed is-type-video is-provider-youtube wp-block-embed-youtube wp-embed-aspect-16-9 wp-has-aspect-ratio\">\n<div class=\"wp-block-embed__wrapper\">\n<div class=\"youtube-embed\" data-video_id=\"WQLXcNbbIqs\"><iframe loading=\"lazy\" title=\"De la Furc\u0103 p\u00e2n\u0103 la Furculi\u021b\u0103 la cap\u0103t de Schengen - Familia care a pariat totul pe VITA rom\u00e2neasc\u0103\" width=\"696\" height=\"392\" src=\"https:\/\/www.youtube.com\/embed\/WQLXcNbbIqs?feature=oembed&amp;enablejsapi=1\" frameborder allow=\"accelerometer; autoplay; clipboard-write; encrypted-media; gyroscope; picture-in-picture; web-share\" referrerpolicy=\"strict-origin-when-cross-origin\" allowfullscreen><\/iframe><\/div>\n<\/div>\n<\/figure>\n<div class=\"td-a-rec td-a-rec-id-content_bottom  tdi_4 td_block_template_1\"><strong>Intr\u0103 acum \u0219i \u00een grupul de <\/p>\n<div class=\"wp-block-button\"><a class=\"wp-block-button__link wp-element-button\" href=\"https:\/\/t.me\/+TH8wcfnp8fw5NWI0\">Telegram News Bucovina<\/a><\/div>\n<p><\/strong><\/div>\n<\/div>\n<p>[analyse_source url=&#8221;https:\/\/www.newsbucovina.ro\/subiectul-zilei\/436940\/studente-sucevene-premiate-la-concursul-international-de-arta-si-literatura-iubirea-nu-e-roz&#8221;]<\/p>\n","protected":false},"excerpt":{"rendered":"<p>[analyse_image type=&#8221;featured&#8221; src=&#8221;https:\/\/www.newsbucovina.ro\/wp-content\/uploads\/2026\/04\/Bianca-Irimescu-poezie-locul-III-1.jpghttps:\/\/cdn.newsbucovina.ro\/wp-content\/uploads\/2026\/04\/Bianca-Irimescu-poezie-locul-III-1.jpg&#8221;] Intr\u0103 acum \u0219i \u00een grupul de Telegram News Bucovina Dou\u0103 studente ale Facult\u0103\u021bii de Litere \u0219i \u0218tiin\u021be ale Comunic\u0103rii din cadrul Universit\u0103\u021bii \u201e\u0218tefan cel Mare\u201d Suceava au ob\u021binut rezultate de excep\u021bie la Concursul Tematic Interna\u021bional de Art\u0103 \u0219i Literatur\u0103 \u201eIubirea nu e roz\u201d, organizat la Bucure\u0219ti de SC JOLIE ARTE SRL. Concursul, [&hellip;]<\/p>\n","protected":false},"author":1,"featured_media":0,"comment_status":"open","ping_status":"","sticky":false,"template":"","format":"standard","meta":{"footnotes":""},"categories":[89],"tags":[226,165],"class_list":["post-1900674","post","type-post","status-publish","format-standard","hentry","category-romania","tag-crawlmanager","tag-newsbucovina-ro"],"_links":{"self":[{"href":"https:\/\/analyse.optim.biz\/index.php?rest_route=\/wp\/v2\/posts\/1900674","targetHints":{"allow":["GET"]}}],"collection":[{"href":"https:\/\/analyse.optim.biz\/index.php?rest_route=\/wp\/v2\/posts"}],"about":[{"href":"https:\/\/analyse.optim.biz\/index.php?rest_route=\/wp\/v2\/types\/post"}],"author":[{"embeddable":true,"href":"https:\/\/analyse.optim.biz\/index.php?rest_route=\/wp\/v2\/users\/1"}],"replies":[{"embeddable":true,"href":"https:\/\/analyse.optim.biz\/index.php?rest_route=%2Fwp%2Fv2%2Fcomments&post=1900674"}],"version-history":[{"count":0,"href":"https:\/\/analyse.optim.biz\/index.php?rest_route=\/wp\/v2\/posts\/1900674\/revisions"}],"wp:attachment":[{"href":"https:\/\/analyse.optim.biz\/index.php?rest_route=%2Fwp%2Fv2%2Fmedia&parent=1900674"}],"wp:term":[{"taxonomy":"category","embeddable":true,"href":"https:\/\/analyse.optim.biz\/index.php?rest_route=%2Fwp%2Fv2%2Fcategories&post=1900674"},{"taxonomy":"post_tag","embeddable":true,"href":"https:\/\/analyse.optim.biz\/index.php?rest_route=%2Fwp%2Fv2%2Ftags&post=1900674"}],"curies":[{"name":"wp","href":"https:\/\/api.w.org\/{rel}","templated":true}]}}