{"id":1900672,"date":"2026-04-23T13:53:14","date_gmt":"2026-04-23T10:53:14","guid":{"rendered":"https:\/\/analyse.optim.biz\/?p=1900672"},"modified":"2026-04-23T13:53:14","modified_gmt":"2026-04-23T10:53:14","slug":"deputatul-aur-de-suceava-petre-negrea-hidroelectrica-nu-este-de-vanzare","status":"publish","type":"post","link":"https:\/\/analyse.optim.biz\/?p=1900672","title":{"rendered":"Deputatul AUR de Suceava, Petre Negrea: \u201eHidroelectrica nu este de v\u00e2nzare\u201d"},"content":{"rendered":"<p>[analyse_image type=&#8221;featured&#8221; src=&#8221;https:\/\/www.newsbucovina.ro\/wp-content\/uploads\/2026\/04\/negrea.jpeghttps:\/\/cdn.newsbucovina.ro\/wp-content\/uploads\/2026\/04\/negrea.jpeg&#8221;]<\/p>\n<div class=\"td-post-content tagdiv-type\">\n<div class=\"td-a-rec td-a-rec-id-content_top  tdi_3 td_block_template_1\"><strong>Intr\u0103 acum \u0219i \u00een grupul de <\/p>\n<div class=\"wp-block-button\"><a class=\"wp-block-button__link wp-element-button\" href=\"https:\/\/t.me\/+TH8wcfnp8fw5NWI0\">Telegram News Bucovina<\/a><\/div>\n<p><\/strong><\/div>\n<p>Deputatul AUR de Suceava Petre Negrea atrage aten\u021bia asupra inten\u021biei Guvernului de a lista la burs\u0103 pachete suplimentare din capitalul unor companii de stat, inclusiv Hidroelectrica, consider\u00e2nd aceast\u0103 m\u0103sur\u0103 o vulnerabilizare a securit\u0103\u021bii na\u021bionale \u0219i o decizie p\u0103guboas\u0103 pe termen lung.<\/p>\n<figure class=\"wp-block-image size-large\"><a href=\"https:\/\/cdn.newsbucovina.ro\/wp-content\/uploads\/2026\/04\/negrea.jpeg\"><img loading=\"lazy\" decoding=\"async\" width=\"1024\" height=\"683\" src=\"https:\/\/cdn.newsbucovina.ro\/wp-content\/uploads\/2026\/04\/negrea-1024x683.jpeg\" alt class=\"wp-image-436895\"><\/a><\/figure>\n<p>\u00centr-un comunicat de pres\u0103 deputatul afirm\u0103 c\u0103 Hidroelectrica reprezint\u0103 \u201ecea mai profitabil\u0103 companie a Rom\u00e2niei\u201d \u0219i unul dintre pu\u021binele instrumente reale prin care statul poate proteja cet\u0103\u021benii \u00een fa\u021ba cre\u0219terii pre\u021burilor la energie.<\/p>\n<p>\u201eNi se spune c\u0103 este o decizie strategic\u0103. \u00cen realitate, ceea ce vedem este o decizie care sl\u0103be\u0219te pozi\u021bia statului \u00eentr-un domeniu esen\u021bial. Iar c\u00e2nd reduci controlul asupra energiei \u00eentr-un moment de instabilitate, nu mai vorbim despre reform\u0103, ci despre o vulnerabilizare direct\u0103 a securit\u0103\u021bii na\u021bionale\u201d, precizeaz\u0103 Petre Negrea.<\/p>\n<p>Deputatul subliniaz\u0103 c\u0103 Hidroelectrica produce energie ieftin\u0103 din resurse interne sigure \u0219i aduce anual miliarde de lei la bugetul de stat. El consider\u0103 c\u0103 un stat responsabil ar trebui s\u0103 consolideze o astfel de companie, nu s\u0103 o fragilizeze prin ced\u0103ri succesive de participa\u021bii.<\/p>\n<p>Petre Negrea face referire la abordarea diferit\u0103 a altor state europene, men\u021bion\u00e2nd exemplul Fran\u021bei, care a cump\u0103rat ac\u021biuni de la investitori priva\u021bi pentru a prelua controlul integral asupra companiei na\u021bionale de energie (EDF). El critic\u0103 totodat\u0103 pozi\u021bia USR, care promoveaz\u0103 de ani de zile listarea companiilor de stat.<\/p>\n<p>\u201e\u00centrebarea este direct\u0103: de ce alte state \u00ee\u0219i \u00eent\u0103resc controlul asupra companiilor energetice, iar Rom\u00e2nia vrea s\u0103 \u00eel reduc\u0103?\u201d, se \u00eentreab\u0103 deputatul sucevean.<\/p>\n<p>Potrivit comunicatului, tratarea Hidroelectrica ca pe un activ de tranzac\u021bionat pentru rezolvarea problemelor bugetare pe termen scurt ar transfera costurile c\u0103tre genera\u021biile viitoare, costuri care vor fi suportate de fiecare cet\u0103\u021bean.<\/p>\n<p>\u201eRom\u00e2nia are nevoie de responsabilitate \u0219i de decizii care s\u0103 \u00eent\u0103reasc\u0103 statul, nu s\u0103-l \u00eengenuncheze. Hidroelectrica nu este un activ de tranzac\u021bionat. Este un avantaj strategic \u0219i un instrument de stabilitate economic\u0103\u201d, concluzioneaz\u0103 deputatul Petre Negrea.<\/p>\n<p>Declara\u021bia vine \u00een contextul discu\u021biilor recente de la nivel guvernamental privind listarea suplimentar\u0103 a unor pachete minoritare din companii energetice de stat, m\u0103sur\u0103 prezentat\u0103 de coali\u021bia de guvernare ca parte a unui proces de reform\u0103 \u0219i atragere de capital pentru dezvoltare.<\/p>\n<figure class=\"wp-block-embed is-type-video is-provider-youtube wp-block-embed-youtube wp-embed-aspect-16-9 wp-has-aspect-ratio\">\n<div class=\"wp-block-embed__wrapper\">\n<div class=\"youtube-embed\" data-video_id=\"c7iLFNmUnAg\"><iframe loading=\"lazy\" title=\"Alex avea prioritate! Alex a murit..!!! Cine urmeaz\u0103??? \" width=\"696\" height=\"392\" src=\"https:\/\/www.youtube.com\/embed\/c7iLFNmUnAg?feature=oembed&amp;enablejsapi=1\" frameborder allow=\"accelerometer; autoplay; clipboard-write; encrypted-media; gyroscope; picture-in-picture; web-share\" referrerpolicy=\"strict-origin-when-cross-origin\" allowfullscreen><\/iframe><\/div>\n<\/div>\n<\/figure>\n<div class=\"td-a-rec td-a-rec-id-content_bottom  tdi_4 td_block_template_1\"><strong>Intr\u0103 acum \u0219i \u00een grupul de <\/p>\n<div class=\"wp-block-button\"><a class=\"wp-block-button__link wp-element-button\" href=\"https:\/\/t.me\/+TH8wcfnp8fw5NWI0\">Telegram News Bucovina<\/a><\/div>\n<p><\/strong><\/div>\n<\/div>\n<div class=\"td-post-content tagdiv-type\">\n<div class=\"td-a-rec td-a-rec-id-content_top  tdi_3 td_block_template_1\"><strong>Intr\u0103 acum \u0219i \u00een grupul de <\/p>\n<div class=\"wp-block-button\"><a class=\"wp-block-button__link wp-element-button\" href=\"https:\/\/t.me\/+TH8wcfnp8fw5NWI0\">Telegram News Bucovina<\/a><\/div>\n<p><\/strong><\/div>\n<p>Deputatul AUR de Suceava Petre Negrea atrage aten\u021bia asupra inten\u021biei Guvernului de a lista la burs\u0103 pachete suplimentare din capitalul unor companii de stat, inclusiv Hidroelectrica, consider\u00e2nd aceast\u0103 m\u0103sur\u0103 o vulnerabilizare a securit\u0103\u021bii na\u021bionale \u0219i o decizie p\u0103guboas\u0103 pe termen lung.<\/p>\n<figure class=\"wp-block-image size-large\"><a href=\"https:\/\/cdn.newsbucovina.ro\/wp-content\/uploads\/2026\/04\/negrea.jpeg\"><img loading=\"lazy\" decoding=\"async\" width=\"1024\" height=\"683\" src=\"https:\/\/cdn.newsbucovina.ro\/wp-content\/uploads\/2026\/04\/negrea-1024x683.jpeg\" alt class=\"wp-image-436895\"><\/a><\/figure>\n<p>\u00centr-un comunicat de pres\u0103 deputatul afirm\u0103 c\u0103 Hidroelectrica reprezint\u0103 \u201ecea mai profitabil\u0103 companie a Rom\u00e2niei\u201d \u0219i unul dintre pu\u021binele instrumente reale prin care statul poate proteja cet\u0103\u021benii \u00een fa\u021ba cre\u0219terii pre\u021burilor la energie.<\/p>\n<p>\u201eNi se spune c\u0103 este o decizie strategic\u0103. \u00cen realitate, ceea ce vedem este o decizie care sl\u0103be\u0219te pozi\u021bia statului \u00eentr-un domeniu esen\u021bial. Iar c\u00e2nd reduci controlul asupra energiei \u00eentr-un moment de instabilitate, nu mai vorbim despre reform\u0103, ci despre o vulnerabilizare direct\u0103 a securit\u0103\u021bii na\u021bionale\u201d, precizeaz\u0103 Petre Negrea.<\/p>\n<p>Deputatul subliniaz\u0103 c\u0103 Hidroelectrica produce energie ieftin\u0103 din resurse interne sigure \u0219i aduce anual miliarde de lei la bugetul de stat. El consider\u0103 c\u0103 un stat responsabil ar trebui s\u0103 consolideze o astfel de companie, nu s\u0103 o fragilizeze prin ced\u0103ri succesive de participa\u021bii.<\/p>\n<p>Petre Negrea face referire la abordarea diferit\u0103 a altor state europene, men\u021bion\u00e2nd exemplul Fran\u021bei, care a cump\u0103rat ac\u021biuni de la investitori priva\u021bi pentru a prelua controlul integral asupra companiei na\u021bionale de energie (EDF). El critic\u0103 totodat\u0103 pozi\u021bia USR, care promoveaz\u0103 de ani de zile listarea companiilor de stat.<\/p>\n<p>\u201e\u00centrebarea este direct\u0103: de ce alte state \u00ee\u0219i \u00eent\u0103resc controlul asupra companiilor energetice, iar Rom\u00e2nia vrea s\u0103 \u00eel reduc\u0103?\u201d, se \u00eentreab\u0103 deputatul sucevean.<\/p>\n<p>Potrivit comunicatului, tratarea Hidroelectrica ca pe un activ de tranzac\u021bionat pentru rezolvarea problemelor bugetare pe termen scurt ar transfera costurile c\u0103tre genera\u021biile viitoare, costuri care vor fi suportate de fiecare cet\u0103\u021bean.<\/p>\n<p>\u201eRom\u00e2nia are nevoie de responsabilitate \u0219i de decizii care s\u0103 \u00eent\u0103reasc\u0103 statul, nu s\u0103-l \u00eengenuncheze. Hidroelectrica nu este un activ de tranzac\u021bionat. Este un avantaj strategic \u0219i un instrument de stabilitate economic\u0103\u201d, concluzioneaz\u0103 deputatul Petre Negrea.<\/p>\n<p>Declara\u021bia vine \u00een contextul discu\u021biilor recente de la nivel guvernamental privind listarea suplimentar\u0103 a unor pachete minoritare din companii energetice de stat, m\u0103sur\u0103 prezentat\u0103 de coali\u021bia de guvernare ca parte a unui proces de reform\u0103 \u0219i atragere de capital pentru dezvoltare.<\/p>\n<figure class=\"wp-block-embed is-type-video is-provider-youtube wp-block-embed-youtube wp-embed-aspect-16-9 wp-has-aspect-ratio\">\n<div class=\"wp-block-embed__wrapper\">\n<div class=\"youtube-embed\" data-video_id=\"c7iLFNmUnAg\"><iframe loading=\"lazy\" title=\"Alex avea prioritate! Alex a murit..!!! Cine urmeaz\u0103??? \" width=\"696\" height=\"392\" src=\"https:\/\/www.youtube.com\/embed\/c7iLFNmUnAg?feature=oembed&amp;enablejsapi=1\" frameborder allow=\"accelerometer; autoplay; clipboard-write; encrypted-media; gyroscope; picture-in-picture; web-share\" referrerpolicy=\"strict-origin-when-cross-origin\" allowfullscreen><\/iframe><\/div>\n<\/div>\n<\/figure>\n<div class=\"td-a-rec td-a-rec-id-content_bottom  tdi_4 td_block_template_1\"><strong>Intr\u0103 acum \u0219i \u00een grupul de <\/p>\n<div class=\"wp-block-button\"><a class=\"wp-block-button__link wp-element-button\" href=\"https:\/\/t.me\/+TH8wcfnp8fw5NWI0\">Telegram News Bucovina<\/a><\/div>\n<p><\/strong><\/div>\n<\/div>\n<p>[analyse_source url=&#8221;https:\/\/www.newsbucovina.ro\/politica\/436894\/deputatul-aur-de-suceava-petre-negrea-hidroelectrica-nu-este-de-vanzare&#8221;]<\/p>\n","protected":false},"excerpt":{"rendered":"<p>[analyse_image type=&#8221;featured&#8221; src=&#8221;https:\/\/www.newsbucovina.ro\/wp-content\/uploads\/2026\/04\/negrea.jpeghttps:\/\/cdn.newsbucovina.ro\/wp-content\/uploads\/2026\/04\/negrea.jpeg&#8221;] Intr\u0103 acum \u0219i \u00een grupul de Telegram News Bucovina Deputatul AUR de Suceava Petre Negrea atrage aten\u021bia asupra inten\u021biei Guvernului de a lista la burs\u0103 pachete suplimentare din capitalul unor companii de stat, inclusiv Hidroelectrica, consider\u00e2nd aceast\u0103 m\u0103sur\u0103 o vulnerabilizare a securit\u0103\u021bii na\u021bionale \u0219i o decizie p\u0103guboas\u0103 pe termen lung. \u00centr-un comunicat [&hellip;]<\/p>\n","protected":false},"author":1,"featured_media":0,"comment_status":"open","ping_status":"","sticky":false,"template":"","format":"standard","meta":{"footnotes":""},"categories":[89],"tags":[226,165],"class_list":["post-1900672","post","type-post","status-publish","format-standard","hentry","category-romania","tag-crawlmanager","tag-newsbucovina-ro"],"_links":{"self":[{"href":"https:\/\/analyse.optim.biz\/index.php?rest_route=\/wp\/v2\/posts\/1900672","targetHints":{"allow":["GET"]}}],"collection":[{"href":"https:\/\/analyse.optim.biz\/index.php?rest_route=\/wp\/v2\/posts"}],"about":[{"href":"https:\/\/analyse.optim.biz\/index.php?rest_route=\/wp\/v2\/types\/post"}],"author":[{"embeddable":true,"href":"https:\/\/analyse.optim.biz\/index.php?rest_route=\/wp\/v2\/users\/1"}],"replies":[{"embeddable":true,"href":"https:\/\/analyse.optim.biz\/index.php?rest_route=%2Fwp%2Fv2%2Fcomments&post=1900672"}],"version-history":[{"count":0,"href":"https:\/\/analyse.optim.biz\/index.php?rest_route=\/wp\/v2\/posts\/1900672\/revisions"}],"wp:attachment":[{"href":"https:\/\/analyse.optim.biz\/index.php?rest_route=%2Fwp%2Fv2%2Fmedia&parent=1900672"}],"wp:term":[{"taxonomy":"category","embeddable":true,"href":"https:\/\/analyse.optim.biz\/index.php?rest_route=%2Fwp%2Fv2%2Fcategories&post=1900672"},{"taxonomy":"post_tag","embeddable":true,"href":"https:\/\/analyse.optim.biz\/index.php?rest_route=%2Fwp%2Fv2%2Ftags&post=1900672"}],"curies":[{"name":"wp","href":"https:\/\/api.w.org\/{rel}","templated":true}]}}