{"id":1900668,"date":"2026-04-24T13:07:18","date_gmt":"2026-04-24T10:07:18","guid":{"rendered":"https:\/\/analyse.optim.biz\/?p=1900668"},"modified":"2026-04-24T13:07:18","modified_gmt":"2026-04-24T10:07:18","slug":"cj-suceava-a-receptionat-modernizarea-drumului-judetean-dj-178b-32-km-asfaltati-intre-satu-mare-si-granicesti","status":"publish","type":"post","link":"https:\/\/analyse.optim.biz\/?p=1900668","title":{"rendered":"CJ Suceava a recep\u021bionat modernizarea drumului jude\u021bean DJ 178B: 3,2 km asfalta\u021bi \u00eentre Satu Mare \u0219i Gr\u0103nice\u0219ti"},"content":{"rendered":"<p>[analyse_image type=&#8221;featured&#8221; src=&#8221;https:\/\/www.newsbucovina.ro\/wp-content\/uploads\/2026\/04\/IMG-20260424-WA0018.jpghttps:\/\/cdn.newsbucovina.ro\/wp-content\/uploads\/2026\/04\/IMG-20260424-WA0018.jpg&#8221;]<\/p>\n<div class=\"td-post-content tagdiv-type\">\n<div class=\"td-a-rec td-a-rec-id-content_top  tdi_3 td_block_template_1\"><strong>Intr\u0103 acum \u0219i \u00een grupul de <\/p>\n<div class=\"wp-block-button\"><a class=\"wp-block-button__link wp-element-button\" href=\"https:\/\/t.me\/+TH8wcfnp8fw5NWI0\">Telegram News Bucovina<\/a><\/div>\n<p><\/strong><\/div>\n<p>Vicepre\u0219edintele Consiliului Jude\u021bean Suceava, Stelian Simerea, a participat vineri la recep\u021bia lucr\u0103rilor de modernizare a drumului jude\u021bean DJ 178B, pe tronsonul Satu Mare \u2013 Gr\u0103nice\u0219ti.<\/p>\n<figure class=\"wp-block-gallery has-nested-images columns-default is-cropped wp-block-gallery-1 is-layout-flex wp-block-gallery-is-layout-flex\">\n<figure class=\"wp-block-image size-large\"><a href=\"https:\/\/cdn.newsbucovina.ro\/wp-content\/uploads\/2026\/04\/IMG-20260424-WA0013.jpg\"><img loading=\"lazy\" decoding=\"async\" width=\"1024\" height=\"576\" data-id=\"436975\" src=\"https:\/\/cdn.newsbucovina.ro\/wp-content\/uploads\/2026\/04\/IMG-20260424-WA0013-1024x576.jpg\" alt class=\"wp-image-436975\"><\/a><\/figure>\n<figure class=\"wp-block-image size-large\"><a href=\"https:\/\/cdn.newsbucovina.ro\/wp-content\/uploads\/2026\/04\/IMG-20260424-WA0014.jpg\"><img loading=\"lazy\" decoding=\"async\" width=\"1024\" height=\"683\" data-id=\"436976\" src=\"https:\/\/cdn.newsbucovina.ro\/wp-content\/uploads\/2026\/04\/IMG-20260424-WA0014-1024x683.jpg\" alt class=\"wp-image-436976\"><\/a><\/figure>\n<figure class=\"wp-block-image size-large\"><a href=\"https:\/\/cdn.newsbucovina.ro\/wp-content\/uploads\/2026\/04\/IMG-20260424-WA0022.jpg\"><img loading=\"lazy\" decoding=\"async\" width=\"1024\" height=\"576\" data-id=\"436974\" src=\"https:\/\/cdn.newsbucovina.ro\/wp-content\/uploads\/2026\/04\/IMG-20260424-WA0022-1024x576.jpg\" alt class=\"wp-image-436974\"><\/a><\/figure>\n<figure class=\"wp-block-image size-large\"><a href=\"https:\/\/cdn.newsbucovina.ro\/wp-content\/uploads\/2026\/04\/IMG-20260424-WA0024.jpg\"><img decoding=\"async\" loading=\"lazy\" width=\"1024\" height=\"683\" data-id=\"436971\" src=\"https:\/\/cdn.newsbucovina.ro\/wp-content\/uploads\/2026\/04\/IMG-20260424-WA0024-1024x683.jpg\" alt class=\"wp-image-436971\"><\/a><\/figure>\n<figure class=\"wp-block-image size-large\"><a href=\"https:\/\/cdn.newsbucovina.ro\/wp-content\/uploads\/2026\/04\/IMG-20260424-WA0017.jpg\"><img decoding=\"async\" loading=\"lazy\" width=\"1024\" height=\"683\" data-id=\"436972\" src=\"https:\/\/cdn.newsbucovina.ro\/wp-content\/uploads\/2026\/04\/IMG-20260424-WA0017-1024x683.jpg\" alt class=\"wp-image-436972\"><\/a><\/figure>\n<figure class=\"wp-block-image size-large\"><a href=\"https:\/\/cdn.newsbucovina.ro\/wp-content\/uploads\/2026\/04\/IMG-20260424-WA0018.jpg\"><img decoding=\"async\" loading=\"lazy\" width=\"1024\" height=\"576\" data-id=\"436973\" src=\"https:\/\/cdn.newsbucovina.ro\/wp-content\/uploads\/2026\/04\/IMG-20260424-WA0018-1024x576.jpg\" alt class=\"wp-image-436973\"><\/a><\/figure>\n<figure class=\"wp-block-image size-large\"><a href=\"https:\/\/cdn.newsbucovina.ro\/wp-content\/uploads\/2026\/04\/IMG-20260424-WA0020-1.jpg\"><img decoding=\"async\" loading=\"lazy\" width=\"1024\" height=\"478\" data-id=\"436970\" src=\"https:\/\/cdn.newsbucovina.ro\/wp-content\/uploads\/2026\/04\/IMG-20260424-WA0020-1-1024x478.jpg\" alt class=\"wp-image-436970\"><\/a><\/figure>\n<figure class=\"wp-block-image size-large\"><a href=\"https:\/\/cdn.newsbucovina.ro\/wp-content\/uploads\/2026\/04\/IMG-20260424-WA0020.jpg\"><img decoding=\"async\" loading=\"lazy\" width=\"1024\" height=\"478\" data-id=\"436969\" src=\"https:\/\/cdn.newsbucovina.ro\/wp-content\/uploads\/2026\/04\/IMG-20260424-WA0020-1024x478.jpg\" alt class=\"wp-image-436969\"><\/a><\/figure>\n<figure class=\"wp-block-image size-large\"><a href=\"https:\/\/cdn.newsbucovina.ro\/wp-content\/uploads\/2026\/04\/IMG-20260424-WA0021.jpg\"><img decoding=\"async\" loading=\"lazy\" width=\"1024\" height=\"478\" data-id=\"436968\" src=\"https:\/\/cdn.newsbucovina.ro\/wp-content\/uploads\/2026\/04\/IMG-20260424-WA0021-1024x478.jpg\" alt class=\"wp-image-436968\"><\/a><\/figure>\n<figure class=\"wp-block-image size-large\"><a href=\"https:\/\/cdn.newsbucovina.ro\/wp-content\/uploads\/2026\/04\/IMG-20260424-WA0019.jpg\"><img decoding=\"async\" loading=\"lazy\" width=\"1024\" height=\"576\" data-id=\"436967\" src=\"https:\/\/cdn.newsbucovina.ro\/wp-content\/uploads\/2026\/04\/IMG-20260424-WA0019-1024x576.jpg\" alt class=\"wp-image-436967\"><\/a><\/figure>\n<figure class=\"wp-block-image size-large\"><a href=\"https:\/\/cdn.newsbucovina.ro\/wp-content\/uploads\/2026\/04\/IMG-20260424-WA0023.jpg\"><img decoding=\"async\" loading=\"lazy\" width=\"1024\" height=\"576\" data-id=\"436966\" src=\"https:\/\/cdn.newsbucovina.ro\/wp-content\/uploads\/2026\/04\/IMG-20260424-WA0023-1024x576.jpg\" alt class=\"wp-image-436966\"><\/a><\/figure>\n<figure class=\"wp-block-image size-large\"><a href=\"https:\/\/cdn.newsbucovina.ro\/wp-content\/uploads\/2026\/04\/IMG-20260424-WA0015-1.jpg\"><img decoding=\"async\" loading=\"lazy\" width=\"1024\" height=\"683\" data-id=\"436965\" src=\"https:\/\/cdn.newsbucovina.ro\/wp-content\/uploads\/2026\/04\/IMG-20260424-WA0015-1-1024x683.jpg\" alt class=\"wp-image-436965\"><\/a><\/figure>\n<figure class=\"wp-block-image size-large\"><a href=\"https:\/\/cdn.newsbucovina.ro\/wp-content\/uploads\/2026\/04\/IMG-20260424-WA0016-1.jpg\"><img decoding=\"async\" loading=\"lazy\" width=\"1024\" height=\"683\" data-id=\"436964\" src=\"https:\/\/cdn.newsbucovina.ro\/wp-content\/uploads\/2026\/04\/IMG-20260424-WA0016-1-1024x683.jpg\" alt class=\"wp-image-436964\"><\/a><\/figure>\n<\/figure>\n<p>Investi\u021bia, realizat\u0103 prin Programul Na\u021bional \u201eAnghel Saligny\u201d, a vizat un segment de aproximativ 3,2 kilometri \u0219i s-a ridicat la circa 15,5 milioane de lei (inclusiv TVA).<\/p>\n<p>Drumul a fost adus la standarde moderne, av\u00e2nd o l\u0103\u021bime total\u0103 de 8 metri, astfel:6 metri parte carosabil\u0103,dou\u0103 benzi de \u00eencadrare de c\u00e2te 0,25 metri,dou\u0103 acostamente de c\u00e2te 0,75 metri.Viteza de proiectare este de 50 km\/h.<\/p>\n<p>Lucr\u0103rile au inclus \u0219i un sistem complet de colectare \u0219i evacuare a apelor pluviale:\u0219an\u021buri \u0219i rigole pe o lungime total\u0103 de 5.244 metri,10 pode\u021be transversale,34 de accese amenajate la propriet\u0103\u021bi,12 drumuri laterale modernizate.De asemenea, a fost reabilitat\u0103 trecerea la nivel cu calea ferat\u0103 prin montarea unor dale noi din beton.<\/p>\n<p>Modernizarea acestui tronson asigur\u0103 condi\u021bii mult mai bune de trafic, cre\u0219te siguran\u021ba participan\u021bilor la trafic \u0219i ofer\u0103 o conexiune mai bun\u0103 \u00eentre comunit\u0103\u021bile din zon\u0103.<\/p>\n<figure class=\"wp-block-embed is-type-video is-provider-youtube wp-block-embed-youtube wp-embed-aspect-16-9 wp-has-aspect-ratio\">\n<div class=\"wp-block-embed__wrapper\">\n<div class=\"youtube-embed\" data-video_id=\"WQLXcNbbIqs\"><iframe loading=\"lazy\" title=\"De la Furc\u0103 p\u00e2n\u0103 la Furculi\u021b\u0103 la cap\u0103t de Schengen - Familia care a pariat totul pe VITA rom\u00e2neasc\u0103\" width=\"696\" height=\"392\" src=\"https:\/\/www.youtube.com\/embed\/WQLXcNbbIqs?feature=oembed&amp;enablejsapi=1\" frameborder allow=\"accelerometer; autoplay; clipboard-write; encrypted-media; gyroscope; picture-in-picture; web-share\" referrerpolicy=\"strict-origin-when-cross-origin\" allowfullscreen><\/iframe><\/div>\n<\/div>\n<\/figure>\n<div class=\"td-a-rec td-a-rec-id-content_bottom  tdi_4 td_block_template_1\"><strong>Intr\u0103 acum \u0219i \u00een grupul de <\/p>\n<div class=\"wp-block-button\"><a class=\"wp-block-button__link wp-element-button\" href=\"https:\/\/t.me\/+TH8wcfnp8fw5NWI0\">Telegram News Bucovina<\/a><\/div>\n<p><\/strong><\/div>\n<\/div>\n<div class=\"td-post-content tagdiv-type\">\n<div class=\"td-a-rec td-a-rec-id-content_top  tdi_3 td_block_template_1\"><strong>Intr\u0103 acum \u0219i \u00een grupul de <\/p>\n<div class=\"wp-block-button\"><a class=\"wp-block-button__link wp-element-button\" href=\"https:\/\/t.me\/+TH8wcfnp8fw5NWI0\">Telegram News Bucovina<\/a><\/div>\n<p><\/strong><\/div>\n<p>Vicepre\u0219edintele Consiliului Jude\u021bean Suceava, Stelian Simerea, a participat vineri la recep\u021bia lucr\u0103rilor de modernizare a drumului jude\u021bean DJ 178B, pe tronsonul Satu Mare \u2013 Gr\u0103nice\u0219ti.<\/p>\n<figure class=\"wp-block-gallery has-nested-images columns-default is-cropped wp-block-gallery-1 is-layout-flex wp-block-gallery-is-layout-flex\">\n<figure class=\"wp-block-image size-large\"><a href=\"https:\/\/cdn.newsbucovina.ro\/wp-content\/uploads\/2026\/04\/IMG-20260424-WA0013.jpg\"><img loading=\"lazy\" decoding=\"async\" width=\"1024\" height=\"576\" data-id=\"436975\" src=\"https:\/\/cdn.newsbucovina.ro\/wp-content\/uploads\/2026\/04\/IMG-20260424-WA0013-1024x576.jpg\" alt class=\"wp-image-436975\"><\/a><\/figure>\n<figure class=\"wp-block-image size-large\"><a href=\"https:\/\/cdn.newsbucovina.ro\/wp-content\/uploads\/2026\/04\/IMG-20260424-WA0014.jpg\"><img loading=\"lazy\" decoding=\"async\" width=\"1024\" height=\"683\" data-id=\"436976\" src=\"https:\/\/cdn.newsbucovina.ro\/wp-content\/uploads\/2026\/04\/IMG-20260424-WA0014-1024x683.jpg\" alt class=\"wp-image-436976\"><\/a><\/figure>\n<figure class=\"wp-block-image size-large\"><a href=\"https:\/\/cdn.newsbucovina.ro\/wp-content\/uploads\/2026\/04\/IMG-20260424-WA0022.jpg\"><img loading=\"lazy\" decoding=\"async\" width=\"1024\" height=\"576\" data-id=\"436974\" src=\"https:\/\/cdn.newsbucovina.ro\/wp-content\/uploads\/2026\/04\/IMG-20260424-WA0022-1024x576.jpg\" alt class=\"wp-image-436974\"><\/a><\/figure>\n<figure class=\"wp-block-image size-large\"><a href=\"https:\/\/cdn.newsbucovina.ro\/wp-content\/uploads\/2026\/04\/IMG-20260424-WA0024.jpg\"><img decoding=\"async\" loading=\"lazy\" width=\"1024\" height=\"683\" data-id=\"436971\" src=\"https:\/\/cdn.newsbucovina.ro\/wp-content\/uploads\/2026\/04\/IMG-20260424-WA0024-1024x683.jpg\" alt class=\"wp-image-436971\"><\/a><\/figure>\n<figure class=\"wp-block-image size-large\"><a href=\"https:\/\/cdn.newsbucovina.ro\/wp-content\/uploads\/2026\/04\/IMG-20260424-WA0017.jpg\"><img decoding=\"async\" loading=\"lazy\" width=\"1024\" height=\"683\" data-id=\"436972\" src=\"https:\/\/cdn.newsbucovina.ro\/wp-content\/uploads\/2026\/04\/IMG-20260424-WA0017-1024x683.jpg\" alt class=\"wp-image-436972\"><\/a><\/figure>\n<figure class=\"wp-block-image size-large\"><a href=\"https:\/\/cdn.newsbucovina.ro\/wp-content\/uploads\/2026\/04\/IMG-20260424-WA0018.jpg\"><img decoding=\"async\" loading=\"lazy\" width=\"1024\" height=\"576\" data-id=\"436973\" src=\"https:\/\/cdn.newsbucovina.ro\/wp-content\/uploads\/2026\/04\/IMG-20260424-WA0018-1024x576.jpg\" alt class=\"wp-image-436973\"><\/a><\/figure>\n<figure class=\"wp-block-image size-large\"><a href=\"https:\/\/cdn.newsbucovina.ro\/wp-content\/uploads\/2026\/04\/IMG-20260424-WA0020-1.jpg\"><img decoding=\"async\" loading=\"lazy\" width=\"1024\" height=\"478\" data-id=\"436970\" src=\"https:\/\/cdn.newsbucovina.ro\/wp-content\/uploads\/2026\/04\/IMG-20260424-WA0020-1-1024x478.jpg\" alt class=\"wp-image-436970\"><\/a><\/figure>\n<figure class=\"wp-block-image size-large\"><a href=\"https:\/\/cdn.newsbucovina.ro\/wp-content\/uploads\/2026\/04\/IMG-20260424-WA0020.jpg\"><img decoding=\"async\" loading=\"lazy\" width=\"1024\" height=\"478\" data-id=\"436969\" src=\"https:\/\/cdn.newsbucovina.ro\/wp-content\/uploads\/2026\/04\/IMG-20260424-WA0020-1024x478.jpg\" alt class=\"wp-image-436969\"><\/a><\/figure>\n<figure class=\"wp-block-image size-large\"><a href=\"https:\/\/cdn.newsbucovina.ro\/wp-content\/uploads\/2026\/04\/IMG-20260424-WA0021.jpg\"><img decoding=\"async\" loading=\"lazy\" width=\"1024\" height=\"478\" data-id=\"436968\" src=\"https:\/\/cdn.newsbucovina.ro\/wp-content\/uploads\/2026\/04\/IMG-20260424-WA0021-1024x478.jpg\" alt class=\"wp-image-436968\"><\/a><\/figure>\n<figure class=\"wp-block-image size-large\"><a href=\"https:\/\/cdn.newsbucovina.ro\/wp-content\/uploads\/2026\/04\/IMG-20260424-WA0019.jpg\"><img decoding=\"async\" loading=\"lazy\" width=\"1024\" height=\"576\" data-id=\"436967\" src=\"https:\/\/cdn.newsbucovina.ro\/wp-content\/uploads\/2026\/04\/IMG-20260424-WA0019-1024x576.jpg\" alt class=\"wp-image-436967\"><\/a><\/figure>\n<figure class=\"wp-block-image size-large\"><a href=\"https:\/\/cdn.newsbucovina.ro\/wp-content\/uploads\/2026\/04\/IMG-20260424-WA0023.jpg\"><img decoding=\"async\" loading=\"lazy\" width=\"1024\" height=\"576\" data-id=\"436966\" src=\"https:\/\/cdn.newsbucovina.ro\/wp-content\/uploads\/2026\/04\/IMG-20260424-WA0023-1024x576.jpg\" alt class=\"wp-image-436966\"><\/a><\/figure>\n<figure class=\"wp-block-image size-large\"><a href=\"https:\/\/cdn.newsbucovina.ro\/wp-content\/uploads\/2026\/04\/IMG-20260424-WA0015-1.jpg\"><img decoding=\"async\" loading=\"lazy\" width=\"1024\" height=\"683\" data-id=\"436965\" src=\"https:\/\/cdn.newsbucovina.ro\/wp-content\/uploads\/2026\/04\/IMG-20260424-WA0015-1-1024x683.jpg\" alt class=\"wp-image-436965\"><\/a><\/figure>\n<figure class=\"wp-block-image size-large\"><a href=\"https:\/\/cdn.newsbucovina.ro\/wp-content\/uploads\/2026\/04\/IMG-20260424-WA0016-1.jpg\"><img decoding=\"async\" loading=\"lazy\" width=\"1024\" height=\"683\" data-id=\"436964\" src=\"https:\/\/cdn.newsbucovina.ro\/wp-content\/uploads\/2026\/04\/IMG-20260424-WA0016-1-1024x683.jpg\" alt class=\"wp-image-436964\"><\/a><\/figure>\n<\/figure>\n<p>Investi\u021bia, realizat\u0103 prin Programul Na\u021bional \u201eAnghel Saligny\u201d, a vizat un segment de aproximativ 3,2 kilometri \u0219i s-a ridicat la circa 15,5 milioane de lei (inclusiv TVA).<\/p>\n<p>Drumul a fost adus la standarde moderne, av\u00e2nd o l\u0103\u021bime total\u0103 de 8 metri, astfel:6 metri parte carosabil\u0103,dou\u0103 benzi de \u00eencadrare de c\u00e2te 0,25 metri,dou\u0103 acostamente de c\u00e2te 0,75 metri.Viteza de proiectare este de 50 km\/h.<\/p>\n<p>Lucr\u0103rile au inclus \u0219i un sistem complet de colectare \u0219i evacuare a apelor pluviale:\u0219an\u021buri \u0219i rigole pe o lungime total\u0103 de 5.244 metri,10 pode\u021be transversale,34 de accese amenajate la propriet\u0103\u021bi,12 drumuri laterale modernizate.De asemenea, a fost reabilitat\u0103 trecerea la nivel cu calea ferat\u0103 prin montarea unor dale noi din beton.<\/p>\n<p>Modernizarea acestui tronson asigur\u0103 condi\u021bii mult mai bune de trafic, cre\u0219te siguran\u021ba participan\u021bilor la trafic \u0219i ofer\u0103 o conexiune mai bun\u0103 \u00eentre comunit\u0103\u021bile din zon\u0103.<\/p>\n<figure class=\"wp-block-embed is-type-video is-provider-youtube wp-block-embed-youtube wp-embed-aspect-16-9 wp-has-aspect-ratio\">\n<div class=\"wp-block-embed__wrapper\">\n<div class=\"youtube-embed\" data-video_id=\"WQLXcNbbIqs\"><iframe loading=\"lazy\" title=\"De la Furc\u0103 p\u00e2n\u0103 la Furculi\u021b\u0103 la cap\u0103t de Schengen - Familia care a pariat totul pe VITA rom\u00e2neasc\u0103\" width=\"696\" height=\"392\" src=\"https:\/\/www.youtube.com\/embed\/WQLXcNbbIqs?feature=oembed&amp;enablejsapi=1\" frameborder allow=\"accelerometer; autoplay; clipboard-write; encrypted-media; gyroscope; picture-in-picture; web-share\" referrerpolicy=\"strict-origin-when-cross-origin\" allowfullscreen><\/iframe><\/div>\n<\/div>\n<\/figure>\n<div class=\"td-a-rec td-a-rec-id-content_bottom  tdi_4 td_block_template_1\"><strong>Intr\u0103 acum \u0219i \u00een grupul de <\/p>\n<div class=\"wp-block-button\"><a class=\"wp-block-button__link wp-element-button\" href=\"https:\/\/t.me\/+TH8wcfnp8fw5NWI0\">Telegram News Bucovina<\/a><\/div>\n<p><\/strong><\/div>\n<\/div>\n<p>[analyse_source url=&#8221;https:\/\/www.newsbucovina.ro\/actualitate\/436977\/cj-suceava-a-receptionat-modernizarea-drumului-judetean-dj-178b-32-km-asfaltati-intre-satu-mare-si-granicesti&#8221;]<\/p>\n","protected":false},"excerpt":{"rendered":"<p>[analyse_image type=&#8221;featured&#8221; src=&#8221;https:\/\/www.newsbucovina.ro\/wp-content\/uploads\/2026\/04\/IMG-20260424-WA0018.jpghttps:\/\/cdn.newsbucovina.ro\/wp-content\/uploads\/2026\/04\/IMG-20260424-WA0018.jpg&#8221;] Intr\u0103 acum \u0219i \u00een grupul de Telegram News Bucovina Vicepre\u0219edintele Consiliului Jude\u021bean Suceava, Stelian Simerea, a participat vineri la recep\u021bia lucr\u0103rilor de modernizare a drumului jude\u021bean DJ 178B, pe tronsonul Satu Mare \u2013 Gr\u0103nice\u0219ti. Investi\u021bia, realizat\u0103 prin Programul Na\u021bional \u201eAnghel Saligny\u201d, a vizat un segment de aproximativ 3,2 kilometri \u0219i s-a ridicat [&hellip;]<\/p>\n","protected":false},"author":1,"featured_media":0,"comment_status":"open","ping_status":"","sticky":false,"template":"","format":"standard","meta":{"footnotes":""},"categories":[89],"tags":[226,165],"class_list":["post-1900668","post","type-post","status-publish","format-standard","hentry","category-romania","tag-crawlmanager","tag-newsbucovina-ro"],"_links":{"self":[{"href":"https:\/\/analyse.optim.biz\/index.php?rest_route=\/wp\/v2\/posts\/1900668","targetHints":{"allow":["GET"]}}],"collection":[{"href":"https:\/\/analyse.optim.biz\/index.php?rest_route=\/wp\/v2\/posts"}],"about":[{"href":"https:\/\/analyse.optim.biz\/index.php?rest_route=\/wp\/v2\/types\/post"}],"author":[{"embeddable":true,"href":"https:\/\/analyse.optim.biz\/index.php?rest_route=\/wp\/v2\/users\/1"}],"replies":[{"embeddable":true,"href":"https:\/\/analyse.optim.biz\/index.php?rest_route=%2Fwp%2Fv2%2Fcomments&post=1900668"}],"version-history":[{"count":0,"href":"https:\/\/analyse.optim.biz\/index.php?rest_route=\/wp\/v2\/posts\/1900668\/revisions"}],"wp:attachment":[{"href":"https:\/\/analyse.optim.biz\/index.php?rest_route=%2Fwp%2Fv2%2Fmedia&parent=1900668"}],"wp:term":[{"taxonomy":"category","embeddable":true,"href":"https:\/\/analyse.optim.biz\/index.php?rest_route=%2Fwp%2Fv2%2Fcategories&post=1900668"},{"taxonomy":"post_tag","embeddable":true,"href":"https:\/\/analyse.optim.biz\/index.php?rest_route=%2Fwp%2Fv2%2Ftags&post=1900668"}],"curies":[{"name":"wp","href":"https:\/\/api.w.org\/{rel}","templated":true}]}}