{"id":1900667,"date":"2026-04-24T13:02:23","date_gmt":"2026-04-24T10:02:23","guid":{"rendered":"https:\/\/analyse.optim.biz\/?p=1900667"},"modified":"2026-04-24T13:02:23","modified_gmt":"2026-04-24T10:02:23","slug":"dite-a-panatta-di-controllare-la-posta-e-arrivato-linvito-agli-internazionali-ditalia","status":"publish","type":"post","link":"https:\/\/analyse.optim.biz\/?p=1900667","title":{"rendered":"Dite a panatta di controllare la posta: e\u2019 arrivato l\u2019invito agli internazionali d\u2019italia!"},"content":{"rendered":"<p>[analyse_image type=&#8221;featured&#8221; src=&#8221;https:\/\/static.dagospia.com\/img\/patch\/04-2026\/adriano-panatta-binaghi-2255194_600_q50.webp&#8221;]<\/p>\n<article>\n<div class=\"img-wrapper\"><img decoding=\"async\" src=\"https:\/\/static.dagospia.com\/img\/patch\/04-2026\/adriano-panatta-binaghi-2255194_600_q50.webp\" alt=\"adriano panatta binaghi\"><time class=\"data-ora\">24 apr 2026 15:02<\/time><\/div>\n<p><strong><span>DITE A PANATTA DI CONTROLLARE LA POSTA: E\u2019 ARRIVATO L\u2019INVITO AGLI INTERNAZIONALI D\u2019ITALIA!<\/span> IL MITOLOGICO ADRIANO PANATTA, A 50 ANNI DALLA VITTORIA AL FORO ITALICO, AVEVA LANCIATO UNA STOCCATA AD ANGELO BINAGHI, PRESIDENTE DELLA FEDERTENNIS: &#8220;AGLI INTERNAZIONALI DI ROMA TORNEREI MA NON SONO STATO INVITATO&#8230;PER\u00d2 MI \u00c8 ARRIVATO L\u2019INVITO DI PARIGI, COME SEMPRE\u2026\u201d<\/strong><\/p>\n<div class=\"share-section\">\n                Condividi  questo articolo<\/p>\n<div class=\"socials\"><a href=\"http:\/\/www.facebook.com\/sharer.php?u=http:\/\/www.dagospia.com\/sport\/dite-panatta-controllare-posta-e-arrivato-l-invito-agli-internazionali-472025\" target=\"_blank\"><img decoding=\"async\" src=\"https:\/\/static.dagospia.com\/img\/icons\/facebook.svg\" alt=\"Condividi su Facebook\"><\/a><a href=\"http:\/\/www.twitter.com\/share?url=http:\/\/www.dagospia.com\/sport\/dite-panatta-controllare-posta-e-arrivato-l-invito-agli-internazionali-472025&amp;text=DITE%20A%20PANATTA%20DI%20CONTROLLARE%20LA%20POSTA:%20E%E2%80%99%20ARRIVATO%20L%E2%80%99INVITO%20AGLI%20INTERNAZIONALI%20D%E2%80%99ITALIA!\" target=\"_blank\"><img decoding=\"async\" src=\"https:\/\/static.dagospia.com\/img\/icons\/x-icon.png\" alt=\"Condividi su X\"><\/a><a href=\"\/\/www.dagospia.com\/sport\/dite-panatta-controllare-posta-e-arrivato-l-invito-agli-internazionali-472025\" target=\"_blank\"><img decoding=\"async\" src=\"https:\/\/static.dagospia.com\/img\/icons\/whatsapp.svg\" alt=\"Condividi su Whatsapp\"><\/a><a href=\"mailto:?body=http:\/\/www.dagospia.com\/sport\/dite-panatta-controllare-posta-e-arrivato-l-invito-agli-internazionali-472025\" target=\"_blank\"><img decoding=\"async\" src=\"https:\/\/static.dagospia.com\/img\/icons\/mail.svg\" alt=\"Invia in email\"><\/a><\/div>\n<\/div>\n<div class=\"content\">\n<p class=\"disable\">\u00a0<\/p>\n<p class=\"disable\"><strong>ADRIANO PANATTA<\/strong><\/p>\n<p class=\"disable\"><a href=\"https:\/\/www.dagospia.com\/sport\/memorie-adriano-panatta-a-roma-tornerei-non-invitato-pero-mi-e-arrivato-471653\">https:\/\/www.dagospia.com\/sport\/memorie-adriano-panatta-a-roma-tornerei-non-invitato-pero-mi-e-arrivato-471653<\/a><\/p>\n<p class=\"disable\">\u00a0<\/p>\n<p class=\"disable\"><strong>BINAGHI E IL TORNEO DEI RECORD: \u201cNON CI RESTA CHE VINCERE\u201d. E \u2018CHIAMA\u2019 PANATTA<\/strong><\/p>\n<p class=\"disable\">\u00a0<\/p>\n<p class=\"disable\"><strong>Massimo Grilli per<\/strong><a href=\"https:\/\/www.tennisitaliano.it\/\">https:\/\/www.tennisitaliano.it\/<\/a><\/p>\n<p class=\"disable\">\u00a0<\/p>\n<p class=\"disable\">\u00a0<\/p>\n<p><a href=\"https:\/\/www.dagospia.com\/media-gallery\/dago-fotogallery-508453\/2200146\" class=\"float-right img-wrapper\"><img decoding=\"async\" id=\"2200146\" loading=\"lazy\" src=\"https:\/\/static.dagospia.com\/img\/foto\/11-2025\/angelo-binaghi-foto-mezzelani-gmt-1196-2200146_800_q50.webp\"><span class=\"img-title\">angelo binaghi foto mezzelani gmt 1196<\/span><\/a><\/p>\n<p class=\"disable\">\u00abHo tre obiettivi per questa edizione degli Internazionali \u2013 parole di Angelo Binaghi \u2013 superare quota 400.000 spettatori paganti (fino a ieri i biglietti venduti erano gi\u00e0 220.098, ndc), oltrepassare il miliardo di euro come impatto economico del torneo e vedere un italiano vincere, cinquant\u2019anni dopo Panatta, il singolare maschile. Avere Adriano a consegnare il trofeo? Perch\u00e9 no, sarebbe bellissimo se dovesse premiare un azzurro. Il mio \u00e8 un invito ufficiale a Panatta\u00bb.<\/p>\n<p class=\"disable\">\u00a0<\/p>\n<p class=\"disable\">\u00a0<\/p>\n<p class=\"disable\">Avviata da un doveroso e commovente ricordo di Nicola Pietrangeli (\u00absenza di lui siamo tutti pi\u00f9 deboli \u2013 ha detto il presidente della FITP \u2013 ma la nostra base \u00e8 forte, e questo grazie anche a Nicola\u00bb), la conferenza stampa di presentazione dell\u201983edizione del torneo romano \u2013 vi hanno preso parte anche il ministro dello Sport e dei Giovani Andrea Abodi, il sindaco di Roma Roberto Gualtieri, il presidente di Sport e Salute Marco Mezzaroma e l\u2019amministratore delegato di Bnl, da 20 anni sponsor principale della manifestazione, Elena Goitini \u2013<\/p>\n<p><a href=\"https:\/\/www.dagospia.com\/media-gallery\/dago-fotogallery-508453\/2200145\" class=\"float-left img-wrapper\"><img decoding=\"async\" id=\"2200145\" loading=\"lazy\" src=\"https:\/\/static.dagospia.com\/img\/foto\/11-2025\/angelo-binaghi-foto-mezzelani-gmt-1183-2200145_800_q50.webp\"><span class=\"img-title\">angelo binaghi foto mezzelani gmt 1183<\/span><\/a><\/p>\n<p class=\"disable\">\u00a0<\/p>\n<p class=\"disable\">\u00e8 diventata presto, come tradizione vuole, un florilegio di numeri, tutti in crescita, a dimostrazione del grande lavoro della Federazione, dal successo crescente di SuperTennis al numero dei tesserati (1.254.277) sempre pi\u00f9 vicino a quello del calcio, dai sei milioni abbondanti di praticanti ai 243.459.085 di fatturato, definito da Binaghi \u00abil pi\u00f9 alto mai fatto registrare da uno sport italiano\u00bb.<\/p>\n<p class=\"disable\">\u00a0<\/p>\n<p class=\"disable\">A Roma si giocher\u00e0 (prequalificazioni comprese, dal 28 aprile al 17 maggio) in un impianto, o \u201csite\u201d, come \u00e8 stato ahim\u00e8 ripetuto pi\u00f9 volte, rinnovato e, se possibile, migliorato, con la costruzione di una nuova SuperTennis Arena vicina al Centrale e della Grand Stand Arena (che cambier\u00e0 presto nome in BNP Paribas Arena) con una capienza di settemila spettatori, piazzata all\u2019interno dello Stadio dei Marmi.<\/p>\n<p><a href=\"https:\/\/www.dagospia.com\/media-gallery\/dago-fotogallery-508453\/2207271\" class=\"float-right img-wrapper\"><img decoding=\"async\" id=\"2207271\" loading=\"lazy\" src=\"https:\/\/static.dagospia.com\/img\/foto\/12-2025\/angelo-binaghi-foto-mezzelani-gmt-107-2207271_800_q50.webp\"><span class=\"img-title\">angelo binaghi foto mezzelani gmt 107<\/span><\/a><\/p>\n<p class=\"disable\">\u00a0<\/p>\n<p class=\"disable\">In tutto saranno 19 i campi del Foro Italico (pi\u00f9 due sul Lungotevere), 10 dei quali per il torneo, gli altri dedicati agli allenamenti, per una capienza totale di 60.000 spettatori giornalieri. E a proposito di campo Centrale, \u00e8 stato confermato che subito dopo la conclusione del torneo cominceranno i lavori per la copertura, che saranno sospesi per l\u2019edizione del 2027 e che dovrebbero concludersi entro il prossimo anno. Tante comunque le novit\u00e0 annunciate oggi al Foro Italico (i virgolettati sono di Binaghi).<\/p>\n<p class=\"disable\">\u00a0<\/p>\n<p class=\"disable\">\u00a0<\/p>\n<p class=\"disable\">UN TORNEO SU ERBA \u2013 \u00abAbbiamo acquistato i diritti del torneo ATP di Bruxelles dal 2028. Si giocher\u00e0 sull\u2019erba nella seconda settimana di giugno, in una citt\u00e0 del Nord (Milano?, ndc)\u00bb.<\/p>\n<p class=\"disable\">\u00a0<\/p>\n<p class=\"disable\">AL QUIRINALE \u2013 \u00abIl 4 maggio le squadre azzurre che hanno vinto le edizioni 2025 della Coppa Davis e della King Cup saranno ricevute al Quirinale dal presidente della Repubblica Mattarella. Non ci saranno Sinner e Musetti, perch\u00e9 non hanno preso parte alla competizione nell\u2019ultimo anno\u00bb<\/p>\n<p><a href=\"https:\/\/www.dagospia.com\/media-gallery\/dago-fotogallery-508453\/2200447\" class=\"float-left img-wrapper\"><img decoding=\"async\" id=\"2200447\" loading=\"lazy\" src=\"https:\/\/static.dagospia.com\/img\/foto\/11-2025\/andrea-abodi-ed-angelo-binaghi-foto-mezzelani-gmt-93-2200447_800_q50.webp\"><span class=\"img-title\">andrea abodi ed angelo binaghi foto mezzelani gmt 93<\/span><\/a><\/p>\n<p class=\"disable\">\u00a0<\/p>\n<p class=\"disable\">QUINTO SLAM ITALIANO \u2013 \u00abCome dirigente vivo per questo obiettivo e vorrei affrontare il prima possibile lo studio di fattibilit\u00e0 per una impresa di questo genere. Le tenter\u00f2 tutte\u00bb.<\/p>\n<p class=\"disable\">\u00a0<\/p>\n<p class=\"disable\">NEGLI ORATORI \u2013 \u00abDopo avere invaso le scuole italiane con il nostro progetto \u201cRacchette in classe\u201d abbiamo siglato una partnership con il Centro Sportivo Italiano e da settembre invaderemo tutti gli oratori d\u2019Italia, continuando a insegnare gratuitamente il tennis, il padel e il pickleball\u00bb.<\/p>\n<p class=\"disable\">\u00a0<\/p>\n<p class=\"disable\">NEI GIORNALI \u2013 \u00abLa nostra controllata Sportcast ha deliberato di entrare nel capitale della societ\u00e0 SAE attualmente proprietaria di 5<\/p>\n<p class=\"disable\">o 6 giornali locali, e che sta acquisendo il controllo della Stampa. Lo facciamo limitatamente al periodo temporale nel quale staremo nel nord italia con le ATP Finals, per senso di responsabilit\u00e0 nei confronti di un territorio che ci ha adottato e per sostenere un pezzo di storia di una citt\u00e0 importante come Torino\u00bb.<\/p>\n<p class=\"disable\">\u00a0<\/p>\n<p><a href=\"https:\/\/www.dagospia.com\/media-gallery\/dago-fotogallery-508453\/2200144\" class=\"float-right img-wrapper\"><img decoding=\"async\" id=\"2200144\" loading=\"lazy\" src=\"https:\/\/static.dagospia.com\/img\/foto\/11-2025\/angelo-binaghi-foto-mezzelani-gmt-1212-2200144_800_q50.webp\"><span class=\"img-title\">angelo binaghi foto mezzelani gmt 1212<\/span><\/a><\/p>\n<p class=\"disable\">WILD CARD \u2013 In un campo di partecipanti sontuoso, con tutti i pi\u00f9 forti iscritti, le wild card sono state assegnate tra gli uomini a Bellucci, Matteo Berrettini (che ne avr\u00e0 anche una per il doppio con Cobolli), Arnaldi, Nardi e Cin\u00e0; se Bellucci, al momento primo tra gli esclusi, entrer\u00e0 direttamente in tabellone, a sostituirlo sar\u00e0 Maestrelli. Tra le donne, wild card a Stefanini, Brancaccio, Bronzetti, Pigato, Grant, Trevisan, Ruggeri pi\u00f9 una scelta da Tennis Canada. Per il tabellone maschile delle qualificazioni, wild card a Zeppieri, Vasam\u00ec e Cadenasso, pi\u00f9 due giocatori dalle pre-qualificazioni. Per il femminile sono state scelte Pedone e De Stefano, oltre alle quattro semifinaliste delle pre-qualificazioni. Ricordiamo che sono gi\u00e0 in tabellone Sinner, Musetti, Cobolli, Darderi e Sonego tra gli uomini, Paolini e Cocciaretto in campo femminile.<\/p>\n<p><a href=\"https:\/\/www.dagospia.com\/media-gallery\/dago-fotogallery-508453\/2200149\" class=\"float-right img-wrapper\"><img decoding=\"async\" id=\"2200149\" loading=\"lazy\" src=\"https:\/\/static.dagospia.com\/img\/foto\/11-2025\/angelo-binaghi-foto-mezzelani-gmt-1187-2200149_800_q50.webp\"><span class=\"img-title\">angelo binaghi foto mezzelani gmt 1187<\/span><\/a><a href=\"https:\/\/www.dagospia.com\/media-gallery\/dago-fotogallery-508453\/2200143\" class=\"float-right img-wrapper\"><img decoding=\"async\" id=\"2200143\" loading=\"lazy\" src=\"https:\/\/static.dagospia.com\/img\/foto\/11-2025\/angelo-binaghi-foto-mezzelani-gmt-1210-2200143_800_q50.webp\"><span class=\"img-title\">angelo binaghi foto mezzelani gmt 1210<\/span><\/a><a href=\"https:\/\/www.dagospia.com\/media-gallery\/dago-fotogallery-508453\/2200142\" class=\"float-right img-wrapper\"><img decoding=\"async\" id=\"2200142\" loading=\"lazy\" src=\"https:\/\/static.dagospia.com\/img\/foto\/11-2025\/angelo-binaghi-foto-mezzelani-gmt-1214-2200142_800_q50.webp\"><span class=\"img-title\">angelo binaghi foto mezzelani gmt 1214<\/span><\/a><a href=\"https:\/\/www.dagospia.com\/media-gallery\/dago-fotogallery-508453\/2200141\" class=\"float-right img-wrapper\"><img decoding=\"async\" id=\"2200141\" loading=\"lazy\" src=\"https:\/\/static.dagospia.com\/img\/foto\/11-2025\/angelo-binaghi-foto-mezzelani-gmt-1203-2200141_800_q50.webp\"><span class=\"img-title\">angelo binaghi foto mezzelani gmt 1203<\/span><\/a><a href=\"https:\/\/www.dagospia.com\/media-gallery\/dago-fotogallery-508453\/2155624\" class=\"float-right img-wrapper\"><img decoding=\"async\" id=\"2155624\" loading=\"lazy\" src=\"https:\/\/static.dagospia.com\/img\/foto\/07-2025\/angelo-binaghi-2155624_800_q50.webp\"><span class=\"img-title\">ANGELO BINAGHI <\/span><\/a><a href=\"https:\/\/www.dagospia.com\/media-gallery\/dago-fotogallery-508453\/2200147\" class=\"float-right img-wrapper\"><img decoding=\"async\" id=\"2200147\" loading=\"lazy\" src=\"https:\/\/static.dagospia.com\/img\/foto\/11-2025\/angelo-binaghi-foto-mezzelani-gmt-1219-2200147_800_q50.webp\"><span class=\"img-title\">angelo binaghi foto mezzelani gmt 1219<\/span><\/a><\/p>\n<p class=\"disable\">\u00a0<\/p>\n<\/div>\n<div class=\"share-section\">\n                Condividi  questo articolo<\/p>\n<div class=\"socials\"><a href=\"https:\/\/www.dagospia.com\/sport\/dite-panatta-controllare-posta-e-arrivato-l-invito-agli-internazionali-472025\"><img decoding=\"async\" src=\"https:\/\/static.dagospia.com\/img\/icons\/facebook.svg\" alt=\"Condividi su Facebook\"><\/a><a href=\"https:\/\/www.dagospia.com\/sport\/dite-panatta-controllare-posta-e-arrivato-l-invito-agli-internazionali-472025\"><img decoding=\"async\" src=\"https:\/\/static.dagospia.com\/img\/icons\/x-icon.png\" alt=\"Condividi su X\"><\/a><a href=\"https:\/\/www.dagospia.com\/sport\/dite-panatta-controllare-posta-e-arrivato-l-invito-agli-internazionali-472025\"><img decoding=\"async\" src=\"https:\/\/static.dagospia.com\/img\/icons\/whatsapp.svg\" alt=\"Condividi su Whatsapp\"><\/a><a href=\"https:\/\/www.dagospia.com\/sport\/dite-panatta-controllare-posta-e-arrivato-l-invito-agli-internazionali-472025\"><img decoding=\"async\" src=\"https:\/\/static.dagospia.com\/img\/icons\/mail.svg\" alt=\"Invia in email\"><\/a><\/div>\n<\/div>\n<\/article>\n<div class=\"content\">\n<p class=\"disable\">\u00a0<\/p>\n<p class=\"disable\"><strong>ADRIANO PANATTA<\/strong><\/p>\n<p class=\"disable\"><a href=\"https:\/\/www.dagospia.com\/sport\/memorie-adriano-panatta-a-roma-tornerei-non-invitato-pero-mi-e-arrivato-471653\">https:\/\/www.dagospia.com\/sport\/memorie-adriano-panatta-a-roma-tornerei-non-invitato-pero-mi-e-arrivato-471653<\/a><\/p>\n<p class=\"disable\">\u00a0<\/p>\n<p class=\"disable\"><strong>BINAGHI E IL TORNEO DEI RECORD: \u201cNON CI RESTA CHE VINCERE\u201d. E \u2018CHIAMA\u2019 PANATTA<\/strong><\/p>\n<p class=\"disable\">\u00a0<\/p>\n<p class=\"disable\"><strong>Massimo Grilli per<\/strong><a href=\"https:\/\/www.tennisitaliano.it\/\">https:\/\/www.tennisitaliano.it\/<\/a><\/p>\n<p class=\"disable\">\u00a0<\/p>\n<p class=\"disable\">\u00a0<\/p>\n<p><a href=\"https:\/\/www.dagospia.com\/media-gallery\/dago-fotogallery-508453\/2200146\" class=\"float-right img-wrapper\"><img decoding=\"async\" id=\"2200146\" loading=\"lazy\" src=\"https:\/\/static.dagospia.com\/img\/foto\/11-2025\/angelo-binaghi-foto-mezzelani-gmt-1196-2200146_800_q50.webp\"><span class=\"img-title\">angelo binaghi foto mezzelani gmt 1196<\/span><\/a><\/p>\n<p class=\"disable\">\u00abHo tre obiettivi per questa edizione degli Internazionali \u2013 parole di Angelo Binaghi \u2013 superare quota 400.000 spettatori paganti (fino a ieri i biglietti venduti erano gi\u00e0 220.098, ndc), oltrepassare il miliardo di euro come impatto economico del torneo e vedere un italiano vincere, cinquant\u2019anni dopo Panatta, il singolare maschile. Avere Adriano a consegnare il trofeo? Perch\u00e9 no, sarebbe bellissimo se dovesse premiare un azzurro. Il mio \u00e8 un invito ufficiale a Panatta\u00bb.<\/p>\n<p class=\"disable\">\u00a0<\/p>\n<p class=\"disable\">\u00a0<\/p>\n<p class=\"disable\">Avviata da un doveroso e commovente ricordo di Nicola Pietrangeli (\u00absenza di lui siamo tutti pi\u00f9 deboli \u2013 ha detto il presidente della FITP \u2013 ma la nostra base \u00e8 forte, e questo grazie anche a Nicola\u00bb), la conferenza stampa di presentazione dell\u201983edizione del torneo romano \u2013 vi hanno preso parte anche il ministro dello Sport e dei Giovani Andrea Abodi, il sindaco di Roma Roberto Gualtieri, il presidente di Sport e Salute Marco Mezzaroma e l\u2019amministratore delegato di Bnl, da 20 anni sponsor principale della manifestazione, Elena Goitini \u2013<\/p>\n<p><a href=\"https:\/\/www.dagospia.com\/media-gallery\/dago-fotogallery-508453\/2200145\" class=\"float-left img-wrapper\"><img decoding=\"async\" id=\"2200145\" loading=\"lazy\" src=\"https:\/\/static.dagospia.com\/img\/foto\/11-2025\/angelo-binaghi-foto-mezzelani-gmt-1183-2200145_800_q50.webp\"><span class=\"img-title\">angelo binaghi foto mezzelani gmt 1183<\/span><\/a><\/p>\n<p class=\"disable\">\u00a0<\/p>\n<p class=\"disable\">\u00e8 diventata presto, come tradizione vuole, un florilegio di numeri, tutti in crescita, a dimostrazione del grande lavoro della Federazione, dal successo crescente di SuperTennis al numero dei tesserati (1.254.277) sempre pi\u00f9 vicino a quello del calcio, dai sei milioni abbondanti di praticanti ai 243.459.085 di fatturato, definito da Binaghi \u00abil pi\u00f9 alto mai fatto registrare da uno sport italiano\u00bb.<\/p>\n<p class=\"disable\">\u00a0<\/p>\n<p class=\"disable\">A Roma si giocher\u00e0 (prequalificazioni comprese, dal 28 aprile al 17 maggio) in un impianto, o \u201csite\u201d, come \u00e8 stato ahim\u00e8 ripetuto pi\u00f9 volte, rinnovato e, se possibile, migliorato, con la costruzione di una nuova SuperTennis Arena vicina al Centrale e della Grand Stand Arena (che cambier\u00e0 presto nome in BNP Paribas Arena) con una capienza di settemila spettatori, piazzata all\u2019interno dello Stadio dei Marmi.<\/p>\n<p><a href=\"https:\/\/www.dagospia.com\/media-gallery\/dago-fotogallery-508453\/2207271\" class=\"float-right img-wrapper\"><img decoding=\"async\" id=\"2207271\" loading=\"lazy\" src=\"https:\/\/static.dagospia.com\/img\/foto\/12-2025\/angelo-binaghi-foto-mezzelani-gmt-107-2207271_800_q50.webp\"><span class=\"img-title\">angelo binaghi foto mezzelani gmt 107<\/span><\/a><\/p>\n<p class=\"disable\">\u00a0<\/p>\n<p class=\"disable\">In tutto saranno 19 i campi del Foro Italico (pi\u00f9 due sul Lungotevere), 10 dei quali per il torneo, gli altri dedicati agli allenamenti, per una capienza totale di 60.000 spettatori giornalieri. E a proposito di campo Centrale, \u00e8 stato confermato che subito dopo la conclusione del torneo cominceranno i lavori per la copertura, che saranno sospesi per l\u2019edizione del 2027 e che dovrebbero concludersi entro il prossimo anno. Tante comunque le novit\u00e0 annunciate oggi al Foro Italico (i virgolettati sono di Binaghi).<\/p>\n<p class=\"disable\">\u00a0<\/p>\n<p class=\"disable\">\u00a0<\/p>\n<p class=\"disable\">UN TORNEO SU ERBA \u2013 \u00abAbbiamo acquistato i diritti del torneo ATP di Bruxelles dal 2028. Si giocher\u00e0 sull\u2019erba nella seconda settimana di giugno, in una citt\u00e0 del Nord (Milano?, ndc)\u00bb.<\/p>\n<p class=\"disable\">\u00a0<\/p>\n<p class=\"disable\">AL QUIRINALE \u2013 \u00abIl 4 maggio le squadre azzurre che hanno vinto le edizioni 2025 della Coppa Davis e della King Cup saranno ricevute al Quirinale dal presidente della Repubblica Mattarella. Non ci saranno Sinner e Musetti, perch\u00e9 non hanno preso parte alla competizione nell\u2019ultimo anno\u00bb<\/p>\n<p><a href=\"https:\/\/www.dagospia.com\/media-gallery\/dago-fotogallery-508453\/2200447\" class=\"float-left img-wrapper\"><img decoding=\"async\" id=\"2200447\" loading=\"lazy\" src=\"https:\/\/static.dagospia.com\/img\/foto\/11-2025\/andrea-abodi-ed-angelo-binaghi-foto-mezzelani-gmt-93-2200447_800_q50.webp\"><span class=\"img-title\">andrea abodi ed angelo binaghi foto mezzelani gmt 93<\/span><\/a><\/p>\n<p class=\"disable\">\u00a0<\/p>\n<p class=\"disable\">QUINTO SLAM ITALIANO \u2013 \u00abCome dirigente vivo per questo obiettivo e vorrei affrontare il prima possibile lo studio di fattibilit\u00e0 per una impresa di questo genere. Le tenter\u00f2 tutte\u00bb.<\/p>\n<p class=\"disable\">\u00a0<\/p>\n<p class=\"disable\">NEGLI ORATORI \u2013 \u00abDopo avere invaso le scuole italiane con il nostro progetto \u201cRacchette in classe\u201d abbiamo siglato una partnership con il Centro Sportivo Italiano e da settembre invaderemo tutti gli oratori d\u2019Italia, continuando a insegnare gratuitamente il tennis, il padel e il pickleball\u00bb.<\/p>\n<p class=\"disable\">\u00a0<\/p>\n<p class=\"disable\">NEI GIORNALI \u2013 \u00abLa nostra controllata Sportcast ha deliberato di entrare nel capitale della societ\u00e0 SAE attualmente proprietaria di 5<\/p>\n<p class=\"disable\">o 6 giornali locali, e che sta acquisendo il controllo della Stampa. Lo facciamo limitatamente al periodo temporale nel quale staremo nel nord italia con le ATP Finals, per senso di responsabilit\u00e0 nei confronti di un territorio che ci ha adottato e per sostenere un pezzo di storia di una citt\u00e0 importante come Torino\u00bb.<\/p>\n<p class=\"disable\">\u00a0<\/p>\n<p><a href=\"https:\/\/www.dagospia.com\/media-gallery\/dago-fotogallery-508453\/2200144\" class=\"float-right img-wrapper\"><img decoding=\"async\" id=\"2200144\" loading=\"lazy\" src=\"https:\/\/static.dagospia.com\/img\/foto\/11-2025\/angelo-binaghi-foto-mezzelani-gmt-1212-2200144_800_q50.webp\"><span class=\"img-title\">angelo binaghi foto mezzelani gmt 1212<\/span><\/a><\/p>\n<p class=\"disable\">WILD CARD \u2013 In un campo di partecipanti sontuoso, con tutti i pi\u00f9 forti iscritti, le wild card sono state assegnate tra gli uomini a Bellucci, Matteo Berrettini (che ne avr\u00e0 anche una per il doppio con Cobolli), Arnaldi, Nardi e Cin\u00e0; se Bellucci, al momento primo tra gli esclusi, entrer\u00e0 direttamente in tabellone, a sostituirlo sar\u00e0 Maestrelli. Tra le donne, wild card a Stefanini, Brancaccio, Bronzetti, Pigato, Grant, Trevisan, Ruggeri pi\u00f9 una scelta da Tennis Canada. Per il tabellone maschile delle qualificazioni, wild card a Zeppieri, Vasam\u00ec e Cadenasso, pi\u00f9 due giocatori dalle pre-qualificazioni. Per il femminile sono state scelte Pedone e De Stefano, oltre alle quattro semifinaliste delle pre-qualificazioni. Ricordiamo che sono gi\u00e0 in tabellone Sinner, Musetti, Cobolli, Darderi e Sonego tra gli uomini, Paolini e Cocciaretto in campo femminile.<\/p>\n<p><a href=\"https:\/\/www.dagospia.com\/media-gallery\/dago-fotogallery-508453\/2200149\" class=\"float-right img-wrapper\"><img decoding=\"async\" id=\"2200149\" loading=\"lazy\" src=\"https:\/\/static.dagospia.com\/img\/foto\/11-2025\/angelo-binaghi-foto-mezzelani-gmt-1187-2200149_800_q50.webp\"><span class=\"img-title\">angelo binaghi foto mezzelani gmt 1187<\/span><\/a><a href=\"https:\/\/www.dagospia.com\/media-gallery\/dago-fotogallery-508453\/2200143\" class=\"float-right img-wrapper\"><img decoding=\"async\" id=\"2200143\" loading=\"lazy\" src=\"https:\/\/static.dagospia.com\/img\/foto\/11-2025\/angelo-binaghi-foto-mezzelani-gmt-1210-2200143_800_q50.webp\"><span class=\"img-title\">angelo binaghi foto mezzelani gmt 1210<\/span><\/a><a href=\"https:\/\/www.dagospia.com\/media-gallery\/dago-fotogallery-508453\/2200142\" class=\"float-right img-wrapper\"><img decoding=\"async\" id=\"2200142\" loading=\"lazy\" src=\"https:\/\/static.dagospia.com\/img\/foto\/11-2025\/angelo-binaghi-foto-mezzelani-gmt-1214-2200142_800_q50.webp\"><span class=\"img-title\">angelo binaghi foto mezzelani gmt 1214<\/span><\/a><a href=\"https:\/\/www.dagospia.com\/media-gallery\/dago-fotogallery-508453\/2200141\" class=\"float-right img-wrapper\"><img decoding=\"async\" id=\"2200141\" loading=\"lazy\" src=\"https:\/\/static.dagospia.com\/img\/foto\/11-2025\/angelo-binaghi-foto-mezzelani-gmt-1203-2200141_800_q50.webp\"><span class=\"img-title\">angelo binaghi foto mezzelani gmt 1203<\/span><\/a><a href=\"https:\/\/www.dagospia.com\/media-gallery\/dago-fotogallery-508453\/2155624\" class=\"float-right img-wrapper\"><img decoding=\"async\" id=\"2155624\" loading=\"lazy\" src=\"https:\/\/static.dagospia.com\/img\/foto\/07-2025\/angelo-binaghi-2155624_800_q50.webp\"><span class=\"img-title\">ANGELO BINAGHI <\/span><\/a><a href=\"https:\/\/www.dagospia.com\/media-gallery\/dago-fotogallery-508453\/2200147\" class=\"float-right img-wrapper\"><img decoding=\"async\" id=\"2200147\" loading=\"lazy\" src=\"https:\/\/static.dagospia.com\/img\/foto\/11-2025\/angelo-binaghi-foto-mezzelani-gmt-1219-2200147_800_q50.webp\"><span class=\"img-title\">angelo binaghi foto mezzelani gmt 1219<\/span><\/a><\/p>\n<p class=\"disable\">\u00a0<\/p>\n<\/div>\n<article><a href=\"https:\/\/www.dagospia.com\/politica\/brera-volta-pinacoteca-milanese-e-diventata-discount-471997\"><\/p>\n<div class=\"img-wrapper\"><img decoding=\"async\" src=\"https:\/\/static.dagospia.com\/img\/patch\/04-2026\/giancarla-rondinelli-brera-2256327_600_q50.webp\" alt=\"giancarla rondinelli brera \" loading=\"lazy\"><time class=\"data-ora\">24 apr 16:00<\/time><\/div>\n<div class=\"excerpt\">\n<p>BRERA UNA VOLTA &#8211; <span>LA PINACOTECA MILANESE\u00a0\u00c8 DIVENTATA UN DISCOUNT DELL\u2019INTRATTENIMENTO: LA BIBLIOTECA BRAIDENSE OSPITER\u00c0\u00a0IL 4 MAGGIO LA PRESENTAZIONE DI UN LIBRO SU GARLASCO, \u201cL\u2019IMPRONTA\u201d, DI GIANCARLA RONDINELLI<\/span> (GIORNALISTA DEL TG1 ED EX MOGLIE DI GIUSEPPE MALARA, VICEDIRETTORE DELL\u2019APPROFONDIMENTO RAI). PER L\u2019OCCASIONE, SI PRESENTER\u00c0 NIENTEPOPODIMENO CHE IL PRESIDENTE DEL SENATO, IGNAZIO LA RUSSA \u2013 <span>UN VOLUMETTO TRUE CRIME PRESENTATO IN UNA DELLE ISTITUZIONI CULTURALI PI\u00d9\u00a0IMPORTANTI DEL PAESE<\/span>, A POCHI PASSI DALLA CENA IN EMMAUS DI CARAVAGGIO, DAL BACIO DI HAEYZ E IL CRISTO MORTO DI MANTEGNA? DOPO LE CREMINE DELL\u2019ESTETISTA CINICA E LA SESSIONE DI FITNESS DI IRENE FORTE, SEMBRA QUASI UN PASSO AVANTI (ALMENO \u00c8\u00a0UN LIBRO)<\/p>\n<\/div>\n<p><\/a><\/article>\n<article><a href=\"https:\/\/www.dagospia.com\/business\/salutame-calta-cda-mps-rifila-vaffa-all-83enne-costruttore-cesare-471949\"><\/p>\n<div class=\"img-wrapper\"><img decoding=\"async\" src=\"https:\/\/static.dagospia.com\/img\/patch\/04-2026\/monte-dei-paschi-di-siena-mps-francesco-gaetano-caltagirone-luigi-lovaglio-cesar-2256179_600_q50.webp\" alt=\"monte dei paschi di siena mps francesco gaetano caltagirone luigi lovaglio cesare bisoni gaetano caputi vittorio grilli \" loading=\"lazy\"><time class=\"data-ora\">23 apr 20:06<\/time><\/div>\n<div class=\"excerpt\">\n<p>SALUTAME A \u201cCALTA\u201d \u2013 <span>IL CDA DI MPS RIFILA UN ALTRO \u201cVAFFA\u201d ALL\u201983ENNE COSTRUTTORE: CESARE BISONI \u00c8 STATO NOMINATO COME PRESIDENTE DEL \u201cMONTE\u201d CON I SOLI VOTI DELLA LISTA DI \u201cPLT\u201d<\/span> \u2013 SI VOCIFERA CHE \u201cCALTA-RICCONE\u201d ABBIA LA DENTIERA AVVELENATA, IN PARTICOLARE, CON DUE PERSONE: IL PRESIDENTE DI MEDIOBANCA, VITTORIO GRILLI (CHE DOPO LA FUSIONE PRENDER\u00c0\u00a0IL POSTO DI BISONI) E IL CAPO DI GABINETTO DI PALAZZO CHIGI, GAETANO CAPUTI. NON \u00c8\u00a0SFUGGITO ALL\u2019OTTUAGENARIO EDITORE DEL \u201cMESSAGGERO\u201d CHE ENASARCO, LA CASSA PREVIDENZIALE DEGLI AGENTI DI COMMERCIO IN OTTIMI RAPPORTI CON CAPUTI, ABBIA VOTATO A FAVORE DI LOVAGLIO COME AD\u2026<\/p>\n<\/div>\n<p><\/a><\/article>\n<article><a href=\"https:\/\/www.dagospia.com\/politica\/ignazio-russa-legge-dagospia-non-si-trova-per-nulla-d-accordo-ci-manda-471827\"><\/p>\n<div class=\"img-wrapper\"><img decoding=\"async\" src=\"https:\/\/static.dagospia.com\/img\/patch\/12-2025\/meloni-la-russa-2209089_600_q50.webp\" alt=\"meloni la russa\" loading=\"lazy\"><time class=\"data-ora\">22 apr 20:49<\/time><\/div>\n<div class=\"excerpt\">\n<p><span>IL CO-FONDATORE DI FRATELLI D\u2019ITALIA E SECONDA CARICA DELLO STATO, IL POCO PALUDATO PRESIDENTE DEL SENATO IGNAZIO LA RUSSA, LEGGE DAGOSPIA<\/span>\u00a0E NON SI TROVA PER NULLA D\u2019ACCORDO SU QUANTO SCRIVIAMO SUL SUO RAPPORTO NON IDILLIACO (EUFEMISMO) CON GIORGIA MELONI (DALLE DIMISSIONI DELLA PITONESSA SANTANCHE\u2019 AL CANDIDATO ALLE PROSSIME COMUNALI DI MILANO, CASINI IN SICILIA COMPRESI) E CI SCRIVE UNA ZUCCHEROSA, A RISCHIO DIABETE, LETTERINA:\u00a0<span>\u2018\u2019CARO D&#8217;AGOSTINO, POSSIBILE CHE QUANDO (SPESSO) TI OCCUPI DI ME NON NE AZZECCHI UNA?<\/span>\u00a0FANTASCIENZA ALLO STATO PURO UN ANCORCH\u00c9 MINIMO DISSENSO CON GIORGIA MELONI CHE PER ME \u00c8 E RESTER\u00c0 SEMPRE, UNA SORELLA MINORE SUL PIANO AFFETTIVO E UNA LEADER INIMITABILE SUL PIANO POLITICO &#8211;\u00a0<span>SE VUOI SONO SEMPRE PRONTO A DARTI NOTIZIE CHE RIGUARDANO ME, CORRETTE E DI PRIMA MANO. MA FORSE NON TI INTERESSANO\u201d<\/span> (CIAO CORE&#8230;)<\/p>\n<\/div>\n<p><\/a><\/article>\n<article><a href=\"https:\/\/www.dagospia.com\/politica\/dagoreport-nemico-piu-ostico-per-giorgia-meloni-e-ignazio-russa-471807\"><\/p>\n<div class=\"img-wrapper\"><img decoding=\"async\" src=\"https:\/\/static.dagospia.com\/img\/patch\/04-2026\/meloni-la-russa-manlio-messina-cannella-dell-utri-2255763_600_q50.webp\" alt=\"meloni la russa manlio messina cannella dell'utri\" loading=\"lazy\"><time class=\"data-ora\">22 apr 20:01<\/time><\/div>\n<div class=\"excerpt\">\n<p>DAGOREPORT &#8211; <span>IL PROBLEMA PI\u00d9 OSTICO PER LA MELONA AZZOPPATA NON \u00c8 CONTE N\u00c9 SCHLEIN: SI CHIAMA FRATELLI D&#8217;ITALIA, A PARTIRE DA LA RUSSA<\/span>\u00a0\u2013 IL PRESIDENTE DEL SENATO BRIGA, METTE BOCCA, PRETENDE LA SCELTA DEL SINDACO DI MILANO: <span>LA PROVA SI \u00c8 AVUTA OGGI CON LA NOMINA DEI SICILIANI GIAMPIERO CANNELLA E MASSIMO DELL\u2019UTRI A SOTTOSEGRETARI &#8211;<\/span>\u00a0\u2018GNAZIO VOLEVA UNA \u201cCOMPENSAZIONE\u201d PER IL TRASLOCO DEL &#8220;SUO&#8221; GIANMARCO MAZZI AL TURISMO, PER NON LASCIARE AL SOLO EMANUELE MERLINO (UOMO DI FAZZOLARI) IL COMPITO DI &#8221;BADANTE&#8221; DEL MINISTRO GIULI-VO \u2013\u00a0<span>IL CAOS IN SICILIA, TRA INCHIESTE SULLA GIUNTA, I SEGRETI \u201cSCOTTANTI\u201d MINACCIATI E MAI RIVELATI DA MANLIO MESSINA<\/span> E LA DEBOLEZZA DEL TAJANEO SCHIFANI CHE SENTE IL FIATO SUL COLLO DI GIORGIO MULE&#8217; (CARO AI BERLUSCONI),\u00a0CHE PUNTA A PRENDERE IL SUO POSTO E CHIEDE DI COMMISSARIARE FORZA ITALIA IN SICILIA, DOPO IL PESSIMO RISULTATO AL REFERENDUM&#8230;<\/p>\n<\/div>\n<p><\/a><\/article>\n<article><a href=\"https:\/\/www.dagospia.com\/politica\/dagoreport-forza-italia-ribolle-marina-berlusconi-martusciello-mosse-471646\"><\/p>\n<div class=\"img-wrapper\"><img decoding=\"async\" src=\"https:\/\/static.dagospia.com\/img\/patch\/04-2026\/marina-berlusconi-antonio-tajani-fulvio-martusciello-2255164_600_q50.webp\" alt=\"marina berlusconi antonio tajani fulvio martusciello\" loading=\"lazy\"><time class=\"data-ora\">21 apr 20:02<\/time><\/div>\n<div class=\"excerpt\">\n<p><span>DAGOREPORT &#8211;<\/span> LA PRESA DI TAJANI SU FORZA ITALIA SI \u00c8 RIDOTTA DOPO IL SILURAMENTO DEI SUOI &#8220;DIOSCURI&#8221;, BARELLI E GASPARRI.<span> IL PARTITO ORA \u00c8 IN EBOLLIZIONE:\u00a0<\/span><span>VOGLIONO RIMUOVERE FULVIO MARTUSCIELLO<\/span> DA CAPOGRUPPO DI FORZA ITALIA A BRUXELLES. AL SUO POSTO, SI FANNO AVANTI LETIZIA MORATTI E MASSIMILIANO SALINI &#8211; <span>E IL &#8220;MAGGIORDOMO CIOCIARO&#8221; DI CASA MELONI, CHE FA? RESTA IN TRINCEA BLOCCANDO LA NOMINA DI FEDERICO FRENI ALLA CONSOB <\/span>PER FORZARE IL GOVERNO A TROVARE UNA SISTEMAZIONE AL SUO CONSUOCERO BARELLI E ALLA SUA FEDELISSIMA CHIARA TENERINI, LANCIATA CONTRO LA DEBORA BERGAMINI DI MARINA\u2026<\/p>\n<\/div>\n<p><\/a><\/article>\n<article><a href=\"https:\/\/www.dagospia.com\/politica\/figura-terna-per-giorgia-nell-aprile-2023-meloni-si-vantava-nomina-471652\"><\/p>\n<div class=\"img-wrapper\"><img decoding=\"async\" src=\"https:\/\/static.dagospia.com\/img\/patch\/04-2026\/giuseppina-di-foggia-giorgia-meloni-arianna-claudio-descalzi-terna-eni-2255189_600_q50.webp\" alt=\"giuseppina di foggia giorgia meloni arianna claudio descalzi terna eni\" loading=\"lazy\"><time class=\"data-ora\">21 apr 13:20<\/time><\/div>\n<div class=\"excerpt\">\n<p><span>CHE FIGURA DI TERNA PER GIORGIA!<\/span>\u00a0\u2013 NELL\u2019APRILE 2023 MELONI SI VANTAVA DELLA NOMINA DI GIUSEPPINA DI FOGGIA ALLA GUIDA DI TERNA:\u00a0<span>\u201c\u00c8 LA PRIMA DONNA AD DI UNA GRANADE PARTECIPATA PUBBLICA\u201d\u00a0<\/span>\u2013 CHISSA COME SI SAR\u00c0 PENTITA DI QUELLA SCELTA, SPONSORIZZATA DALLA SORELLA ARIANNA, ORA CHE\u00a0<span>LA MANAGER\u00a0HA DECISO DI INCASSARE FINO ALL\u2019ULTIMO EURO DELLA SUA BUONUSCITA DA 7,3 MILIONI, <\/span>ALLA FACCIA DELLA CRISI ENERGETICA,\u00a0ED \u00c8 PRONTA A RINUNCIARE ALLA PRESIDENZA DI ENI CHE LE \u00c8 STATA OFFERTA COME \u201cPARACADUTE\u201d, PUR DI TENERE IL PUNTO \u2013 DI FOGGIA PRETENDEVA DI ESSERE CONFERMATA IN TERNA O DI AVERE COMUNQUE UN RUOLO OPERATIVO IN UN ALTRO COLOSSO STATALE:\u00a0SA BENE CHE <span>LA POLTRONA DA PRESIDENTE DEL CANE A SEI ZAMPE \u00c8 DI RAPPRESENTANZA, DAL MOMENTO CHE IN CASA ENI TUTTO PASSA PER L\u2019AD CLAUDIO DESCALZI\u00a0<\/span>\u2013\u00a0IL VERBALE DI TERNA CHE INGUAIA PALAZZO CHIGI<\/p>\n<\/div>\n<p><\/a><\/article>\n<article><a href=\"https:\/\/www.dagospia.com\/politica\/pasqua-merda-per-matteo-piantedosi-dopo-claudia-conte-rivelato-urbi-et-469960\"><\/p>\n<div class=\"img-wrapper\"><img decoding=\"async\" src=\"https:\/\/static.dagospia.com\/img\/patch\/04-2026\/matteo-piantedosi-come-gennaro-sangiuliano-meme-claudia-conte-2249972_600_q50.webp\" alt=\"matteo piantedosi come gennaro sangiuliano meme claudia conte \" loading=\"lazy\"><\/div>\n<div class=\"excerpt\">CHE PASQUA DI MERDA PER MATTEO PIANTEDOSI! &#8211; DOPO CHE CLAUDIA CONTE HA RIVELATO URBI ET ORBI DI\u2026<\/div>\n<p><\/a><\/article>\n<article><a href=\"https:\/\/www.dagospia.com\/cronache\/michael-jackson-mi-abbasso-i-pantaloncini-mentre-giocavo-game-boy-470026\"><\/p>\n<div class=\"img-wrapper\"><img decoding=\"async\" src=\"https:\/\/static.dagospia.com\/img\/patch\/04-2026\/michael-jackson-aldo-cascio-2250437_600_q50.webp\" alt=\"michael jackson aldo cascio \" loading=\"lazy\"><\/div>\n<div class=\"excerpt\">\u201cMICHAEL JACKSON MI ABBASS\u00d2 I PANTALONCINI MENTRE GIOCAVO AL GAME BOY\u201d \u2013 LE TESTIMONIANZE DEI\u2026<\/div>\n<p><\/a><\/article>\n<article><a href=\"https:\/\/www.dagospia.com\/media-tv\/pillole-gossip-saffo-power-gaia-levante-nuredini-471524\"><\/p>\n<div class=\"img-wrapper\"><img decoding=\"async\" src=\"https:\/\/static.dagospia.com\/img\/patch\/04-2026\/pillole-avanti-gossip-2254824_600_q50.webp\" alt=\"pillole avanti gossip\" loading=\"lazy\"><\/div>\n<div class=\"excerpt\">PILLOLE DI GOSSIP! SAFFO POWER: GAIA IN CONCERTO A MILANO BACIA (DI NUOVO) IN BOCCA LEVANTE DOPO\u2026<\/div>\n<p><\/a><\/article>\n<article><a href=\"https:\/\/www.dagospia.com\/media-tv\/pillole-gossip-giulia-stabile-geolier-chiara-frattesi-escort-472018\"><\/p>\n<div class=\"img-wrapper\"><img decoding=\"async\" src=\"https:\/\/static.dagospia.com\/img\/patch\/04-2026\/pillole-avanti-gossip-2256413_600_q50.webp\" alt=\"pillole avanti gossip\" loading=\"lazy\"><\/div>\n<div class=\"excerpt\">PILLOLE DI GOSSIP! GIULIA STABILE: \u201cHO FREQUENTATO UN CANTANTE PI\u00d9 GRANDE DI ME POI HO SCOPERTO CHE\u2026<\/div>\n<p><\/a><\/article>\n<article><a href=\"https:\/\/www.dagospia.com\/media-tv\/riconoscete-58enne-non-chiuso-boutique-l-amore-per-trovarlo-so-472054\"><\/p>\n<div class=\"img-wrapper\"><img decoding=\"async\" src=\"https:\/\/static.dagospia.com\/img\/patch\/04-2026\/paola-barale-2256564_600_q50.webp\" alt=\"paola barale\" loading=\"lazy\"><\/div>\n<div class=\"excerpt\">LA RICONOSCETE? LA 58ENNE NON HA CHIUSO LA BOUTIQUE. L\u2019AMORE? ORA PER TROVARLO SO CHE DEVO\u2026<\/div>\n<p><\/a><\/article>\n<article><a href=\"https:\/\/www.dagospia.com\/politica\/brera-volta-pinacoteca-milanese-e-diventata-discount-471997\"><\/p>\n<div class=\"img-wrapper\"><img decoding=\"async\" src=\"https:\/\/static.dagospia.com\/img\/patch\/04-2026\/giancarla-rondinelli-brera-2256327_600_q50.webp\" alt=\"giancarla rondinelli brera \" loading=\"lazy\"><\/div>\n<div class=\"excerpt\">BRERA UNA VOLTA &#8211; LA PINACOTECA MILANESE\u00a0\u00c8 DIVENTATA UN DISCOUNT DELL\u2019INTRATTENIMENTO: LA\u2026<\/div>\n<p><\/a><\/article>\n<article><a href=\"https:\/\/www.dagospia.com\/business\/salutame-calta-cda-mps-rifila-vaffa-all-83enne-costruttore-cesare-471949\"><\/p>\n<div class=\"img-wrapper\"><img decoding=\"async\" src=\"https:\/\/static.dagospia.com\/img\/patch\/04-2026\/monte-dei-paschi-di-siena-mps-francesco-gaetano-caltagirone-luigi-lovaglio-cesar-2256179_600_q50.webp\" alt=\"monte dei paschi di siena mps francesco gaetano caltagirone luigi lovaglio cesare bisoni gaetano caputi vittorio grilli \" loading=\"lazy\"><\/div>\n<div class=\"excerpt\">SALUTAME A \u201cCALTA\u201d \u2013 IL CDA DI MPS RIFILA UN ALTRO \u201cVAFFA\u201d ALL\u201983ENNE COSTRUTTORE: CESARE BISONI \u00c8\u2026<\/div>\n<p><\/a><\/article>\n<article><a href=\"https:\/\/www.dagospia.com\/politica\/ignazio-russa-legge-dagospia-non-si-trova-per-nulla-d-accordo-ci-manda-471827\"><\/p>\n<div class=\"img-wrapper\"><img decoding=\"async\" src=\"https:\/\/static.dagospia.com\/img\/patch\/12-2025\/meloni-la-russa-2209089_600_q50.webp\" alt=\"meloni la russa\" loading=\"lazy\"><\/div>\n<div class=\"excerpt\">IL CO-FONDATORE DI FRATELLI D\u2019ITALIA E SECONDA CARICA DELLO STATO, IL POCO PALUDATO PRESIDENTE DEL\u2026<\/div>\n<p><\/a><\/article>\n<article><a href=\"https:\/\/www.dagospia.com\/politica\/dagoreport-nemico-piu-ostico-per-giorgia-meloni-e-ignazio-russa-471807\"><\/p>\n<div class=\"img-wrapper\"><img decoding=\"async\" src=\"https:\/\/static.dagospia.com\/img\/patch\/04-2026\/meloni-la-russa-manlio-messina-cannella-dell-utri-2255763_600_q50.webp\" alt=\"meloni la russa manlio messina cannella dell'utri\" loading=\"lazy\"><\/div>\n<div class=\"excerpt\">DAGOREPORT &#8211; IL PROBLEMA PI\u00d9 OSTICO PER LA MELONA AZZOPPATA NON \u00c8 CONTE N\u00c9 SCHLEIN: SI CHIAMA\u2026<\/div>\n<p><\/a><\/article>\n<article><a href=\"https:\/\/www.dagospia.com\/politica\/dagoreport-forza-italia-ribolle-marina-berlusconi-martusciello-mosse-471646\"><\/p>\n<div class=\"img-wrapper\"><img decoding=\"async\" src=\"https:\/\/static.dagospia.com\/img\/patch\/04-2026\/marina-berlusconi-antonio-tajani-fulvio-martusciello-2255164_600_q50.webp\" alt=\"marina berlusconi antonio tajani fulvio martusciello\" loading=\"lazy\"><\/div>\n<div class=\"excerpt\">DAGOREPORT &#8211; LA PRESA DI TAJANI SU FORZA ITALIA SI \u00c8 RIDOTTA DOPO IL SILURAMENTO DEI SUOI\u2026<\/div>\n<p><\/a><\/article>\n<article><a href=\"https:\/\/www.dagospia.com\/politica\/figura-terna-per-giorgia-nell-aprile-2023-meloni-si-vantava-nomina-471652\"><\/p>\n<div class=\"img-wrapper\"><img decoding=\"async\" src=\"https:\/\/static.dagospia.com\/img\/patch\/04-2026\/giuseppina-di-foggia-giorgia-meloni-arianna-claudio-descalzi-terna-eni-2255189_600_q50.webp\" alt=\"giuseppina di foggia giorgia meloni arianna claudio descalzi terna eni\" loading=\"lazy\"><\/div>\n<div class=\"excerpt\">CHE FIGURA DI TERNA PER GIORGIA!\u00a0\u2013 NELL\u2019APRILE 2023 MELONI SI VANTAVA DELLA NOMINA DI GIUSEPPINA DI\u2026<\/div>\n<p><\/a><\/article>\n<article><a href=\"https:\/\/www.dagospia.com\/business\/borsa-italiana-comandano-i-francesi-faccia-delle-regole-tutto-bene-per-471554\"><\/p>\n<div class=\"img-wrapper\"><img decoding=\"async\" src=\"https:\/\/static.dagospia.com\/img\/patch\/04-2026\/borsa-italiana-dario-scannapieco-fabrizio-testa-cdp-cassa-depositi-e-prestiti-2254922_600_q50.webp\" alt=\"borsa italiana dario scannapieco fabrizio testa cdp cassa depositi e prestiti\" loading=\"lazy\"><\/div>\n<div class=\"excerpt\">DAGOREPORT &#8211; PERCHE&#8217; ALLA BORSA ITALIANA COMANDANO I FRANCESI? \u2013 INFURIA LA BATTAGLIA SULLA\u2026<\/div>\n<p><\/a><\/article>\n<article><a href=\"https:\/\/www.dagospia.com\/politica\/sdeng-sovranismo-bancario-e-finito-nel-cestino-delle-cazzate-471333\"><\/p>\n<div class=\"img-wrapper\"><img decoding=\"async\" src=\"https:\/\/static.dagospia.com\/img\/patch\/08-2025\/procuratore-milano-viola-procura-milano-luigi-lovaglio-francesco-gaetano-caltagi-2168544_600_q50.webp\" alt=\"procuratore milano viola procura milano luigi lovaglio - francesco gaetano caltagirone - giancarlo giorgetti - milleri - alberto nagel - philippe donnet mediobanca mps giorgia meloni \" loading=\"lazy\"><\/div>\n<div class=\"excerpt\">DAGOREPORT &#8211;\u00a0SDENG! ANCHE IL \u2018\u2019SOVRANISMO BANCARIO\u2019\u2019 \u00c8 FINITO NEL CESTINO DELLE CAZZATE DELL\u2019ARMATA\u2026<\/div>\n<p><\/a><\/article>\n<article><a href=\"https:\/\/www.dagospia.com\/politica\/dagoreport-e-piu-facile-parlare-l-uomo-piu-potente-mondo-giorgia-471175\"><\/p>\n<div class=\"img-wrapper\"><img decoding=\"async\" src=\"https:\/\/static.dagospia.com\/img\/patch\/04-2026\/giorgia-meloni-trump-viviana-mazza-netanyahu-2253904_600_q50.webp\" alt=\"giorgia meloni trump viviana mazza netanyahu\" loading=\"lazy\"><\/div>\n<div class=\"excerpt\">DAGOREPORT \u2013 PERCH\u00c8 \u00c8\u00a0PI\u00d9 FACILE PARLARE CON L\u2019UOMO PI\u00d9\u00a0POTENTE (E DEMENTE) DEL MONDO CHE CON\u2026<\/div>\n<p><\/a><\/article>\n<article><a href=\"https:\/\/www.dagospia.com\/politica\/dagoreport-marina-berlusconi-non-e-soddisfatta-avrebbe-voluto-i-suoi-471181\"><\/p>\n<div class=\"img-wrapper\"><img decoding=\"async\" src=\"https:\/\/static.dagospia.com\/img\/patch\/04-2026\/marina-berlusconi-antonio-tajani-giorgia-meloni-pier-silvio-nicola-porro-paolo-d-2253735_600_q50.webp\" alt=\"marina berlusconi antonio tajani giorgia meloni pier silvio nicola porro paolo del debbio tommaso cerno \" loading=\"lazy\"><\/div>\n<div class=\"excerpt\">DAGOREPORT &#8211; MARINA BERLUSCONI NON \u00c8 MICA SODDISFATTA: AVREBBE VOLUTO I SUOI FEDELISSIMI BERGAMINI\u2026<\/div>\n<p><\/a><\/article>\n<article><a href=\"https:\/\/www.dagospia.com\/cafonal\/ne-andavo-quella-roma-nella-capitale-in-zona-talenti-intitolato-parco-remo-472030\"><\/p>\n<div class=\"img-wrapper\"><img decoding=\"async\" src=\"https:\/\/static.dagospia.com\/img\/patch\/04-2026\/inaugurazione-del-parco-remo-remotti-massimiliano-bruno-nicola-pistoia-michela-a-2256496_600_q50.webp\" alt=\"inaugurazione del parco remo remotti - massimiliano bruno nicola pistoia michela andreozzi luisa pistoia sabina guzzanti stefano fresi tommaso zanello piotta federica remotti - 5\" loading=\"lazy\"><\/div>\n<div class=\"excerpt\">VIDEO!&#8221;ME NE ANDAVO DA QUELLA ROMA\u2026!&#8221; NELLA CAPITALE, IN ZONA TALENTI, E\u2019 STATO INTITOLATO UN PARCO\u2026<\/div>\n<p><\/a><\/article>\n<article><a href=\"https:\/\/www.dagospia.com\/cafonal\/cafonal-all-opera-mi-porti-luca-guadagnino-maggio-fiorentino-the-death-471907\"><\/p>\n<div class=\"img-wrapper\"><img decoding=\"async\" src=\"https:\/\/static.dagospia.com\/img\/patch\/04-2026\/guadagnino-2256066_600_q50.webp\" alt=\"guadagnino\" loading=\"lazy\"><\/div>\n<div class=\"excerpt\">CAFONAL ALL\u2019OPERA &#8211; MI PORTI UN LUCA GUADAGNINO A FIRENZE \u2013 IL REGISTA PORTA IN SCENA AL MAGGIO\u2026<\/div>\n<p><\/a><\/article>\n<article><a href=\"https:\/\/www.dagospia.com\/cafonal\/cafonal-pallitto-chanel-totti-metri-trash-figlia-pupone-diventa-471192\"><\/p>\n<div class=\"img-wrapper\"><img decoding=\"async\" src=\"https:\/\/static.dagospia.com\/img\/patch\/04-2026\/2026pallitto-2253852_600_q50.webp\" alt loading=\"lazy\"><\/div>\n<div class=\"excerpt\">CAFONAL \u2013 PALLITTO-CHANEL TOTTI: TRE METRI SOPRA IL TRASH! LA FIGLIA DEL PUPONE DIVENTA LA\u2026<\/div>\n<p><\/a><\/article>\n<article><a href=\"https:\/\/www.dagospia.com\/cafonal\/cafonalino-cinema-caravaggio-roma-l-anteprima-film-a-year-in-london-471080\"><\/p>\n<div class=\"img-wrapper\"><img decoding=\"async\" src=\"https:\/\/static.dagospia.com\/img\/patch\/04-2026\/2026fendi-2253486_600_q50.webp\" alt=\"2026fendi\" loading=\"lazy\"><\/div>\n<div class=\"excerpt\">CAFONALINO! &#8211; AL CINEMA CARAVAGGIO DI ROMA ACCORRE UNA NUTRITA RAPPRESENTANZA DELLA FAMIGLIA FENDI\u2026<\/div>\n<p><\/a><\/article>\n<article><a href=\"https:\/\/www.dagospia.com\/cafonal\/cafonalino-maxxi-serena-bortone-presenta-suo-romanzo-quel-provolone-470822\"><\/p>\n<div class=\"img-wrapper\"><img decoding=\"async\" src=\"https:\/\/static.dagospia.com\/img\/patch\/04-2026\/2026bortone-serena-bortone-2252798_600_q50.webp\" alt=\"2026bortone serena bortone\" loading=\"lazy\"><\/div>\n<div class=\"excerpt\">CAFONALINO! \u2013\u00a0AL MAXXI DI ROMA SERENA BORTONE PRESENTA IL SUO ROMANZO \u201cLE DIRIMPETTAIE\u201d, AFFIANCATA\u2026<\/div>\n<p><\/a><\/article>\n<article><a href=\"https:\/\/www.dagospia.com\/cafonal\/cafonalino-c-era-palazzo-farnese-serata-gala-rassegna-cinematografica-470324\"><\/p>\n<div class=\"img-wrapper\"><img decoding=\"async\" src=\"https:\/\/static.dagospia.com\/img\/patch\/04-2026\/2026cinemafrancese-rassegna-cinema-francese-rendez-vous-2251329_600_q50.webp\" alt=\"2026cinemafrancese rassegna cinema francese rendez-vous \" loading=\"lazy\"><\/div>\n<div class=\"excerpt\">CAFONALINO! \u2013 A PALAZZO FARNESE LA SERATA DI GALA PER LA XVI EDIZIONE DELLA RASSEGNA DI CINEMA\u2026<\/div>\n<p><\/a><\/article>\n<p>[analyse_source url=&#8221;https:\/\/www.dagospia.com\/sport\/dite-panatta-controllare-posta-e-arrivato-l-invito-agli-internazionali-472025&#8243;]<\/p>\n","protected":false},"excerpt":{"rendered":"<p>[analyse_image type=&#8221;featured&#8221; src=&#8221;https:\/\/static.dagospia.com\/img\/patch\/04-2026\/adriano-panatta-binaghi-2255194_600_q50.webp&#8221;] 24 apr 2026 15:02 DITE A PANATTA DI CONTROLLARE LA POSTA: E\u2019 ARRIVATO L\u2019INVITO AGLI INTERNAZIONALI D\u2019ITALIA! IL MITOLOGICO ADRIANO PANATTA, A 50 ANNI DALLA VITTORIA AL FORO ITALICO, AVEVA LANCIATO UNA STOCCATA AD ANGELO BINAGHI, PRESIDENTE DELLA FEDERTENNIS: &#8220;AGLI INTERNAZIONALI DI ROMA TORNEREI MA NON SONO STATO INVITATO&#8230;PER\u00d2 MI \u00c8 ARRIVATO [&hellip;]<\/p>\n","protected":false},"author":1,"featured_media":0,"comment_status":"open","ping_status":"","sticky":false,"template":"","format":"standard","meta":{"footnotes":""},"categories":[87],"tags":[226,149],"class_list":["post-1900667","post","type-post","status-publish","format-standard","hentry","category-italy","tag-crawlmanager","tag-dagospia-com"],"_links":{"self":[{"href":"https:\/\/analyse.optim.biz\/index.php?rest_route=\/wp\/v2\/posts\/1900667","targetHints":{"allow":["GET"]}}],"collection":[{"href":"https:\/\/analyse.optim.biz\/index.php?rest_route=\/wp\/v2\/posts"}],"about":[{"href":"https:\/\/analyse.optim.biz\/index.php?rest_route=\/wp\/v2\/types\/post"}],"author":[{"embeddable":true,"href":"https:\/\/analyse.optim.biz\/index.php?rest_route=\/wp\/v2\/users\/1"}],"replies":[{"embeddable":true,"href":"https:\/\/analyse.optim.biz\/index.php?rest_route=%2Fwp%2Fv2%2Fcomments&post=1900667"}],"version-history":[{"count":0,"href":"https:\/\/analyse.optim.biz\/index.php?rest_route=\/wp\/v2\/posts\/1900667\/revisions"}],"wp:attachment":[{"href":"https:\/\/analyse.optim.biz\/index.php?rest_route=%2Fwp%2Fv2%2Fmedia&parent=1900667"}],"wp:term":[{"taxonomy":"category","embeddable":true,"href":"https:\/\/analyse.optim.biz\/index.php?rest_route=%2Fwp%2Fv2%2Fcategories&post=1900667"},{"taxonomy":"post_tag","embeddable":true,"href":"https:\/\/analyse.optim.biz\/index.php?rest_route=%2Fwp%2Fv2%2Ftags&post=1900667"}],"curies":[{"name":"wp","href":"https:\/\/api.w.org\/{rel}","templated":true}]}}